{"id":5991,"date":"2025-07-21T15:06:02","date_gmt":"2025-07-21T13:06:02","guid":{"rendered":"https:\/\/www.hoteltucblancbaqueira.com\/nadal-a-baqueira-2025-nit-de-nadal-entre-neu\/"},"modified":"2025-07-22T11:00:57","modified_gmt":"2025-07-22T09:00:57","slug":"nadal-baqueira","status":"publish","type":"post","link":"https:\/\/www.hoteltucblancbaqueira.com\/ca\/nadal-baqueira\/","title":{"rendered":"Nadal a Baqueira [2025]: Nit de Nadal entre neu"},"content":{"rendered":"\n<p><span style=\"font-weight: 400;\">Baqueira \u00e9s un dels llocs m\u00e9s acollidors i m\u00e0gics per passar les festes de Nadal. Les seves muntanyes nevades i els paisatges de conte fan que la teva Nit de Nadal sigui realment inoblidable. Amb m\u00e9s de 114 pistes d\u2019esqu\u00ed i l\u2019encant de l\u2019arquitectura tradicional del Vall d\u2019Aran, Baqueira es transforma en un aut\u00e8ntic escenari nadalenc quan s\u2019encenen els llums de festa.  <\/span><\/p>\n\n<h2 class=\"wp-block-heading\"><b>Esdeveniments Baqueira Nadal <\/b><\/h2>\n\n<h3 class=\"wp-block-heading\"><b>Papa No\u00ebl a Baqueira<\/b><\/h3>\n\n<p><span style=\"font-weight: 400;\">Com cada any, el 24 de desembre Pare Noel arriba amb el seu trineu tirat per gossos a la cota 1.800. All\u00e0 rep nens i nenes assegut al seu tron, recollint cartes i escoltant desitjos. Un moment entranyable per a tota la fam\u00edlia, amb oportunitat de fer-se fotos amb Pare Noel en un entorn realment \u00fanic.    <\/span><\/p>\n\n<figure class=\"wp-block-image size-large is-resized\"><img fetchpriority=\"high\" decoding=\"async\" width=\"1024\" height=\"682\" src=\"https:\/\/www.hoteltucblancbaqueira.com\/wp-content\/uploads\/2023\/11\/papa-noel-baqueira-1024x682.webp\" alt=\"papa noel baqueira\" class=\"wp-image-4703\" style=\"width:370px;height:auto\" srcset=\"https:\/\/www.hoteltucblancbaqueira.com\/wp-content\/uploads\/2023\/11\/papa-noel-baqueira-1024x682.webp 1024w, https:\/\/www.hoteltucblancbaqueira.com\/wp-content\/uploads\/2023\/11\/papa-noel-baqueira-300x200.webp 300w, https:\/\/www.hoteltucblancbaqueira.com\/wp-content\/uploads\/2023\/11\/papa-noel-baqueira-768x512.webp 768w, https:\/\/www.hoteltucblancbaqueira.com\/wp-content\/uploads\/2023\/11\/papa-noel-baqueira-1536x1024.webp 1536w, https:\/\/www.hoteltucblancbaqueira.com\/wp-content\/uploads\/2023\/11\/papa-noel-baqueira-1920x1280.webp 1920w, https:\/\/www.hoteltucblancbaqueira.com\/wp-content\/uploads\/2023\/11\/papa-noel-baqueira-1440x960.webp 1440w, https:\/\/www.hoteltucblancbaqueira.com\/wp-content\/uploads\/2023\/11\/papa-noel-baqueira-1200x800.webp 1200w, https:\/\/www.hoteltucblancbaqueira.com\/wp-content\/uploads\/2023\/11\/papa-noel-baqueira-780x520.webp 780w, https:\/\/www.hoteltucblancbaqueira.com\/wp-content\/uploads\/2023\/11\/papa-noel-baqueira-600x400.webp 600w, https:\/\/www.hoteltucblancbaqueira.com\/wp-content\/uploads\/2023\/11\/papa-noel-baqueira-550x367.webp 550w, https:\/\/www.hoteltucblancbaqueira.com\/wp-content\/uploads\/2023\/11\/papa-noel-baqueira-370x247.webp 370w, https:\/\/www.hoteltucblancbaqueira.com\/wp-content\/uploads\/2023\/11\/papa-noel-baqueira-255x170.webp 255w, https:\/\/www.hoteltucblancbaqueira.com\/wp-content\/uploads\/2023\/11\/papa-noel-baqueira.webp 2000w\" sizes=\"(max-width: 1024px) 100vw, 1024px\" \/><\/figure>\n\n<h3 class=\"wp-block-heading\"><b>Sopar de Nadal Gourmet <\/b><\/h3>\n\n<p><span style=\"font-weight: 400;\">Baqueira disposa de restaurants amb cuina tradicional i de qualitat. A l\u2019Hotel Tuc Blanc, situat a peu de pistes a la cota 1.500, podr\u00e0s gaudir d\u2019un sopar especial amb tapes, pinxos, plats elaborats i opcions gourmet. Ideal per celebrar el Nadal amb la fam\u00edlia.  <\/span><\/p>\n\n<figure class=\"wp-block-image size-large is-resized\"><img decoding=\"async\" width=\"1024\" height=\"683\" src=\"https:\/\/www.hoteltucblancbaqueira.com\/wp-content\/uploads\/2023\/11\/menu-navidad-baqueira-1024x683.webp\" alt=\"menu nadal baqueira\" class=\"wp-image-4708\" style=\"width:369px;height:auto\" srcset=\"https:\/\/www.hoteltucblancbaqueira.com\/wp-content\/uploads\/2023\/11\/menu-navidad-baqueira-1024x683.webp 1024w, https:\/\/www.hoteltucblancbaqueira.com\/wp-content\/uploads\/2023\/11\/menu-navidad-baqueira-300x200.webp 300w, https:\/\/www.hoteltucblancbaqueira.com\/wp-content\/uploads\/2023\/11\/menu-navidad-baqueira-768x512.webp 768w, https:\/\/www.hoteltucblancbaqueira.com\/wp-content\/uploads\/2023\/11\/menu-navidad-baqueira-1200x800.webp 1200w, https:\/\/www.hoteltucblancbaqueira.com\/wp-content\/uploads\/2023\/11\/menu-navidad-baqueira-780x520.webp 780w, https:\/\/www.hoteltucblancbaqueira.com\/wp-content\/uploads\/2023\/11\/menu-navidad-baqueira-600x400.webp 600w, https:\/\/www.hoteltucblancbaqueira.com\/wp-content\/uploads\/2023\/11\/menu-navidad-baqueira-550x367.webp 550w, https:\/\/www.hoteltucblancbaqueira.com\/wp-content\/uploads\/2023\/11\/menu-navidad-baqueira-370x247.webp 370w, https:\/\/www.hoteltucblancbaqueira.com\/wp-content\/uploads\/2023\/11\/menu-navidad-baqueira-255x170.webp 255w, https:\/\/www.hoteltucblancbaqueira.com\/wp-content\/uploads\/2023\/11\/menu-navidad-baqueira.webp 1296w\" sizes=\"(max-width: 1024px) 100vw, 1024px\" \/><\/figure>\n\n<h3 class=\"wp-block-heading\"><b>Allotjament per Nadal a Baqueira<\/b><\/h3>\n\n<p><span style=\"font-weight: 400;\">L\u2019Hotel Tuc Blanc \u00e9s una de les millors opcions per allotjar-se durant el Nadal. Amb spa, piscina climatitzada, restaurant, terrassa amb vistes a les pistes i zona de massatges, ofereix tot el que necessites per unes festes d\u2019hivern inoblidables.. Consulta la disponibilitat d\u2019habitacions i del restaurant del nostre <a href=\"https:\/\/hoteltucblancbaqueira.com\/ca\/\">hotel a Baqueira<\/a>.  <\/span><\/p>\n\n<figure class=\"wp-block-image size-large is-resized\"><img decoding=\"async\" width=\"1024\" height=\"683\" src=\"https:\/\/www.hoteltucblancbaqueira.com\/wp-content\/uploads\/2023\/11\/alojamiento-navidad-baqueira-1024x683.webp\" alt=\"hotel tuc blanc\" class=\"wp-image-4712\" style=\"width:373px;height:auto\" srcset=\"https:\/\/www.hoteltucblancbaqueira.com\/wp-content\/uploads\/2023\/11\/alojamiento-navidad-baqueira-1024x683.webp 1024w, https:\/\/www.hoteltucblancbaqueira.com\/wp-content\/uploads\/2023\/11\/alojamiento-navidad-baqueira-300x200.webp 300w, https:\/\/www.hoteltucblancbaqueira.com\/wp-content\/uploads\/2023\/11\/alojamiento-navidad-baqueira-768x512.webp 768w, https:\/\/www.hoteltucblancbaqueira.com\/wp-content\/uploads\/2023\/11\/alojamiento-navidad-baqueira-780x520.webp 780w, https:\/\/www.hoteltucblancbaqueira.com\/wp-content\/uploads\/2023\/11\/alojamiento-navidad-baqueira-600x400.webp 600w, https:\/\/www.hoteltucblancbaqueira.com\/wp-content\/uploads\/2023\/11\/alojamiento-navidad-baqueira-550x367.webp 550w, https:\/\/www.hoteltucblancbaqueira.com\/wp-content\/uploads\/2023\/11\/alojamiento-navidad-baqueira-370x247.webp 370w, https:\/\/www.hoteltucblancbaqueira.com\/wp-content\/uploads\/2023\/11\/alojamiento-navidad-baqueira-255x170.webp 255w, https:\/\/www.hoteltucblancbaqueira.com\/wp-content\/uploads\/2023\/11\/alojamiento-navidad-baqueira.webp 1092w\" sizes=\"(max-width: 1024px) 100vw, 1024px\" \/><\/figure>\n","protected":false},"excerpt":{"rendered":"<p>Baqueira \u00e9s un dels llocs m\u00e9s acollidors i m\u00e0gics per passar les festes de Nadal. Les seves muntanyes nevades i els paisatges de conte fan que la teva Nit de Nadal sigui realment inoblidable. Amb m\u00e9s de 114 pistes d\u2019esqu\u00ed i l\u2019encant de l\u2019arquitectura tradicional del Vall d\u2019Aran, Baqueira es transforma en un aut\u00e8ntic escenari &#8230;<\/p>\n","protected":false},"author":3,"featured_media":4704,"comment_status":"closed","ping_status":"closed","sticky":false,"template":"","format":"standard","meta":{"loftocean_post_format_gallery":"","loftocean_post_format_gallery_ids":"","loftocean_post_format_gallery_urls":"","loftocean_post_format_video_id":0,"loftocean_post_format_video_url":"","loftocean_post_format_video_type":"","loftocean_post_format_video":"","loftocean_post_format_audio_type":"","loftocean_post_format_audio_url":"","loftocean_post_format_audio_id":0,"loftocean_post_format_audio":"","loftocean-like-count":0,"cozystay_single_post_hide_site_header":"","cozystay_single_post_site_header_source":"","cozystay_single_post_custom_site_header":"0","cozystay_single_post_custom_sticky_site_header":"0","cozystay_single_post_hide_page_title":"","cozystay_single_post_site_footer_hide_main":"","cozystay_single_custom_site_footer_main_source":"","cozystay_single_custom_site_footer_main":"0","cozystay_single_post_site_footer_hide_above":"","cozystay_single_custom_site_footer_above_source":"","cozystay_single_custom_site_footer_above":"0","cozystay_single_post_site_footer_hide_instagram":"","cozystay_single_post_site_footer_hide_bottom":"","cozystay_single_custom_mobile_menu_source":"","cozystay_single_custom_mobile_menu":"0","cozystay_single_custom_mobile_menu_animation":"","cozystay_single_custom_mobile_menu_width":"","cozystay_single_custom_mobile_menu_custom_width":375,"cozystay_single_post_template":"","footnotes":""},"categories":[131],"tags":[189,190,191],"class_list":["post-5991","post","type-post","status-publish","format-standard","has-post-thumbnail","hentry","category-hivern","tag-nadal-baqueira","tag-nitbona-baqueira","tag-papa-noel-baqueira-ca"],"yoast_head":"<!-- This site is optimized with the Yoast SEO plugin v27.4 - https:\/\/yoast.com\/product\/yoast-seo-wordpress\/ -->\n<title>Nadal a Baqueira [2025]: Nit de Nadal entre neu | Hotel Tuc Blanc Baqueira<\/title>\n<meta name=\"description\" content=\"Nadal a Baqueira: Les seves pistes d\u2019esqu\u00ed i els seus paisatges faran que la teva Nit de Nadal sigui inoblidable.\" \/>\n<meta name=\"robots\" content=\"index, follow, max-snippet:-1, max-image-preview:large, max-video-preview:-1\" \/>\n<link rel=\"canonical\" href=\"https:\/\/www.hoteltucblancbaqueira.com\/ca\/nadal-baqueira\/\" \/>\n<meta property=\"og:locale\" content=\"ca_ES\" \/>\n<meta property=\"og:type\" content=\"article\" \/>\n<meta property=\"og:title\" content=\"Nadal a Baqueira [2025]: Nit de Nadal entre neu | Hotel Tuc Blanc Baqueira\" \/>\n<meta property=\"og:description\" content=\"Nadal a Baqueira: Les seves pistes d\u2019esqu\u00ed i els seus paisatges faran que la teva Nit de Nadal sigui inoblidable.\" \/>\n<meta property=\"og:url\" content=\"https:\/\/www.hoteltucblancbaqueira.com\/ca\/nadal-baqueira\/\" \/>\n<meta property=\"og:site_name\" content=\"Hotel Tuc Blanc Baqueira\" \/>\n<meta property=\"article:published_time\" content=\"2025-07-21T13:06:02+00:00\" \/>\n<meta property=\"article:modified_time\" content=\"2025-07-22T09:00:57+00:00\" \/>\n<meta property=\"og:image\" content=\"https:\/\/www.hoteltucblancbaqueira.com\/wp-content\/uploads\/2023\/11\/papa-noel-baqueira.webp\" \/>\n\t<meta property=\"og:image:width\" content=\"2000\" \/>\n\t<meta property=\"og:image:height\" content=\"1333\" \/>\n\t<meta property=\"og:image:type\" content=\"image\/webp\" \/>\n<meta name=\"author\" content=\"alojapro_mkt\" \/>\n<meta name=\"twitter:card\" content=\"summary_large_image\" \/>\n<meta name=\"twitter:label1\" content=\"Escrit per\" \/>\n\t<meta name=\"twitter:data1\" content=\"alojapro_mkt\" \/>\n\t<meta name=\"twitter:label2\" content=\"Temps estimat de lectura\" \/>\n\t<meta name=\"twitter:data2\" content=\"2 minuts\" \/>\n<script type=\"application\/ld+json\" class=\"yoast-schema-graph\">{\"@context\":\"https:\\\/\\\/schema.org\",\"@graph\":[{\"@type\":\"Article\",\"@id\":\"https:\\\/\\\/www.hoteltucblancbaqueira.com\\\/ca\\\/nadal-baqueira\\\/#article\",\"isPartOf\":{\"@id\":\"https:\\\/\\\/www.hoteltucblancbaqueira.com\\\/ca\\\/nadal-baqueira\\\/\"},\"author\":{\"name\":\"alojapro_mkt\",\"@id\":\"https:\\\/\\\/www.hoteltucblancbaqueira.com\\\/ca\\\/#\\\/schema\\\/person\\\/18a0f8b4813ee9544e861e9777b27696\"},\"headline\":\"Nadal a Baqueira [2025]: Nit de Nadal entre neu\",\"datePublished\":\"2025-07-21T13:06:02+00:00\",\"dateModified\":\"2025-07-22T09:00:57+00:00\",\"mainEntityOfPage\":{\"@id\":\"https:\\\/\\\/www.hoteltucblancbaqueira.com\\\/ca\\\/nadal-baqueira\\\/\"},\"wordCount\":251,\"publisher\":{\"@id\":\"https:\\\/\\\/www.hoteltucblancbaqueira.com\\\/ca\\\/#organization\"},\"image\":{\"@id\":\"https:\\\/\\\/www.hoteltucblancbaqueira.com\\\/ca\\\/nadal-baqueira\\\/#primaryimage\"},\"thumbnailUrl\":\"https:\\\/\\\/www.hoteltucblancbaqueira.com\\\/wp-content\\\/uploads\\\/2023\\\/11\\\/papa-noel-baqueira.webp\",\"keywords\":[\"nadal baqueira\",\"nitbona baqueira\",\"papa noel baqueira\"],\"articleSection\":[\"Hivern\"],\"inLanguage\":\"ca\"},{\"@type\":\"WebPage\",\"@id\":\"https:\\\/\\\/www.hoteltucblancbaqueira.com\\\/ca\\\/nadal-baqueira\\\/\",\"url\":\"https:\\\/\\\/www.hoteltucblancbaqueira.com\\\/ca\\\/nadal-baqueira\\\/\",\"name\":\"Nadal a Baqueira [2025]: Nit de Nadal entre neu | Hotel Tuc Blanc Baqueira\",\"isPartOf\":{\"@id\":\"https:\\\/\\\/www.hoteltucblancbaqueira.com\\\/ca\\\/#website\"},\"primaryImageOfPage\":{\"@id\":\"https:\\\/\\\/www.hoteltucblancbaqueira.com\\\/ca\\\/nadal-baqueira\\\/#primaryimage\"},\"image\":{\"@id\":\"https:\\\/\\\/www.hoteltucblancbaqueira.com\\\/ca\\\/nadal-baqueira\\\/#primaryimage\"},\"thumbnailUrl\":\"https:\\\/\\\/www.hoteltucblancbaqueira.com\\\/wp-content\\\/uploads\\\/2023\\\/11\\\/papa-noel-baqueira.webp\",\"datePublished\":\"2025-07-21T13:06:02+00:00\",\"dateModified\":\"2025-07-22T09:00:57+00:00\",\"description\":\"Nadal a Baqueira: Les seves pistes d\u2019esqu\u00ed i els seus paisatges faran que la teva Nit de Nadal sigui inoblidable.\",\"breadcrumb\":{\"@id\":\"https:\\\/\\\/www.hoteltucblancbaqueira.com\\\/ca\\\/nadal-baqueira\\\/#breadcrumb\"},\"inLanguage\":\"ca\",\"potentialAction\":[{\"@type\":\"ReadAction\",\"target\":[\"https:\\\/\\\/www.hoteltucblancbaqueira.com\\\/ca\\\/nadal-baqueira\\\/\"]}]},{\"@type\":\"ImageObject\",\"inLanguage\":\"ca\",\"@id\":\"https:\\\/\\\/www.hoteltucblancbaqueira.com\\\/ca\\\/nadal-baqueira\\\/#primaryimage\",\"url\":\"https:\\\/\\\/www.hoteltucblancbaqueira.com\\\/wp-content\\\/uploads\\\/2023\\\/11\\\/papa-noel-baqueira.webp\",\"contentUrl\":\"https:\\\/\\\/www.hoteltucblancbaqueira.com\\\/wp-content\\\/uploads\\\/2023\\\/11\\\/papa-noel-baqueira.webp\",\"width\":2000,\"height\":1333,\"caption\":\"papa noel baqueira\"},{\"@type\":\"BreadcrumbList\",\"@id\":\"https:\\\/\\\/www.hoteltucblancbaqueira.com\\\/ca\\\/nadal-baqueira\\\/#breadcrumb\",\"itemListElement\":[{\"@type\":\"ListItem\",\"position\":1,\"name\":\"Portada\",\"item\":\"https:\\\/\\\/www.hoteltucblancbaqueira.com\\\/ca\\\/home\\\/\"},{\"@type\":\"ListItem\",\"position\":2,\"name\":\"Nadal a Baqueira [2025]: Nit de Nadal entre neu\"}]},{\"@type\":\"WebSite\",\"@id\":\"https:\\\/\\\/www.hoteltucblancbaqueira.com\\\/ca\\\/#website\",\"url\":\"https:\\\/\\\/www.hoteltucblancbaqueira.com\\\/ca\\\/\",\"name\":\"Hotel Tuc Blanc Baqueira\",\"description\":\"Hotel en Baqueira a pie de pistas\",\"publisher\":{\"@id\":\"https:\\\/\\\/www.hoteltucblancbaqueira.com\\\/ca\\\/#organization\"},\"potentialAction\":[{\"@type\":\"SearchAction\",\"target\":{\"@type\":\"EntryPoint\",\"urlTemplate\":\"https:\\\/\\\/www.hoteltucblancbaqueira.com\\\/ca\\\/?s={search_term_string}\"},\"query-input\":{\"@type\":\"PropertyValueSpecification\",\"valueRequired\":true,\"valueName\":\"search_term_string\"}}],\"inLanguage\":\"ca\"},{\"@type\":\"Organization\",\"@id\":\"https:\\\/\\\/www.hoteltucblancbaqueira.com\\\/ca\\\/#organization\",\"name\":\"Hotel Tuc Blanc Baqueira\",\"url\":\"https:\\\/\\\/www.hoteltucblancbaqueira.com\\\/ca\\\/\",\"logo\":{\"@type\":\"ImageObject\",\"inLanguage\":\"ca\",\"@id\":\"https:\\\/\\\/www.hoteltucblancbaqueira.com\\\/ca\\\/#\\\/schema\\\/logo\\\/image\\\/\",\"url\":\"https:\\\/\\\/www.hoteltucblancbaqueira.com\\\/wp-content\\\/uploads\\\/2025\\\/05\\\/logo_header.svg\",\"contentUrl\":\"https:\\\/\\\/www.hoteltucblancbaqueira.com\\\/wp-content\\\/uploads\\\/2025\\\/05\\\/logo_header.svg\",\"width\":398,\"height\":101,\"caption\":\"Hotel Tuc Blanc Baqueira\"},\"image\":{\"@id\":\"https:\\\/\\\/www.hoteltucblancbaqueira.com\\\/ca\\\/#\\\/schema\\\/logo\\\/image\\\/\"}},{\"@type\":\"Person\",\"@id\":\"https:\\\/\\\/www.hoteltucblancbaqueira.com\\\/ca\\\/#\\\/schema\\\/person\\\/18a0f8b4813ee9544e861e9777b27696\",\"name\":\"alojapro_mkt\"}]}<\/script>\n<!-- \/ Yoast SEO plugin. -->","yoast_head_json":{"title":"Nadal a Baqueira [2025]: Nit de Nadal entre neu | Hotel Tuc Blanc Baqueira","description":"Nadal a Baqueira: Les seves pistes d\u2019esqu\u00ed i els seus paisatges faran que la teva Nit de Nadal sigui inoblidable.","robots":{"index":"index","follow":"follow","max-snippet":"max-snippet:-1","max-image-preview":"max-image-preview:large","max-video-preview":"max-video-preview:-1"},"canonical":"https:\/\/www.hoteltucblancbaqueira.com\/ca\/nadal-baqueira\/","og_locale":"ca_ES","og_type":"article","og_title":"Nadal a Baqueira [2025]: Nit de Nadal entre neu | Hotel Tuc Blanc Baqueira","og_description":"Nadal a Baqueira: Les seves pistes d\u2019esqu\u00ed i els seus paisatges faran que la teva Nit de Nadal sigui inoblidable.","og_url":"https:\/\/www.hoteltucblancbaqueira.com\/ca\/nadal-baqueira\/","og_site_name":"Hotel Tuc Blanc Baqueira","article_published_time":"2025-07-21T13:06:02+00:00","article_modified_time":"2025-07-22T09:00:57+00:00","og_image":[{"width":2000,"height":1333,"url":"https:\/\/www.hoteltucblancbaqueira.com\/wp-content\/uploads\/2023\/11\/papa-noel-baqueira.webp","type":"image\/webp"}],"author":"alojapro_mkt","twitter_card":"summary_large_image","twitter_misc":{"Escrit per":"alojapro_mkt","Temps estimat de lectura":"2 minuts"},"schema":{"@context":"https:\/\/schema.org","@graph":[{"@type":"Article","@id":"https:\/\/www.hoteltucblancbaqueira.com\/ca\/nadal-baqueira\/#article","isPartOf":{"@id":"https:\/\/www.hoteltucblancbaqueira.com\/ca\/nadal-baqueira\/"},"author":{"name":"alojapro_mkt","@id":"https:\/\/www.hoteltucblancbaqueira.com\/ca\/#\/schema\/person\/18a0f8b4813ee9544e861e9777b27696"},"headline":"Nadal a Baqueira [2025]: Nit de Nadal entre neu","datePublished":"2025-07-21T13:06:02+00:00","dateModified":"2025-07-22T09:00:57+00:00","mainEntityOfPage":{"@id":"https:\/\/www.hoteltucblancbaqueira.com\/ca\/nadal-baqueira\/"},"wordCount":251,"publisher":{"@id":"https:\/\/www.hoteltucblancbaqueira.com\/ca\/#organization"},"image":{"@id":"https:\/\/www.hoteltucblancbaqueira.com\/ca\/nadal-baqueira\/#primaryimage"},"thumbnailUrl":"https:\/\/www.hoteltucblancbaqueira.com\/wp-content\/uploads\/2023\/11\/papa-noel-baqueira.webp","keywords":["nadal baqueira","nitbona baqueira","papa noel baqueira"],"articleSection":["Hivern"],"inLanguage":"ca"},{"@type":"WebPage","@id":"https:\/\/www.hoteltucblancbaqueira.com\/ca\/nadal-baqueira\/","url":"https:\/\/www.hoteltucblancbaqueira.com\/ca\/nadal-baqueira\/","name":"Nadal a Baqueira [2025]: Nit de Nadal entre neu | Hotel Tuc Blanc Baqueira","isPartOf":{"@id":"https:\/\/www.hoteltucblancbaqueira.com\/ca\/#website"},"primaryImageOfPage":{"@id":"https:\/\/www.hoteltucblancbaqueira.com\/ca\/nadal-baqueira\/#primaryimage"},"image":{"@id":"https:\/\/www.hoteltucblancbaqueira.com\/ca\/nadal-baqueira\/#primaryimage"},"thumbnailUrl":"https:\/\/www.hoteltucblancbaqueira.com\/wp-content\/uploads\/2023\/11\/papa-noel-baqueira.webp","datePublished":"2025-07-21T13:06:02+00:00","dateModified":"2025-07-22T09:00:57+00:00","description":"Nadal a Baqueira: Les seves pistes d\u2019esqu\u00ed i els seus paisatges faran que la teva Nit de Nadal sigui inoblidable.","breadcrumb":{"@id":"https:\/\/www.hoteltucblancbaqueira.com\/ca\/nadal-baqueira\/#breadcrumb"},"inLanguage":"ca","potentialAction":[{"@type":"ReadAction","target":["https:\/\/www.hoteltucblancbaqueira.com\/ca\/nadal-baqueira\/"]}]},{"@type":"ImageObject","inLanguage":"ca","@id":"https:\/\/www.hoteltucblancbaqueira.com\/ca\/nadal-baqueira\/#primaryimage","url":"https:\/\/www.hoteltucblancbaqueira.com\/wp-content\/uploads\/2023\/11\/papa-noel-baqueira.webp","contentUrl":"https:\/\/www.hoteltucblancbaqueira.com\/wp-content\/uploads\/2023\/11\/papa-noel-baqueira.webp","width":2000,"height":1333,"caption":"papa noel baqueira"},{"@type":"BreadcrumbList","@id":"https:\/\/www.hoteltucblancbaqueira.com\/ca\/nadal-baqueira\/#breadcrumb","itemListElement":[{"@type":"ListItem","position":1,"name":"Portada","item":"https:\/\/www.hoteltucblancbaqueira.com\/ca\/home\/"},{"@type":"ListItem","position":2,"name":"Nadal a Baqueira [2025]: Nit de Nadal entre neu"}]},{"@type":"WebSite","@id":"https:\/\/www.hoteltucblancbaqueira.com\/ca\/#website","url":"https:\/\/www.hoteltucblancbaqueira.com\/ca\/","name":"Hotel Tuc Blanc Baqueira","description":"Hotel en Baqueira a pie de pistas","publisher":{"@id":"https:\/\/www.hoteltucblancbaqueira.com\/ca\/#organization"},"potentialAction":[{"@type":"SearchAction","target":{"@type":"EntryPoint","urlTemplate":"https:\/\/www.hoteltucblancbaqueira.com\/ca\/?s={search_term_string}"},"query-input":{"@type":"PropertyValueSpecification","valueRequired":true,"valueName":"search_term_string"}}],"inLanguage":"ca"},{"@type":"Organization","@id":"https:\/\/www.hoteltucblancbaqueira.com\/ca\/#organization","name":"Hotel Tuc Blanc Baqueira","url":"https:\/\/www.hoteltucblancbaqueira.com\/ca\/","logo":{"@type":"ImageObject","inLanguage":"ca","@id":"https:\/\/www.hoteltucblancbaqueira.com\/ca\/#\/schema\/logo\/image\/","url":"https:\/\/www.hoteltucblancbaqueira.com\/wp-content\/uploads\/2025\/05\/logo_header.svg","contentUrl":"https:\/\/www.hoteltucblancbaqueira.com\/wp-content\/uploads\/2025\/05\/logo_header.svg","width":398,"height":101,"caption":"Hotel Tuc Blanc Baqueira"},"image":{"@id":"https:\/\/www.hoteltucblancbaqueira.com\/ca\/#\/schema\/logo\/image\/"}},{"@type":"Person","@id":"https:\/\/www.hoteltucblancbaqueira.com\/ca\/#\/schema\/person\/18a0f8b4813ee9544e861e9777b27696","name":"alojapro_mkt"}]}},"loftoceanMetas":{"authorName":"alojapro_mkt","categories":[{"name":"Hivern","link":"https:\/\/www.hoteltucblancbaqueira.com\/ca\/category\/hivern\/","count":13}],"date":"21 de juliol de 2025","featuredImageSRC":"https:\/\/www.hoteltucblancbaqueira.com\/wp-content\/uploads\/2023\/11\/papa-noel-baqueira-150x150.webp"},"_links":{"self":[{"href":"https:\/\/www.hoteltucblancbaqueira.com\/ca\/wp-json\/wp\/v2\/posts\/5991","targetHints":{"allow":["GET"]}}],"collection":[{"href":"https:\/\/www.hoteltucblancbaqueira.com\/ca\/wp-json\/wp\/v2\/posts"}],"about":[{"href":"https:\/\/www.hoteltucblancbaqueira.com\/ca\/wp-json\/wp\/v2\/types\/post"}],"author":[{"embeddable":true,"href":"https:\/\/www.hoteltucblancbaqueira.com\/ca\/wp-json\/wp\/v2\/users\/3"}],"replies":[{"embeddable":true,"href":"https:\/\/www.hoteltucblancbaqueira.com\/ca\/wp-json\/wp\/v2\/comments?post=5991"}],"version-history":[{"count":0,"href":"https:\/\/www.hoteltucblancbaqueira.com\/ca\/wp-json\/wp\/v2\/posts\/5991\/revisions"}],"wp:featuredmedia":[{"embeddable":true,"href":"https:\/\/www.hoteltucblancbaqueira.com\/ca\/wp-json\/wp\/v2\/media\/4704"}],"wp:attachment":[{"href":"https:\/\/www.hoteltucblancbaqueira.com\/ca\/wp-json\/wp\/v2\/media?parent=5991"}],"wp:term":[{"taxonomy":"category","embeddable":true,"href":"https:\/\/www.hoteltucblancbaqueira.com\/ca\/wp-json\/wp\/v2\/categories?post=5991"},{"taxonomy":"post_tag","embeddable":true,"href":"https:\/\/www.hoteltucblancbaqueira.com\/ca\/wp-json\/wp\/v2\/tags?post=5991"}],"curies":[{"name":"wp","href":"https:\/\/api.w.org\/{rel}","templated":true}]}}