{"id":6000,"date":"2025-07-21T15:10:55","date_gmt":"2025-07-21T13:10:55","guid":{"rendered":"https:\/\/www.hoteltucblancbaqueira.com\/cap-dany-2025-a-baqueira-que-fer\/"},"modified":"2025-11-27T10:34:19","modified_gmt":"2025-11-27T09:34:19","slug":"cap-dany-baqueira","status":"publish","type":"post","link":"https:\/\/www.hoteltucblancbaqueira.com\/ca\/cap-dany-baqueira\/","title":{"rendered":"Cap d\u2019Any 2025 a Baqueira: Qu\u00e8 fer"},"content":{"rendered":"\n<p><span style=\"font-weight: 400;\">S\u2019acaba l\u2019any i no hi ha millor manera de celebrar-ho que en un entorn m\u00e0gic cobert de neu. Baqueira, coneguda pels seus paisatges espectaculars i les seves pistes d\u2019esqu\u00ed de primer nivell, esdev\u00e9 la destinaci\u00f3 perfecta per donar la benvinguda al 2026. Celebra el Cap d\u2019Any 2025 a Baqueira, un lloc per esquiar i viure una experi\u00e8ncia \u00fanica als Pirineus.  <\/span><\/p>\n\n<p><span style=\"font-weight: 400;\">Et presentem els esdeveniments i activitats de la nit de Cap d\u2019Any a Baqueira perqu\u00e8 puguis gaudir-la en parella, amb amics o amb la fam\u00edlia.<\/span><\/p>\n\n<h2 class=\"wp-block-heading\"><b>Esdeveniments Cap d\u2019Any Baqueira 2025<\/b><\/h2>\n\n<h3 class=\"wp-block-heading\"><b>Baixada de torxes a Baqueira Beret<\/b><\/h3>\n\n<p><span style=\"font-weight: 400;\">Una tradici\u00f3 molt esperada! M\u00e9s de 300 persones participen en aquesta baixada nocturna des de la cota 1.800 fins a la 1.500. Un descens il\u00b7luminat nom\u00e9s per la llum de les torxes i la lluna. El punt de sortida \u00e9s el telecadira del Bosc.  <\/span><\/p>\n\n<p><span style=\"font-weight: 400;\">Cal inscriure\u2019s pr\u00e8viament a trav\u00e9s del <a href=\"https:\/\/www.baqueira.es\/\">web oficial de Baqueira<\/a>. L\u2019activitat sol comen\u00e7ar a les 19:30 h.   <\/span><\/p>\n\n<figure class=\"wp-block-image size-large is-resized\"><img fetchpriority=\"high\" decoding=\"async\" width=\"1024\" height=\"576\" src=\"https:\/\/www.hoteltucblancbaqueira.com\/wp-content\/uploads\/2024\/10\/bajada-antorchas-baqueira-1024x576.webp\" alt=\"Baixada de torxes baqueira\" class=\"wp-image-4622\" style=\"width:451px;height:auto\" srcset=\"https:\/\/www.hoteltucblancbaqueira.com\/wp-content\/uploads\/2024\/10\/bajada-antorchas-baqueira-1024x576.webp 1024w, https:\/\/www.hoteltucblancbaqueira.com\/wp-content\/uploads\/2024\/10\/bajada-antorchas-baqueira-300x169.webp 300w, https:\/\/www.hoteltucblancbaqueira.com\/wp-content\/uploads\/2024\/10\/bajada-antorchas-baqueira-768x432.webp 768w, https:\/\/www.hoteltucblancbaqueira.com\/wp-content\/uploads\/2024\/10\/bajada-antorchas-baqueira-1200x675.webp 1200w, https:\/\/www.hoteltucblancbaqueira.com\/wp-content\/uploads\/2024\/10\/bajada-antorchas-baqueira-780x439.webp 780w, https:\/\/www.hoteltucblancbaqueira.com\/wp-content\/uploads\/2024\/10\/bajada-antorchas-baqueira-600x338.webp 600w, https:\/\/www.hoteltucblancbaqueira.com\/wp-content\/uploads\/2024\/10\/bajada-antorchas-baqueira-550x309.webp 550w, https:\/\/www.hoteltucblancbaqueira.com\/wp-content\/uploads\/2024\/10\/bajada-antorchas-baqueira-370x208.webp 370w, https:\/\/www.hoteltucblancbaqueira.com\/wp-content\/uploads\/2024\/10\/bajada-antorchas-baqueira-255x143.webp 255w, https:\/\/www.hoteltucblancbaqueira.com\/wp-content\/uploads\/2024\/10\/bajada-antorchas-baqueira.webp 1280w\" sizes=\"(max-width: 1024px) 100vw, 1024px\" \/><\/figure>\n\n<h3 class=\"wp-block-heading\"><b>Castell de focs artificials<\/b><\/h3>\n\n<p><span style=\"font-weight: 400;\">Quan acaba la baixada de torxes, comen\u00e7a l\u2019espectacle de focs artificials des de la cota 1.500. El pots veure perfectament des de la terrassa de l\u2019Hotel Tuc Blanc, a peu de pistes.  <\/span><\/p>\n\n<figure class=\"wp-block-image size-large is-resized\"><img decoding=\"async\" width=\"1024\" height=\"683\" src=\"https:\/\/www.hoteltucblancbaqueira.com\/wp-content\/uploads\/2024\/10\/fuegos-artificiales-baqueira-1024x683.webp\" alt=\"focs artificials baqueira\" class=\"wp-image-4627\" style=\"width:459px;height:auto\" srcset=\"https:\/\/www.hoteltucblancbaqueira.com\/wp-content\/uploads\/2024\/10\/fuegos-artificiales-baqueira-1024x683.webp 1024w, https:\/\/www.hoteltucblancbaqueira.com\/wp-content\/uploads\/2024\/10\/fuegos-artificiales-baqueira-300x200.webp 300w, https:\/\/www.hoteltucblancbaqueira.com\/wp-content\/uploads\/2024\/10\/fuegos-artificiales-baqueira-768x512.webp 768w, https:\/\/www.hoteltucblancbaqueira.com\/wp-content\/uploads\/2024\/10\/fuegos-artificiales-baqueira-1440x960.webp 1440w, https:\/\/www.hoteltucblancbaqueira.com\/wp-content\/uploads\/2024\/10\/fuegos-artificiales-baqueira-1200x800.webp 1200w, https:\/\/www.hoteltucblancbaqueira.com\/wp-content\/uploads\/2024\/10\/fuegos-artificiales-baqueira-780x520.webp 780w, https:\/\/www.hoteltucblancbaqueira.com\/wp-content\/uploads\/2024\/10\/fuegos-artificiales-baqueira-600x400.webp 600w, https:\/\/www.hoteltucblancbaqueira.com\/wp-content\/uploads\/2024\/10\/fuegos-artificiales-baqueira-550x367.webp 550w, https:\/\/www.hoteltucblancbaqueira.com\/wp-content\/uploads\/2024\/10\/fuegos-artificiales-baqueira-370x247.webp 370w, https:\/\/www.hoteltucblancbaqueira.com\/wp-content\/uploads\/2024\/10\/fuegos-artificiales-baqueira-255x170.webp 255w, https:\/\/www.hoteltucblancbaqueira.com\/wp-content\/uploads\/2024\/10\/fuegos-artificiales-baqueira.webp 1500w\" sizes=\"(max-width: 1024px) 100vw, 1024px\" \/><\/figure>\n\n<h3 class=\"wp-block-heading\"><b>Vin cau<\/b><\/h3>\n\n<p><span style=\"font-weight: 400;\">Durant l\u2019espectacle, es reparteix vin cau, una beguda calenta t\u00edpica de la Val d\u2019Aran feta amb vi negre i esp\u00e8cies com canyella, nou moscada, clau i pell de taronja. Ideal per escalfar-te mentre gaudeixes de la festa.   <\/span><\/p>\n\n<figure class=\"wp-block-image size-large is-resized\"><img decoding=\"async\" width=\"1024\" height=\"618\" src=\"https:\/\/www.hoteltucblancbaqueira.com\/wp-content\/uploads\/2024\/10\/vin-cau-baqueira-1024x618.webp\" alt=\"vin cau baqueira\" class=\"wp-image-4633\" style=\"width:459px;height:auto\" srcset=\"https:\/\/www.hoteltucblancbaqueira.com\/wp-content\/uploads\/2024\/10\/vin-cau-baqueira-1024x618.webp 1024w, https:\/\/www.hoteltucblancbaqueira.com\/wp-content\/uploads\/2024\/10\/vin-cau-baqueira-300x181.webp 300w, https:\/\/www.hoteltucblancbaqueira.com\/wp-content\/uploads\/2024\/10\/vin-cau-baqueira-768x463.webp 768w, https:\/\/www.hoteltucblancbaqueira.com\/wp-content\/uploads\/2024\/10\/vin-cau-baqueira-1536x926.webp 1536w, https:\/\/www.hoteltucblancbaqueira.com\/wp-content\/uploads\/2024\/10\/vin-cau-baqueira-2048x1235.webp 2048w, https:\/\/www.hoteltucblancbaqueira.com\/wp-content\/uploads\/2024\/10\/vin-cau-baqueira-1920x1158.webp 1920w, https:\/\/www.hoteltucblancbaqueira.com\/wp-content\/uploads\/2024\/10\/vin-cau-baqueira-1440x868.webp 1440w, https:\/\/www.hoteltucblancbaqueira.com\/wp-content\/uploads\/2024\/10\/vin-cau-baqueira-1200x724.webp 1200w, https:\/\/www.hoteltucblancbaqueira.com\/wp-content\/uploads\/2024\/10\/vin-cau-baqueira-780x470.webp 780w, https:\/\/www.hoteltucblancbaqueira.com\/wp-content\/uploads\/2024\/10\/vin-cau-baqueira-600x362.webp 600w, https:\/\/www.hoteltucblancbaqueira.com\/wp-content\/uploads\/2024\/10\/vin-cau-baqueira-550x332.webp 550w, https:\/\/www.hoteltucblancbaqueira.com\/wp-content\/uploads\/2024\/10\/vin-cau-baqueira-370x223.webp 370w, https:\/\/www.hoteltucblancbaqueira.com\/wp-content\/uploads\/2024\/10\/vin-cau-baqueira-255x154.webp 255w\" sizes=\"(max-width: 1024px) 100vw, 1024px\" \/><\/figure>\n\n<h3 class=\"wp-block-heading\"><b>Festa de Cap d\u2019Any a Baqueira<\/b><\/h3>\n\n<p><span style=\"font-weight: 400;\">Els bars i discoteques de Baqueira obren per celebrar la darrera nit de l\u2019any amb m\u00fasica i ball fins a la matinada. Hi ha ambient tant a les terrasses com als locals del centre. <\/span><\/p>\n\n<figure class=\"wp-block-image size-large is-resized\"><img loading=\"lazy\" decoding=\"async\" width=\"1024\" height=\"682\" src=\"https:\/\/www.hoteltucblancbaqueira.com\/wp-content\/uploads\/2024\/10\/fiesta-baqueira-1024x682.webp\" alt=\"festa cap d'any baqueira\" class=\"wp-image-4637\" style=\"width:461px;height:auto\" srcset=\"https:\/\/www.hoteltucblancbaqueira.com\/wp-content\/uploads\/2024\/10\/fiesta-baqueira-1024x682.webp 1024w, https:\/\/www.hoteltucblancbaqueira.com\/wp-content\/uploads\/2024\/10\/fiesta-baqueira-300x200.webp 300w, https:\/\/www.hoteltucblancbaqueira.com\/wp-content\/uploads\/2024\/10\/fiesta-baqueira-768x512.webp 768w, https:\/\/www.hoteltucblancbaqueira.com\/wp-content\/uploads\/2024\/10\/fiesta-baqueira-1440x960.webp 1440w, https:\/\/www.hoteltucblancbaqueira.com\/wp-content\/uploads\/2024\/10\/fiesta-baqueira-1200x800.webp 1200w, https:\/\/www.hoteltucblancbaqueira.com\/wp-content\/uploads\/2024\/10\/fiesta-baqueira-780x520.webp 780w, https:\/\/www.hoteltucblancbaqueira.com\/wp-content\/uploads\/2024\/10\/fiesta-baqueira-600x400.webp 600w, https:\/\/www.hoteltucblancbaqueira.com\/wp-content\/uploads\/2024\/10\/fiesta-baqueira-550x367.webp 550w, https:\/\/www.hoteltucblancbaqueira.com\/wp-content\/uploads\/2024\/10\/fiesta-baqueira-370x247.webp 370w, https:\/\/www.hoteltucblancbaqueira.com\/wp-content\/uploads\/2024\/10\/fiesta-baqueira-255x170.webp 255w, https:\/\/www.hoteltucblancbaqueira.com\/wp-content\/uploads\/2024\/10\/fiesta-baqueira.webp 1487w\" sizes=\"(max-width: 1024px) 100vw, 1024px\" \/><\/figure>\n\n<h3 class=\"wp-block-heading\"><b>Allotjament Cap d\u2019Any a Baqueira<\/b><\/h3>\n\n<p><span style=\"font-weight: 400;\">L\u2019<a href=\"https:\/\/hoteltucblancbaqueira.com\/ca\/\">Hotel Tuc Blanc<\/a>, situat a peu de pistes, \u00e9s la millor opci\u00f3 per viure una nit inoblidable. Gaudeix d\u2019un sopar especial de Cap d\u2019Any, c\u00f2ctels exclusius, spa amb jacuzzi i massatges, i tots els serveis per comen\u00e7ar el 2026 amb bon peu. <strong>Reserva<\/strong> la teva est\u00e0ncia al nostre <strong><a href=\"https:\/\/hoteltucblancbaqueira.com\/ca\/\">hotel a Baqueira<\/a><\/strong>.  <\/span><\/p>\n\n<figure class=\"wp-block-image size-large is-resized\"><img loading=\"lazy\" decoding=\"async\" width=\"1024\" height=\"1024\" src=\"https:\/\/www.hoteltucblancbaqueira.com\/wp-content\/uploads\/2024\/10\/alojamiento-baqueira-fin-ano-1024x1024.webp\" alt=\"cap d'any baqueira\" class=\"wp-image-4618\" style=\"width:457px;height:auto\" srcset=\"https:\/\/www.hoteltucblancbaqueira.com\/wp-content\/uploads\/2024\/10\/alojamiento-baqueira-fin-ano-1024x1024.webp 1024w, https:\/\/www.hoteltucblancbaqueira.com\/wp-content\/uploads\/2024\/10\/alojamiento-baqueira-fin-ano-300x300.webp 300w, https:\/\/www.hoteltucblancbaqueira.com\/wp-content\/uploads\/2024\/10\/alojamiento-baqueira-fin-ano-150x150.webp 150w, https:\/\/www.hoteltucblancbaqueira.com\/wp-content\/uploads\/2024\/10\/alojamiento-baqueira-fin-ano-768x768.webp 768w, https:\/\/www.hoteltucblancbaqueira.com\/wp-content\/uploads\/2024\/10\/alojamiento-baqueira-fin-ano-1200x1200.webp 1200w, https:\/\/www.hoteltucblancbaqueira.com\/wp-content\/uploads\/2024\/10\/alojamiento-baqueira-fin-ano-780x780.webp 780w, https:\/\/www.hoteltucblancbaqueira.com\/wp-content\/uploads\/2024\/10\/alojamiento-baqueira-fin-ano-600x600.webp 600w, https:\/\/www.hoteltucblancbaqueira.com\/wp-content\/uploads\/2024\/10\/alojamiento-baqueira-fin-ano-550x550.webp 550w, https:\/\/www.hoteltucblancbaqueira.com\/wp-content\/uploads\/2024\/10\/alojamiento-baqueira-fin-ano-370x370.webp 370w, https:\/\/www.hoteltucblancbaqueira.com\/wp-content\/uploads\/2024\/10\/alojamiento-baqueira-fin-ano-255x255.webp 255w, https:\/\/www.hoteltucblancbaqueira.com\/wp-content\/uploads\/2024\/10\/alojamiento-baqueira-fin-ano.webp 1440w\" sizes=\"(max-width: 1024px) 100vw, 1024px\" \/><\/figure>\n","protected":false},"excerpt":{"rendered":"<p>S\u2019acaba l\u2019any i no hi ha millor manera de celebrar-ho que en un entorn m\u00e0gic cobert de neu. Baqueira, coneguda pels seus paisatges espectaculars i les seves pistes d\u2019esqu\u00ed de primer nivell, esdev\u00e9 la destinaci\u00f3 perfecta per donar la benvinguda al 2026. Celebra el Cap d\u2019Any 2025 a Baqueira, un lloc per esquiar i viure &#8230;<\/p>\n","protected":false},"author":3,"featured_media":4638,"comment_status":"closed","ping_status":"closed","sticky":false,"template":"","format":"standard","meta":{"loftocean_post_format_gallery":"","loftocean_post_format_gallery_ids":"","loftocean_post_format_gallery_urls":"","loftocean_post_format_video_id":0,"loftocean_post_format_video_url":"","loftocean_post_format_video_type":"","loftocean_post_format_video":"","loftocean_post_format_audio_type":"","loftocean_post_format_audio_url":"","loftocean_post_format_audio_id":0,"loftocean_post_format_audio":"","loftocean-like-count":0,"cozystay_single_post_hide_site_header":"","cozystay_single_post_site_header_source":"","cozystay_single_post_custom_site_header":"0","cozystay_single_post_custom_sticky_site_header":"0","cozystay_single_post_hide_page_title":"","cozystay_single_post_site_footer_hide_main":"","cozystay_single_custom_site_footer_main_source":"","cozystay_single_custom_site_footer_main":"0","cozystay_single_post_site_footer_hide_above":"","cozystay_single_custom_site_footer_above_source":"","cozystay_single_custom_site_footer_above":"0","cozystay_single_post_site_footer_hide_instagram":"","cozystay_single_post_site_footer_hide_bottom":"","cozystay_single_custom_mobile_menu_source":"","cozystay_single_custom_mobile_menu":"0","cozystay_single_custom_mobile_menu_animation":"","cozystay_single_custom_mobile_menu_width":"","cozystay_single_custom_mobile_menu_custom_width":375,"cozystay_single_post_template":"","footnotes":""},"categories":[131],"tags":[198,199,200,201,202],"class_list":["post-6000","post","type-post","status-publish","format-standard","has-post-thumbnail","hentry","category-hivern","tag-baixada-de-torxes-a-baqueira","tag-cap-dany-baqueira","tag-cap-dany-baqueira-beret","tag-nitvella-baqueira","tag-vin-cau-baqueira-ca"],"yoast_head":"<!-- This site is optimized with the Yoast SEO plugin v27.4 - https:\/\/yoast.com\/product\/yoast-seo-wordpress\/ -->\n<title>Cap d\u2019Any 2025 a Baqueira: Qu\u00e8 fer | Hotel Tuc Blanc Baqueira<\/title>\n<meta name=\"description\" content=\"Celebra el cap d\u00b4any a Baqueira! Descobreix qu\u00e8 fer a la nit de cap d&#039;any per Baqueira Beret: baixada de torxes, focs artificials...\" \/>\n<meta name=\"robots\" content=\"index, follow, max-snippet:-1, max-image-preview:large, max-video-preview:-1\" \/>\n<link rel=\"canonical\" href=\"https:\/\/www.hoteltucblancbaqueira.com\/ca\/cap-dany-baqueira\/\" \/>\n<meta property=\"og:locale\" content=\"ca_ES\" \/>\n<meta property=\"og:type\" content=\"article\" \/>\n<meta property=\"og:title\" content=\"Cap d\u2019Any 2025 a Baqueira: Qu\u00e8 fer | Hotel Tuc Blanc Baqueira\" \/>\n<meta property=\"og:description\" content=\"Celebra el cap d\u00b4any a Baqueira! Descobreix qu\u00e8 fer a la nit de cap d&#039;any per Baqueira Beret: baixada de torxes, focs artificials...\" \/>\n<meta property=\"og:url\" content=\"https:\/\/www.hoteltucblancbaqueira.com\/ca\/cap-dany-baqueira\/\" \/>\n<meta property=\"og:site_name\" content=\"Hotel Tuc Blanc Baqueira\" \/>\n<meta property=\"article:published_time\" content=\"2025-07-21T13:10:55+00:00\" \/>\n<meta property=\"article:modified_time\" content=\"2025-11-27T09:34:19+00:00\" \/>\n<meta property=\"og:image\" content=\"https:\/\/www.hoteltucblancbaqueira.com\/wp-content\/uploads\/2024\/10\/fiesta-baqueira.webp\" \/>\n\t<meta property=\"og:image:width\" content=\"1487\" \/>\n\t<meta property=\"og:image:height\" content=\"991\" \/>\n\t<meta property=\"og:image:type\" content=\"image\/webp\" \/>\n<meta name=\"author\" content=\"alojapro_mkt\" \/>\n<meta name=\"twitter:card\" content=\"summary_large_image\" \/>\n<meta name=\"twitter:label1\" content=\"Escrit per\" \/>\n\t<meta name=\"twitter:data1\" content=\"alojapro_mkt\" \/>\n\t<meta name=\"twitter:label2\" content=\"Temps estimat de lectura\" \/>\n\t<meta name=\"twitter:data2\" content=\"3 minuts\" \/>\n<script type=\"application\/ld+json\" class=\"yoast-schema-graph\">{\"@context\":\"https:\\\/\\\/schema.org\",\"@graph\":[{\"@type\":\"Article\",\"@id\":\"https:\\\/\\\/www.hoteltucblancbaqueira.com\\\/ca\\\/cap-dany-baqueira\\\/#article\",\"isPartOf\":{\"@id\":\"https:\\\/\\\/www.hoteltucblancbaqueira.com\\\/ca\\\/cap-dany-baqueira\\\/\"},\"author\":{\"name\":\"alojapro_mkt\",\"@id\":\"https:\\\/\\\/www.hoteltucblancbaqueira.com\\\/ca\\\/#\\\/schema\\\/person\\\/18a0f8b4813ee9544e861e9777b27696\"},\"headline\":\"Cap d\u2019Any 2025 a Baqueira: Qu\u00e8 fer\",\"datePublished\":\"2025-07-21T13:10:55+00:00\",\"dateModified\":\"2025-11-27T09:34:19+00:00\",\"mainEntityOfPage\":{\"@id\":\"https:\\\/\\\/www.hoteltucblancbaqueira.com\\\/ca\\\/cap-dany-baqueira\\\/\"},\"wordCount\":360,\"publisher\":{\"@id\":\"https:\\\/\\\/www.hoteltucblancbaqueira.com\\\/ca\\\/#organization\"},\"image\":{\"@id\":\"https:\\\/\\\/www.hoteltucblancbaqueira.com\\\/ca\\\/cap-dany-baqueira\\\/#primaryimage\"},\"thumbnailUrl\":\"https:\\\/\\\/www.hoteltucblancbaqueira.com\\\/wp-content\\\/uploads\\\/2024\\\/10\\\/fiesta-baqueira.webp\",\"keywords\":[\"baixada de torxes a Baqueira\",\"cap d'any baqueira\",\"cap d'any baqueira beret\",\"nitvella baqueira\",\"vin cau baqueira\"],\"articleSection\":[\"Hivern\"],\"inLanguage\":\"ca\"},{\"@type\":\"WebPage\",\"@id\":\"https:\\\/\\\/www.hoteltucblancbaqueira.com\\\/ca\\\/cap-dany-baqueira\\\/\",\"url\":\"https:\\\/\\\/www.hoteltucblancbaqueira.com\\\/ca\\\/cap-dany-baqueira\\\/\",\"name\":\"Cap d\u2019Any 2025 a Baqueira: Qu\u00e8 fer | Hotel Tuc Blanc Baqueira\",\"isPartOf\":{\"@id\":\"https:\\\/\\\/www.hoteltucblancbaqueira.com\\\/ca\\\/#website\"},\"primaryImageOfPage\":{\"@id\":\"https:\\\/\\\/www.hoteltucblancbaqueira.com\\\/ca\\\/cap-dany-baqueira\\\/#primaryimage\"},\"image\":{\"@id\":\"https:\\\/\\\/www.hoteltucblancbaqueira.com\\\/ca\\\/cap-dany-baqueira\\\/#primaryimage\"},\"thumbnailUrl\":\"https:\\\/\\\/www.hoteltucblancbaqueira.com\\\/wp-content\\\/uploads\\\/2024\\\/10\\\/fiesta-baqueira.webp\",\"datePublished\":\"2025-07-21T13:10:55+00:00\",\"dateModified\":\"2025-11-27T09:34:19+00:00\",\"description\":\"Celebra el cap d\u00b4any a Baqueira! Descobreix qu\u00e8 fer a la nit de cap d'any per Baqueira Beret: baixada de torxes, focs artificials...\",\"breadcrumb\":{\"@id\":\"https:\\\/\\\/www.hoteltucblancbaqueira.com\\\/ca\\\/cap-dany-baqueira\\\/#breadcrumb\"},\"inLanguage\":\"ca\",\"potentialAction\":[{\"@type\":\"ReadAction\",\"target\":[\"https:\\\/\\\/www.hoteltucblancbaqueira.com\\\/ca\\\/cap-dany-baqueira\\\/\"]}]},{\"@type\":\"ImageObject\",\"inLanguage\":\"ca\",\"@id\":\"https:\\\/\\\/www.hoteltucblancbaqueira.com\\\/ca\\\/cap-dany-baqueira\\\/#primaryimage\",\"url\":\"https:\\\/\\\/www.hoteltucblancbaqueira.com\\\/wp-content\\\/uploads\\\/2024\\\/10\\\/fiesta-baqueira.webp\",\"contentUrl\":\"https:\\\/\\\/www.hoteltucblancbaqueira.com\\\/wp-content\\\/uploads\\\/2024\\\/10\\\/fiesta-baqueira.webp\",\"width\":1487,\"height\":991,\"caption\":\"fiesta fin de a\u00f1o baqueira\"},{\"@type\":\"BreadcrumbList\",\"@id\":\"https:\\\/\\\/www.hoteltucblancbaqueira.com\\\/ca\\\/cap-dany-baqueira\\\/#breadcrumb\",\"itemListElement\":[{\"@type\":\"ListItem\",\"position\":1,\"name\":\"Portada\",\"item\":\"https:\\\/\\\/www.hoteltucblancbaqueira.com\\\/ca\\\/home\\\/\"},{\"@type\":\"ListItem\",\"position\":2,\"name\":\"Cap d\u2019Any 2025 a Baqueira: Qu\u00e8 fer\"}]},{\"@type\":\"WebSite\",\"@id\":\"https:\\\/\\\/www.hoteltucblancbaqueira.com\\\/ca\\\/#website\",\"url\":\"https:\\\/\\\/www.hoteltucblancbaqueira.com\\\/ca\\\/\",\"name\":\"Hotel Tuc Blanc Baqueira\",\"description\":\"Hotel en Baqueira a pie de pistas\",\"publisher\":{\"@id\":\"https:\\\/\\\/www.hoteltucblancbaqueira.com\\\/ca\\\/#organization\"},\"potentialAction\":[{\"@type\":\"SearchAction\",\"target\":{\"@type\":\"EntryPoint\",\"urlTemplate\":\"https:\\\/\\\/www.hoteltucblancbaqueira.com\\\/ca\\\/?s={search_term_string}\"},\"query-input\":{\"@type\":\"PropertyValueSpecification\",\"valueRequired\":true,\"valueName\":\"search_term_string\"}}],\"inLanguage\":\"ca\"},{\"@type\":\"Organization\",\"@id\":\"https:\\\/\\\/www.hoteltucblancbaqueira.com\\\/ca\\\/#organization\",\"name\":\"Hotel Tuc Blanc Baqueira\",\"url\":\"https:\\\/\\\/www.hoteltucblancbaqueira.com\\\/ca\\\/\",\"logo\":{\"@type\":\"ImageObject\",\"inLanguage\":\"ca\",\"@id\":\"https:\\\/\\\/www.hoteltucblancbaqueira.com\\\/ca\\\/#\\\/schema\\\/logo\\\/image\\\/\",\"url\":\"https:\\\/\\\/www.hoteltucblancbaqueira.com\\\/wp-content\\\/uploads\\\/2025\\\/05\\\/logo_header.svg\",\"contentUrl\":\"https:\\\/\\\/www.hoteltucblancbaqueira.com\\\/wp-content\\\/uploads\\\/2025\\\/05\\\/logo_header.svg\",\"width\":398,\"height\":101,\"caption\":\"Hotel Tuc Blanc Baqueira\"},\"image\":{\"@id\":\"https:\\\/\\\/www.hoteltucblancbaqueira.com\\\/ca\\\/#\\\/schema\\\/logo\\\/image\\\/\"}},{\"@type\":\"Person\",\"@id\":\"https:\\\/\\\/www.hoteltucblancbaqueira.com\\\/ca\\\/#\\\/schema\\\/person\\\/18a0f8b4813ee9544e861e9777b27696\",\"name\":\"alojapro_mkt\"}]}<\/script>\n<!-- \/ Yoast SEO plugin. -->","yoast_head_json":{"title":"Cap d\u2019Any 2025 a Baqueira: Qu\u00e8 fer | Hotel Tuc Blanc Baqueira","description":"Celebra el cap d\u00b4any a Baqueira! Descobreix qu\u00e8 fer a la nit de cap d'any per Baqueira Beret: baixada de torxes, focs artificials...","robots":{"index":"index","follow":"follow","max-snippet":"max-snippet:-1","max-image-preview":"max-image-preview:large","max-video-preview":"max-video-preview:-1"},"canonical":"https:\/\/www.hoteltucblancbaqueira.com\/ca\/cap-dany-baqueira\/","og_locale":"ca_ES","og_type":"article","og_title":"Cap d\u2019Any 2025 a Baqueira: Qu\u00e8 fer | Hotel Tuc Blanc Baqueira","og_description":"Celebra el cap d\u00b4any a Baqueira! Descobreix qu\u00e8 fer a la nit de cap d'any per Baqueira Beret: baixada de torxes, focs artificials...","og_url":"https:\/\/www.hoteltucblancbaqueira.com\/ca\/cap-dany-baqueira\/","og_site_name":"Hotel Tuc Blanc Baqueira","article_published_time":"2025-07-21T13:10:55+00:00","article_modified_time":"2025-11-27T09:34:19+00:00","og_image":[{"width":1487,"height":991,"url":"https:\/\/www.hoteltucblancbaqueira.com\/wp-content\/uploads\/2024\/10\/fiesta-baqueira.webp","type":"image\/webp"}],"author":"alojapro_mkt","twitter_card":"summary_large_image","twitter_misc":{"Escrit per":"alojapro_mkt","Temps estimat de lectura":"3 minuts"},"schema":{"@context":"https:\/\/schema.org","@graph":[{"@type":"Article","@id":"https:\/\/www.hoteltucblancbaqueira.com\/ca\/cap-dany-baqueira\/#article","isPartOf":{"@id":"https:\/\/www.hoteltucblancbaqueira.com\/ca\/cap-dany-baqueira\/"},"author":{"name":"alojapro_mkt","@id":"https:\/\/www.hoteltucblancbaqueira.com\/ca\/#\/schema\/person\/18a0f8b4813ee9544e861e9777b27696"},"headline":"Cap d\u2019Any 2025 a Baqueira: Qu\u00e8 fer","datePublished":"2025-07-21T13:10:55+00:00","dateModified":"2025-11-27T09:34:19+00:00","mainEntityOfPage":{"@id":"https:\/\/www.hoteltucblancbaqueira.com\/ca\/cap-dany-baqueira\/"},"wordCount":360,"publisher":{"@id":"https:\/\/www.hoteltucblancbaqueira.com\/ca\/#organization"},"image":{"@id":"https:\/\/www.hoteltucblancbaqueira.com\/ca\/cap-dany-baqueira\/#primaryimage"},"thumbnailUrl":"https:\/\/www.hoteltucblancbaqueira.com\/wp-content\/uploads\/2024\/10\/fiesta-baqueira.webp","keywords":["baixada de torxes a Baqueira","cap d'any baqueira","cap d'any baqueira beret","nitvella baqueira","vin cau baqueira"],"articleSection":["Hivern"],"inLanguage":"ca"},{"@type":"WebPage","@id":"https:\/\/www.hoteltucblancbaqueira.com\/ca\/cap-dany-baqueira\/","url":"https:\/\/www.hoteltucblancbaqueira.com\/ca\/cap-dany-baqueira\/","name":"Cap d\u2019Any 2025 a Baqueira: Qu\u00e8 fer | Hotel Tuc Blanc Baqueira","isPartOf":{"@id":"https:\/\/www.hoteltucblancbaqueira.com\/ca\/#website"},"primaryImageOfPage":{"@id":"https:\/\/www.hoteltucblancbaqueira.com\/ca\/cap-dany-baqueira\/#primaryimage"},"image":{"@id":"https:\/\/www.hoteltucblancbaqueira.com\/ca\/cap-dany-baqueira\/#primaryimage"},"thumbnailUrl":"https:\/\/www.hoteltucblancbaqueira.com\/wp-content\/uploads\/2024\/10\/fiesta-baqueira.webp","datePublished":"2025-07-21T13:10:55+00:00","dateModified":"2025-11-27T09:34:19+00:00","description":"Celebra el cap d\u00b4any a Baqueira! Descobreix qu\u00e8 fer a la nit de cap d'any per Baqueira Beret: baixada de torxes, focs artificials...","breadcrumb":{"@id":"https:\/\/www.hoteltucblancbaqueira.com\/ca\/cap-dany-baqueira\/#breadcrumb"},"inLanguage":"ca","potentialAction":[{"@type":"ReadAction","target":["https:\/\/www.hoteltucblancbaqueira.com\/ca\/cap-dany-baqueira\/"]}]},{"@type":"ImageObject","inLanguage":"ca","@id":"https:\/\/www.hoteltucblancbaqueira.com\/ca\/cap-dany-baqueira\/#primaryimage","url":"https:\/\/www.hoteltucblancbaqueira.com\/wp-content\/uploads\/2024\/10\/fiesta-baqueira.webp","contentUrl":"https:\/\/www.hoteltucblancbaqueira.com\/wp-content\/uploads\/2024\/10\/fiesta-baqueira.webp","width":1487,"height":991,"caption":"fiesta fin de a\u00f1o baqueira"},{"@type":"BreadcrumbList","@id":"https:\/\/www.hoteltucblancbaqueira.com\/ca\/cap-dany-baqueira\/#breadcrumb","itemListElement":[{"@type":"ListItem","position":1,"name":"Portada","item":"https:\/\/www.hoteltucblancbaqueira.com\/ca\/home\/"},{"@type":"ListItem","position":2,"name":"Cap d\u2019Any 2025 a Baqueira: Qu\u00e8 fer"}]},{"@type":"WebSite","@id":"https:\/\/www.hoteltucblancbaqueira.com\/ca\/#website","url":"https:\/\/www.hoteltucblancbaqueira.com\/ca\/","name":"Hotel Tuc Blanc Baqueira","description":"Hotel en Baqueira a pie de pistas","publisher":{"@id":"https:\/\/www.hoteltucblancbaqueira.com\/ca\/#organization"},"potentialAction":[{"@type":"SearchAction","target":{"@type":"EntryPoint","urlTemplate":"https:\/\/www.hoteltucblancbaqueira.com\/ca\/?s={search_term_string}"},"query-input":{"@type":"PropertyValueSpecification","valueRequired":true,"valueName":"search_term_string"}}],"inLanguage":"ca"},{"@type":"Organization","@id":"https:\/\/www.hoteltucblancbaqueira.com\/ca\/#organization","name":"Hotel Tuc Blanc Baqueira","url":"https:\/\/www.hoteltucblancbaqueira.com\/ca\/","logo":{"@type":"ImageObject","inLanguage":"ca","@id":"https:\/\/www.hoteltucblancbaqueira.com\/ca\/#\/schema\/logo\/image\/","url":"https:\/\/www.hoteltucblancbaqueira.com\/wp-content\/uploads\/2025\/05\/logo_header.svg","contentUrl":"https:\/\/www.hoteltucblancbaqueira.com\/wp-content\/uploads\/2025\/05\/logo_header.svg","width":398,"height":101,"caption":"Hotel Tuc Blanc Baqueira"},"image":{"@id":"https:\/\/www.hoteltucblancbaqueira.com\/ca\/#\/schema\/logo\/image\/"}},{"@type":"Person","@id":"https:\/\/www.hoteltucblancbaqueira.com\/ca\/#\/schema\/person\/18a0f8b4813ee9544e861e9777b27696","name":"alojapro_mkt"}]}},"loftoceanMetas":{"authorName":"alojapro_mkt","categories":[{"name":"Hivern","link":"https:\/\/www.hoteltucblancbaqueira.com\/ca\/category\/hivern\/","count":13}],"date":"21 de juliol de 2025","featuredImageSRC":"https:\/\/www.hoteltucblancbaqueira.com\/wp-content\/uploads\/2024\/10\/fiesta-baqueira-150x150.webp"},"_links":{"self":[{"href":"https:\/\/www.hoteltucblancbaqueira.com\/ca\/wp-json\/wp\/v2\/posts\/6000","targetHints":{"allow":["GET"]}}],"collection":[{"href":"https:\/\/www.hoteltucblancbaqueira.com\/ca\/wp-json\/wp\/v2\/posts"}],"about":[{"href":"https:\/\/www.hoteltucblancbaqueira.com\/ca\/wp-json\/wp\/v2\/types\/post"}],"author":[{"embeddable":true,"href":"https:\/\/www.hoteltucblancbaqueira.com\/ca\/wp-json\/wp\/v2\/users\/3"}],"replies":[{"embeddable":true,"href":"https:\/\/www.hoteltucblancbaqueira.com\/ca\/wp-json\/wp\/v2\/comments?post=6000"}],"version-history":[{"count":1,"href":"https:\/\/www.hoteltucblancbaqueira.com\/ca\/wp-json\/wp\/v2\/posts\/6000\/revisions"}],"predecessor-version":[{"id":7123,"href":"https:\/\/www.hoteltucblancbaqueira.com\/ca\/wp-json\/wp\/v2\/posts\/6000\/revisions\/7123"}],"wp:featuredmedia":[{"embeddable":true,"href":"https:\/\/www.hoteltucblancbaqueira.com\/ca\/wp-json\/wp\/v2\/media\/4638"}],"wp:attachment":[{"href":"https:\/\/www.hoteltucblancbaqueira.com\/ca\/wp-json\/wp\/v2\/media?parent=6000"}],"wp:term":[{"taxonomy":"category","embeddable":true,"href":"https:\/\/www.hoteltucblancbaqueira.com\/ca\/wp-json\/wp\/v2\/categories?post=6000"},{"taxonomy":"post_tag","embeddable":true,"href":"https:\/\/www.hoteltucblancbaqueira.com\/ca\/wp-json\/wp\/v2\/tags?post=6000"}],"curies":[{"name":"wp","href":"https:\/\/api.w.org\/{rel}","templated":true}]}}