{"id":6464,"date":"2025-08-18T17:53:07","date_gmt":"2025-08-18T15:53:07","guid":{"rendered":"https:\/\/www.hoteltucblancbaqueira.com\/?p=6464"},"modified":"2025-08-19T15:23:36","modified_gmt":"2025-08-19T13:23:36","slug":"gastronomia-de-la-vall-daran","status":"publish","type":"post","link":"https:\/\/www.hoteltucblancbaqueira.com\/ca\/gastronomia-de-la-vall-daran\/","title":{"rendered":"Gastronomia de la Vall d\u2019Aran"},"content":{"rendered":"\t\t<div data-elementor-type=\"wp-post\" data-elementor-id=\"6464\" class=\"elementor elementor-6464 elementor-1313\" data-elementor-post-type=\"post\">\n\t\t\t\t<div class=\"elementor-element elementor-element-da83ce7 e-flex e-con-boxed e-con e-parent\" data-id=\"da83ce7\" data-element_type=\"container\" data-e-type=\"container\">\n\t\t\t\t\t<div class=\"e-con-inner\">\n\t\t\t\t<div class=\"elementor-element elementor-element-bd3d1fe elementor-widget elementor-widget-text-editor\" data-id=\"bd3d1fe\" data-element_type=\"widget\" data-e-type=\"widget\" data-widget_type=\"text-editor.default\">\n\t\t\t\t\t\t\t\t\t<p>La Vall d\u2019Aran, en ple cor de els Pirineus, no nom\u00e9s captiva per els seus paisatges i pobles de pedra, sin\u00f3 tamb\u00e9 per la seva gastronomia \u00fanica, que combina la cuina de muntanya amb influ\u00e8ncies occitanes. La gastronomia de la Vall d\u2019Aran \u00e9s sin\u00f2nim de productes locals, receptes ancestrals i plats reconfortants perfectes per als dies freds. <\/p><p><strong>Cuina tradicional aranesa: una experi\u00e8ncia culin\u00e0ria \u00fanica<\/strong><\/p><p>Explorar la gastronomia de la Vall d\u2019Aran \u00e9s endinsar-se en la seva cultura, el seu clima i el seu estil de vida. Aquesta cuina de proximitat destaca per l\u2019\u00fas d\u2019ingredients locals com formatges artesans, mel de muntanya, embotits tradicionals i licors casolans elaborats amb herbes i fruits silvestres de l\u2019entorn. <\/p><p>Molts d\u2019aquests productes es poden degustar en mercats locals, fires gastron\u00f2miques o directament en restaurants de la Vall d\u2019Aran que reinterpretan les receptes de sempre amb un enfocament modern.<\/p>\t\t\t\t\t\t\t\t<\/div>\n\t\t\t\t\t<\/div>\n\t\t\t\t<\/div>\n\t\t<div class=\"elementor-element elementor-element-5f6a4d8 e-flex e-con-boxed e-con e-parent\" data-id=\"5f6a4d8\" data-element_type=\"container\" data-e-type=\"container\">\n\t\t\t\t\t<div class=\"e-con-inner\">\n\t\t\t\t<div class=\"elementor-element elementor-element-06a011f elementor-widget elementor-widget-text-editor\" data-id=\"06a011f\" data-element_type=\"widget\" data-e-type=\"widget\" data-widget_type=\"text-editor.default\">\n\t\t\t\t\t\t\t\t\t<p><strong>Plats t\u00edpics de la Vall d\u2019Aran que no pots deixar de provar<\/strong><\/p><ul><li><strong>Formatge de tup\u00ed:<\/strong> Formatge fermentat, untable i de sabor intens. Elaborat artesanalment, \u00e9s un s\u00edmbol del patrimoni culinari pirenaic <\/li><li><strong>Embotits i pat\u00e9s artesanals:<\/strong> Destaquen la l<em>angoissa<\/em>, la longanissa t\u00edpica de la regi\u00f3, imprescindible en qualsevol taula aranesa.<\/li><li><strong>\u00d2lha aranesa:<\/strong> el plat m\u00e9s emblem\u00e0tic de la vall. Una sopa espessa de carn, llegums, verdures i embotits que reconforta el cos i l\u2019\u00e0nima. <\/li><li><strong>Civet de senglar:<\/strong> carn de ca\u00e7a cuinada lentament amb vi negre i esp\u00e8cies. Un cl\u00e0ssic de tardor i hivern. <\/li><li><strong>Truita a l\u2019aranesa:<\/strong> Peix fresc de riu, sovint acompanyat de pernil o cuinat al forn amb herbes.<\/li><li> <strong style=\"font-size: inherit;\">La Pierrade:<\/strong> <span style=\"font-size: inherit;\">Una experi\u00e8ncia interactiva on es cuina la carn o el peix sobre una pedra calenta col\u00b7locada al centre de la taula.<\/span><\/li><li> <strong style=\"font-size: inherit;\">Coquilhons: <\/strong><span style=\"font-size: inherit;\">Pasta fregida tradicional que solia preparar-se en les festes locals, perfecta com a postres o per acompanyar el caf\u00e8.<\/span><\/li><\/ul>\t\t\t\t\t\t\t\t<\/div>\n\t\t\t\t\t<\/div>\n\t\t\t\t<\/div>\n\t\t<div class=\"elementor-element elementor-element-b46145c e-flex e-con-boxed e-con e-parent\" data-id=\"b46145c\" data-element_type=\"container\" data-e-type=\"container\">\n\t\t\t\t\t<div class=\"e-con-inner\">\n\t\t<div class=\"elementor-element elementor-element-c4addd0 e-con-full e-flex e-con e-child\" data-id=\"c4addd0\" data-element_type=\"container\" data-e-type=\"container\">\n\t\t\t\t<div class=\"elementor-element elementor-element-7e92a06 elementor-widget elementor-widget-image\" data-id=\"7e92a06\" data-element_type=\"widget\" data-e-type=\"widget\" data-widget_type=\"image.default\">\n\t\t\t\t\t\t\t\t\t\t\t\t\t\t\t<img fetchpriority=\"high\" decoding=\"async\" width=\"1000\" height=\"1000\" src=\"https:\/\/www.hoteltucblancbaqueira.com\/wp-content\/uploads\/2025\/07\/Formatge-Tupi.webp\" class=\"attachment-large size-large wp-image-6265\" alt=\"Formatge Tup\u00ed\" srcset=\"https:\/\/www.hoteltucblancbaqueira.com\/wp-content\/uploads\/2025\/07\/Formatge-Tupi.webp 1000w, https:\/\/www.hoteltucblancbaqueira.com\/wp-content\/uploads\/2025\/07\/Formatge-Tupi-300x300.webp 300w, https:\/\/www.hoteltucblancbaqueira.com\/wp-content\/uploads\/2025\/07\/Formatge-Tupi-150x150.webp 150w, https:\/\/www.hoteltucblancbaqueira.com\/wp-content\/uploads\/2025\/07\/Formatge-Tupi-768x768.webp 768w, https:\/\/www.hoteltucblancbaqueira.com\/wp-content\/uploads\/2025\/07\/Formatge-Tupi-780x780.webp 780w, https:\/\/www.hoteltucblancbaqueira.com\/wp-content\/uploads\/2025\/07\/Formatge-Tupi-600x600.webp 600w, https:\/\/www.hoteltucblancbaqueira.com\/wp-content\/uploads\/2025\/07\/Formatge-Tupi-550x550.webp 550w, https:\/\/www.hoteltucblancbaqueira.com\/wp-content\/uploads\/2025\/07\/Formatge-Tupi-370x370.webp 370w, https:\/\/www.hoteltucblancbaqueira.com\/wp-content\/uploads\/2025\/07\/Formatge-Tupi-255x255.webp 255w\" sizes=\"(max-width: 1000px) 100vw, 1000px\" \/>\t\t\t\t\t\t\t\t\t\t\t\t\t\t\t<\/div>\n\t\t\t\t<\/div>\n\t\t<div class=\"elementor-element elementor-element-c98b717 e-con-full e-flex e-con e-child\" data-id=\"c98b717\" data-element_type=\"container\" data-e-type=\"container\">\n\t\t\t\t<div class=\"elementor-element elementor-element-10324a1 elementor-widget elementor-widget-image\" data-id=\"10324a1\" data-element_type=\"widget\" data-e-type=\"widget\" data-widget_type=\"image.default\">\n\t\t\t\t\t\t\t\t\t\t\t\t\t\t\t<img decoding=\"async\" width=\"1000\" height=\"1000\" src=\"https:\/\/www.hoteltucblancbaqueira.com\/wp-content\/uploads\/2025\/07\/Embotits-Artesanals.webp\" class=\"attachment-large size-large wp-image-6261\" alt=\"Embotits Artesanals\" srcset=\"https:\/\/www.hoteltucblancbaqueira.com\/wp-content\/uploads\/2025\/07\/Embotits-Artesanals.webp 1000w, https:\/\/www.hoteltucblancbaqueira.com\/wp-content\/uploads\/2025\/07\/Embotits-Artesanals-300x300.webp 300w, https:\/\/www.hoteltucblancbaqueira.com\/wp-content\/uploads\/2025\/07\/Embotits-Artesanals-150x150.webp 150w, https:\/\/www.hoteltucblancbaqueira.com\/wp-content\/uploads\/2025\/07\/Embotits-Artesanals-768x768.webp 768w, https:\/\/www.hoteltucblancbaqueira.com\/wp-content\/uploads\/2025\/07\/Embotits-Artesanals-780x780.webp 780w, https:\/\/www.hoteltucblancbaqueira.com\/wp-content\/uploads\/2025\/07\/Embotits-Artesanals-600x600.webp 600w, https:\/\/www.hoteltucblancbaqueira.com\/wp-content\/uploads\/2025\/07\/Embotits-Artesanals-550x550.webp 550w, https:\/\/www.hoteltucblancbaqueira.com\/wp-content\/uploads\/2025\/07\/Embotits-Artesanals-370x370.webp 370w, https:\/\/www.hoteltucblancbaqueira.com\/wp-content\/uploads\/2025\/07\/Embotits-Artesanals-255x255.webp 255w\" sizes=\"(max-width: 1000px) 100vw, 1000px\" \/>\t\t\t\t\t\t\t\t\t\t\t\t\t\t\t<\/div>\n\t\t\t\t<\/div>\n\t\t<div class=\"elementor-element elementor-element-94e41f3 e-con-full e-flex e-con e-child\" data-id=\"94e41f3\" data-element_type=\"container\" data-e-type=\"container\">\n\t\t\t\t<div class=\"elementor-element elementor-element-1cb71ff elementor-widget elementor-widget-image\" data-id=\"1cb71ff\" data-element_type=\"widget\" data-e-type=\"widget\" data-widget_type=\"image.default\">\n\t\t\t\t\t\t\t\t\t\t\t\t\t\t\t<img decoding=\"async\" width=\"1000\" height=\"1000\" src=\"https:\/\/www.hoteltucblancbaqueira.com\/wp-content\/uploads\/2025\/07\/Olla-Aranesa.webp\" class=\"attachment-large size-large wp-image-6273\" alt=\"Olla Aranesa\" srcset=\"https:\/\/www.hoteltucblancbaqueira.com\/wp-content\/uploads\/2025\/07\/Olla-Aranesa.webp 1000w, https:\/\/www.hoteltucblancbaqueira.com\/wp-content\/uploads\/2025\/07\/Olla-Aranesa-300x300.webp 300w, https:\/\/www.hoteltucblancbaqueira.com\/wp-content\/uploads\/2025\/07\/Olla-Aranesa-150x150.webp 150w, https:\/\/www.hoteltucblancbaqueira.com\/wp-content\/uploads\/2025\/07\/Olla-Aranesa-768x768.webp 768w, https:\/\/www.hoteltucblancbaqueira.com\/wp-content\/uploads\/2025\/07\/Olla-Aranesa-780x780.webp 780w, https:\/\/www.hoteltucblancbaqueira.com\/wp-content\/uploads\/2025\/07\/Olla-Aranesa-600x600.webp 600w, https:\/\/www.hoteltucblancbaqueira.com\/wp-content\/uploads\/2025\/07\/Olla-Aranesa-550x550.webp 550w, https:\/\/www.hoteltucblancbaqueira.com\/wp-content\/uploads\/2025\/07\/Olla-Aranesa-370x370.webp 370w, https:\/\/www.hoteltucblancbaqueira.com\/wp-content\/uploads\/2025\/07\/Olla-Aranesa-255x255.webp 255w\" sizes=\"(max-width: 1000px) 100vw, 1000px\" \/>\t\t\t\t\t\t\t\t\t\t\t\t\t\t\t<\/div>\n\t\t\t\t<\/div>\n\t\t<div class=\"elementor-element elementor-element-b07753d e-con-full e-flex e-con e-child\" data-id=\"b07753d\" data-element_type=\"container\" data-e-type=\"container\">\n\t\t\t\t<div class=\"elementor-element elementor-element-1ce0365 elementor-widget elementor-widget-image\" data-id=\"1ce0365\" data-element_type=\"widget\" data-e-type=\"widget\" data-widget_type=\"image.default\">\n\t\t\t\t\t\t\t\t\t\t\t\t\t\t\t<img loading=\"lazy\" decoding=\"async\" width=\"1000\" height=\"1000\" src=\"https:\/\/www.hoteltucblancbaqueira.com\/wp-content\/uploads\/2025\/07\/Trucha-Aranesa.webp\" class=\"attachment-large size-large wp-image-6277\" alt=\"Trucha Aranesa\" srcset=\"https:\/\/www.hoteltucblancbaqueira.com\/wp-content\/uploads\/2025\/07\/Trucha-Aranesa.webp 1000w, https:\/\/www.hoteltucblancbaqueira.com\/wp-content\/uploads\/2025\/07\/Trucha-Aranesa-300x300.webp 300w, https:\/\/www.hoteltucblancbaqueira.com\/wp-content\/uploads\/2025\/07\/Trucha-Aranesa-150x150.webp 150w, https:\/\/www.hoteltucblancbaqueira.com\/wp-content\/uploads\/2025\/07\/Trucha-Aranesa-768x768.webp 768w, https:\/\/www.hoteltucblancbaqueira.com\/wp-content\/uploads\/2025\/07\/Trucha-Aranesa-780x780.webp 780w, https:\/\/www.hoteltucblancbaqueira.com\/wp-content\/uploads\/2025\/07\/Trucha-Aranesa-600x600.webp 600w, https:\/\/www.hoteltucblancbaqueira.com\/wp-content\/uploads\/2025\/07\/Trucha-Aranesa-550x550.webp 550w, https:\/\/www.hoteltucblancbaqueira.com\/wp-content\/uploads\/2025\/07\/Trucha-Aranesa-370x370.webp 370w, https:\/\/www.hoteltucblancbaqueira.com\/wp-content\/uploads\/2025\/07\/Trucha-Aranesa-255x255.webp 255w\" sizes=\"(max-width: 1000px) 100vw, 1000px\" \/>\t\t\t\t\t\t\t\t\t\t\t\t\t\t\t<\/div>\n\t\t\t\t<\/div>\n\t\t<div class=\"elementor-element elementor-element-a977f11 e-con-full e-flex e-con e-child\" data-id=\"a977f11\" data-element_type=\"container\" data-e-type=\"container\">\n\t\t\t\t<div class=\"elementor-element elementor-element-dd58dd8 elementor-widget elementor-widget-image\" data-id=\"dd58dd8\" data-element_type=\"widget\" data-e-type=\"widget\" data-widget_type=\"image.default\">\n\t\t\t\t\t\t\t\t\t\t\t\t\t\t\t<img loading=\"lazy\" decoding=\"async\" width=\"1000\" height=\"1000\" src=\"https:\/\/www.hoteltucblancbaqueira.com\/wp-content\/uploads\/2025\/07\/Civet-de-jabali.webp\" class=\"attachment-large size-large wp-image-6253\" alt=\"Civet de jabal\u00ed\" srcset=\"https:\/\/www.hoteltucblancbaqueira.com\/wp-content\/uploads\/2025\/07\/Civet-de-jabali.webp 1000w, https:\/\/www.hoteltucblancbaqueira.com\/wp-content\/uploads\/2025\/07\/Civet-de-jabali-300x300.webp 300w, https:\/\/www.hoteltucblancbaqueira.com\/wp-content\/uploads\/2025\/07\/Civet-de-jabali-150x150.webp 150w, https:\/\/www.hoteltucblancbaqueira.com\/wp-content\/uploads\/2025\/07\/Civet-de-jabali-768x768.webp 768w, https:\/\/www.hoteltucblancbaqueira.com\/wp-content\/uploads\/2025\/07\/Civet-de-jabali-780x780.webp 780w, https:\/\/www.hoteltucblancbaqueira.com\/wp-content\/uploads\/2025\/07\/Civet-de-jabali-600x600.webp 600w, https:\/\/www.hoteltucblancbaqueira.com\/wp-content\/uploads\/2025\/07\/Civet-de-jabali-550x550.webp 550w, https:\/\/www.hoteltucblancbaqueira.com\/wp-content\/uploads\/2025\/07\/Civet-de-jabali-370x370.webp 370w, https:\/\/www.hoteltucblancbaqueira.com\/wp-content\/uploads\/2025\/07\/Civet-de-jabali-255x255.webp 255w\" sizes=\"(max-width: 1000px) 100vw, 1000px\" \/>\t\t\t\t\t\t\t\t\t\t\t\t\t\t\t<\/div>\n\t\t\t\t<\/div>\n\t\t<div class=\"elementor-element elementor-element-0c05762 e-con-full e-flex e-con e-child\" data-id=\"0c05762\" data-element_type=\"container\" data-e-type=\"container\">\n\t\t\t\t<div class=\"elementor-element elementor-element-0fba33b elementor-widget elementor-widget-image\" data-id=\"0fba33b\" data-element_type=\"widget\" data-e-type=\"widget\" data-widget_type=\"image.default\">\n\t\t\t\t\t\t\t\t\t\t\t\t\t\t\t<img loading=\"lazy\" decoding=\"async\" width=\"1000\" height=\"1000\" src=\"https:\/\/www.hoteltucblancbaqueira.com\/wp-content\/uploads\/2025\/07\/Coquilhons.webp\" class=\"attachment-large size-large wp-image-6257\" alt=\"\" srcset=\"https:\/\/www.hoteltucblancbaqueira.com\/wp-content\/uploads\/2025\/07\/Coquilhons.webp 1000w, https:\/\/www.hoteltucblancbaqueira.com\/wp-content\/uploads\/2025\/07\/Coquilhons-300x300.webp 300w, https:\/\/www.hoteltucblancbaqueira.com\/wp-content\/uploads\/2025\/07\/Coquilhons-150x150.webp 150w, https:\/\/www.hoteltucblancbaqueira.com\/wp-content\/uploads\/2025\/07\/Coquilhons-768x768.webp 768w, https:\/\/www.hoteltucblancbaqueira.com\/wp-content\/uploads\/2025\/07\/Coquilhons-780x780.webp 780w, https:\/\/www.hoteltucblancbaqueira.com\/wp-content\/uploads\/2025\/07\/Coquilhons-600x600.webp 600w, https:\/\/www.hoteltucblancbaqueira.com\/wp-content\/uploads\/2025\/07\/Coquilhons-550x550.webp 550w, https:\/\/www.hoteltucblancbaqueira.com\/wp-content\/uploads\/2025\/07\/Coquilhons-370x370.webp 370w, https:\/\/www.hoteltucblancbaqueira.com\/wp-content\/uploads\/2025\/07\/Coquilhons-255x255.webp 255w\" sizes=\"(max-width: 1000px) 100vw, 1000px\" \/>\t\t\t\t\t\t\t\t\t\t\t\t\t\t\t<\/div>\n\t\t\t\t<\/div>\n\t\t\t\t\t<\/div>\n\t\t\t\t<\/div>\n\t\t<div class=\"elementor-element elementor-element-01a5d51 e-flex e-con-boxed e-con e-parent\" data-id=\"01a5d51\" data-element_type=\"container\" data-e-type=\"container\">\n\t\t\t\t\t<div class=\"e-con-inner\">\n\t\t\t\t<div class=\"elementor-element elementor-element-cb63598 elementor-widget elementor-widget-text-editor\" data-id=\"cb63598\" data-element_type=\"widget\" data-e-type=\"widget\" data-widget_type=\"text-editor.default\">\n\t\t\t\t\t\t\t\t\t<p><strong>Caviar Nacarii: un luxe del Pirineu<\/strong><\/p><p>Per a aquells que busquen experi\u00e8ncies gourmet, a la Vall d\u2019Aran tamb\u00e9 es produeix el exclusiu <strong>Caviar Nacarii.<\/strong> Els esturions creixen a les aig\u00fces pures del riu Garona, donant lloc a un caviar de la m\u00e9s alta qualitat, ideal per als paladars m\u00e9s exigents. A m\u00e9s, pots gaudir d\u2019una <strong>visita guiada a la piscifactor\u00eda<\/strong>, una activitat \u00fanica a la regi\u00f3.  <br><a href=\"https:\/\/www.caviarnacarii.com\/visitas-guiadas\/\">Reserva la teva visita al Caviar Nacarii aqu\u00ed<\/a><\/p><p><strong>Un dest\u00ed ideal per a gourmets de muntanya<\/strong><\/p><p>Ja sigui despr\u00e9s d\u2019una jornada d\u2019esqu\u00ed o despr\u00e9s d\u2019una ruta de senderisme, seure a la taula a la Vall d\u2019Aran forma part de l\u2019experi\u00e8ncia. Si t\u2019agrada la cuina de veritat, la que reconforta, sorpr\u00e8n i connecta amb el territori, aquest rac\u00f3 dels Pirineus catalans t\u2019enamorar\u00e0. <\/p><p><strong>Descobreix els millors restaurants i bordes tradicionals,<\/strong> on els cuiners reinventa les receptes de sempre amb creativitat, per\u00f2 respectant el producte local i de temporada.<\/p><p><strong>T\u2019atreveixes a tastar la Vall d\u2019Aran?<\/strong><\/p><p>Fes la teva estada m\u00e9s especial reservant al nostre <a href=\"https:\/\/hoteltucblancbaqueira.com\/ca\/\"><strong>hotel amb spa a Baqueira<\/strong><\/a> i gaudeix d&#8217;una experi\u00e8ncia gastron\u00f2mica inoblidable a la Val d&#8217;Aran.<\/p>\t\t\t\t\t\t\t\t<\/div>\n\t\t\t\t\t<\/div>\n\t\t\t\t<\/div>\n\t\t\t\t<\/div>\n\t\t","protected":false},"excerpt":{"rendered":"<p>La Vall d\u2019Aran, en ple cor de els Pirineus, no nom\u00e9s captiva per els seus paisatges i pobles de pedra, sin\u00f3 tamb\u00e9 per la seva gastronomia \u00fanica, que combina la cuina de muntanya amb influ\u00e8ncies occitanes. La gastronomia de la Vall d\u2019Aran \u00e9s sin\u00f2nim de productes locals, receptes ancestrals i plats reconfortants perfectes per als &#8230;<\/p>\n","protected":false},"author":3,"featured_media":6269,"comment_status":"closed","ping_status":"closed","sticky":false,"template":"","format":"standard","meta":{"loftocean_post_format_gallery":"","loftocean_post_format_gallery_ids":"","loftocean_post_format_gallery_urls":"","loftocean_post_format_video_id":0,"loftocean_post_format_video_url":"","loftocean_post_format_video_type":"","loftocean_post_format_video":"","loftocean_post_format_audio_type":"","loftocean_post_format_audio_url":"","loftocean_post_format_audio_id":0,"loftocean_post_format_audio":"","loftocean-like-count":0,"cozystay_single_post_hide_site_header":"","cozystay_single_post_site_header_source":"","cozystay_single_post_custom_site_header":"0","cozystay_single_post_custom_sticky_site_header":"0","cozystay_single_post_hide_page_title":"","cozystay_single_post_site_footer_hide_main":"","cozystay_single_custom_site_footer_main_source":"","cozystay_single_custom_site_footer_main":"0","cozystay_single_post_site_footer_hide_above":"","cozystay_single_custom_site_footer_above_source":"","cozystay_single_custom_site_footer_above":"0","cozystay_single_post_site_footer_hide_instagram":"","cozystay_single_post_site_footer_hide_bottom":"","cozystay_single_custom_mobile_menu_source":"","cozystay_single_custom_mobile_menu":"0","cozystay_single_custom_mobile_menu_animation":"","cozystay_single_custom_mobile_menu_width":"","cozystay_single_custom_mobile_menu_custom_width":375,"cozystay_single_post_template":"","footnotes":""},"categories":[214,223,131],"tags":[215,213,216],"class_list":["post-6464","post","type-post","status-publish","format-standard","has-post-thumbnail","hentry","category-estiu-a-baqueira","category-gastronomia-ca","category-hivern","tag-estiu-baqueira","tag-gastronomia","tag-val-daran-estiu"],"yoast_head":"<!-- This site is optimized with the Yoast SEO plugin v27.4 - https:\/\/yoast.com\/product\/yoast-seo-wordpress\/ -->\n<title>Gastronomia de la Vall d\u2019Aran | Hotel Tuc Blanc Baqueira<\/title>\n<meta name=\"description\" content=\"Gastronomia de la Val d\u2019Aran: sabors aut\u00e8ntics del Pirineu catal\u00e0. Endinsa&#039;t en la seva cultura, clima i estil de vida.\" \/>\n<meta name=\"robots\" content=\"index, follow, max-snippet:-1, max-image-preview:large, max-video-preview:-1\" \/>\n<link rel=\"canonical\" href=\"https:\/\/www.hoteltucblancbaqueira.com\/ca\/gastronomia-de-la-vall-daran\/\" \/>\n<meta property=\"og:locale\" content=\"ca_ES\" \/>\n<meta property=\"og:type\" content=\"article\" \/>\n<meta property=\"og:title\" content=\"Gastronomia de la Vall d\u2019Aran | Hotel Tuc Blanc Baqueira\" \/>\n<meta property=\"og:description\" content=\"Gastronomia de la Val d\u2019Aran: sabors aut\u00e8ntics del Pirineu catal\u00e0. Endinsa&#039;t en la seva cultura, clima i estil de vida.\" \/>\n<meta property=\"og:url\" content=\"https:\/\/www.hoteltucblancbaqueira.com\/ca\/gastronomia-de-la-vall-daran\/\" \/>\n<meta property=\"og:site_name\" content=\"Hotel Tuc Blanc Baqueira\" \/>\n<meta property=\"article:published_time\" content=\"2025-08-18T15:53:07+00:00\" \/>\n<meta property=\"article:modified_time\" content=\"2025-08-19T13:23:36+00:00\" \/>\n<meta property=\"og:image\" content=\"https:\/\/www.hoteltucblancbaqueira.com\/wp-content\/uploads\/2025\/07\/Gastronomia-Val-dAran-scaled.webp\" \/>\n\t<meta property=\"og:image:width\" content=\"2560\" \/>\n\t<meta property=\"og:image:height\" content=\"1280\" \/>\n\t<meta property=\"og:image:type\" content=\"image\/webp\" \/>\n<meta name=\"author\" content=\"alojapro_mkt\" \/>\n<meta name=\"twitter:card\" content=\"summary_large_image\" \/>\n<meta name=\"twitter:label1\" content=\"Escrit per\" \/>\n\t<meta name=\"twitter:data1\" content=\"alojapro_mkt\" \/>\n\t<meta name=\"twitter:label2\" content=\"Temps estimat de lectura\" \/>\n\t<meta name=\"twitter:data2\" content=\"3 minuts\" \/>\n<script type=\"application\/ld+json\" class=\"yoast-schema-graph\">{\"@context\":\"https:\\\/\\\/schema.org\",\"@graph\":[{\"@type\":\"Article\",\"@id\":\"https:\\\/\\\/www.hoteltucblancbaqueira.com\\\/ca\\\/gastronomia-de-la-vall-daran\\\/#article\",\"isPartOf\":{\"@id\":\"https:\\\/\\\/www.hoteltucblancbaqueira.com\\\/ca\\\/gastronomia-de-la-vall-daran\\\/\"},\"author\":{\"name\":\"alojapro_mkt\",\"@id\":\"https:\\\/\\\/www.hoteltucblancbaqueira.com\\\/ca\\\/#\\\/schema\\\/person\\\/18a0f8b4813ee9544e861e9777b27696\"},\"headline\":\"Gastronomia de la Vall d\u2019Aran\",\"datePublished\":\"2025-08-18T15:53:07+00:00\",\"dateModified\":\"2025-08-19T13:23:36+00:00\",\"mainEntityOfPage\":{\"@id\":\"https:\\\/\\\/www.hoteltucblancbaqueira.com\\\/ca\\\/gastronomia-de-la-vall-daran\\\/\"},\"wordCount\":537,\"publisher\":{\"@id\":\"https:\\\/\\\/www.hoteltucblancbaqueira.com\\\/ca\\\/#organization\"},\"image\":{\"@id\":\"https:\\\/\\\/www.hoteltucblancbaqueira.com\\\/ca\\\/gastronomia-de-la-vall-daran\\\/#primaryimage\"},\"thumbnailUrl\":\"https:\\\/\\\/www.hoteltucblancbaqueira.com\\\/wp-content\\\/uploads\\\/2025\\\/07\\\/Gastronomia-Val-dAran-scaled.webp\",\"keywords\":[\"estiu baqueira\",\"gastronom\u00eda\",\"val d'aran estiu\"],\"articleSection\":[\"Estiu a Baqueira\",\"Gastronomia\",\"Hivern\"],\"inLanguage\":\"ca\"},{\"@type\":\"WebPage\",\"@id\":\"https:\\\/\\\/www.hoteltucblancbaqueira.com\\\/ca\\\/gastronomia-de-la-vall-daran\\\/\",\"url\":\"https:\\\/\\\/www.hoteltucblancbaqueira.com\\\/ca\\\/gastronomia-de-la-vall-daran\\\/\",\"name\":\"Gastronomia de la Vall d\u2019Aran | Hotel Tuc Blanc Baqueira\",\"isPartOf\":{\"@id\":\"https:\\\/\\\/www.hoteltucblancbaqueira.com\\\/ca\\\/#website\"},\"primaryImageOfPage\":{\"@id\":\"https:\\\/\\\/www.hoteltucblancbaqueira.com\\\/ca\\\/gastronomia-de-la-vall-daran\\\/#primaryimage\"},\"image\":{\"@id\":\"https:\\\/\\\/www.hoteltucblancbaqueira.com\\\/ca\\\/gastronomia-de-la-vall-daran\\\/#primaryimage\"},\"thumbnailUrl\":\"https:\\\/\\\/www.hoteltucblancbaqueira.com\\\/wp-content\\\/uploads\\\/2025\\\/07\\\/Gastronomia-Val-dAran-scaled.webp\",\"datePublished\":\"2025-08-18T15:53:07+00:00\",\"dateModified\":\"2025-08-19T13:23:36+00:00\",\"description\":\"Gastronomia de la Val d\u2019Aran: sabors aut\u00e8ntics del Pirineu catal\u00e0. Endinsa't en la seva cultura, clima i estil de vida.\",\"breadcrumb\":{\"@id\":\"https:\\\/\\\/www.hoteltucblancbaqueira.com\\\/ca\\\/gastronomia-de-la-vall-daran\\\/#breadcrumb\"},\"inLanguage\":\"ca\",\"potentialAction\":[{\"@type\":\"ReadAction\",\"target\":[\"https:\\\/\\\/www.hoteltucblancbaqueira.com\\\/ca\\\/gastronomia-de-la-vall-daran\\\/\"]}]},{\"@type\":\"ImageObject\",\"inLanguage\":\"ca\",\"@id\":\"https:\\\/\\\/www.hoteltucblancbaqueira.com\\\/ca\\\/gastronomia-de-la-vall-daran\\\/#primaryimage\",\"url\":\"https:\\\/\\\/www.hoteltucblancbaqueira.com\\\/wp-content\\\/uploads\\\/2025\\\/07\\\/Gastronomia-Val-dAran-scaled.webp\",\"contentUrl\":\"https:\\\/\\\/www.hoteltucblancbaqueira.com\\\/wp-content\\\/uploads\\\/2025\\\/07\\\/Gastronomia-Val-dAran-scaled.webp\",\"width\":2560,\"height\":1280},{\"@type\":\"BreadcrumbList\",\"@id\":\"https:\\\/\\\/www.hoteltucblancbaqueira.com\\\/ca\\\/gastronomia-de-la-vall-daran\\\/#breadcrumb\",\"itemListElement\":[{\"@type\":\"ListItem\",\"position\":1,\"name\":\"Portada\",\"item\":\"https:\\\/\\\/www.hoteltucblancbaqueira.com\\\/ca\\\/home\\\/\"},{\"@type\":\"ListItem\",\"position\":2,\"name\":\"Gastronomia de la Vall d\u2019Aran\"}]},{\"@type\":\"WebSite\",\"@id\":\"https:\\\/\\\/www.hoteltucblancbaqueira.com\\\/ca\\\/#website\",\"url\":\"https:\\\/\\\/www.hoteltucblancbaqueira.com\\\/ca\\\/\",\"name\":\"Hotel Tuc Blanc Baqueira\",\"description\":\"Hotel en Baqueira a pie de pistas\",\"publisher\":{\"@id\":\"https:\\\/\\\/www.hoteltucblancbaqueira.com\\\/ca\\\/#organization\"},\"potentialAction\":[{\"@type\":\"SearchAction\",\"target\":{\"@type\":\"EntryPoint\",\"urlTemplate\":\"https:\\\/\\\/www.hoteltucblancbaqueira.com\\\/ca\\\/?s={search_term_string}\"},\"query-input\":{\"@type\":\"PropertyValueSpecification\",\"valueRequired\":true,\"valueName\":\"search_term_string\"}}],\"inLanguage\":\"ca\"},{\"@type\":\"Organization\",\"@id\":\"https:\\\/\\\/www.hoteltucblancbaqueira.com\\\/ca\\\/#organization\",\"name\":\"Hotel Tuc Blanc Baqueira\",\"url\":\"https:\\\/\\\/www.hoteltucblancbaqueira.com\\\/ca\\\/\",\"logo\":{\"@type\":\"ImageObject\",\"inLanguage\":\"ca\",\"@id\":\"https:\\\/\\\/www.hoteltucblancbaqueira.com\\\/ca\\\/#\\\/schema\\\/logo\\\/image\\\/\",\"url\":\"https:\\\/\\\/www.hoteltucblancbaqueira.com\\\/wp-content\\\/uploads\\\/2025\\\/05\\\/logo_header.svg\",\"contentUrl\":\"https:\\\/\\\/www.hoteltucblancbaqueira.com\\\/wp-content\\\/uploads\\\/2025\\\/05\\\/logo_header.svg\",\"width\":398,\"height\":101,\"caption\":\"Hotel Tuc Blanc Baqueira\"},\"image\":{\"@id\":\"https:\\\/\\\/www.hoteltucblancbaqueira.com\\\/ca\\\/#\\\/schema\\\/logo\\\/image\\\/\"}},{\"@type\":\"Person\",\"@id\":\"https:\\\/\\\/www.hoteltucblancbaqueira.com\\\/ca\\\/#\\\/schema\\\/person\\\/18a0f8b4813ee9544e861e9777b27696\",\"name\":\"alojapro_mkt\"}]}<\/script>\n<!-- \/ Yoast SEO plugin. -->","yoast_head_json":{"title":"Gastronomia de la Vall d\u2019Aran | Hotel Tuc Blanc Baqueira","description":"Gastronomia de la Val d\u2019Aran: sabors aut\u00e8ntics del Pirineu catal\u00e0. Endinsa't en la seva cultura, clima i estil de vida.","robots":{"index":"index","follow":"follow","max-snippet":"max-snippet:-1","max-image-preview":"max-image-preview:large","max-video-preview":"max-video-preview:-1"},"canonical":"https:\/\/www.hoteltucblancbaqueira.com\/ca\/gastronomia-de-la-vall-daran\/","og_locale":"ca_ES","og_type":"article","og_title":"Gastronomia de la Vall d\u2019Aran | Hotel Tuc Blanc Baqueira","og_description":"Gastronomia de la Val d\u2019Aran: sabors aut\u00e8ntics del Pirineu catal\u00e0. Endinsa't en la seva cultura, clima i estil de vida.","og_url":"https:\/\/www.hoteltucblancbaqueira.com\/ca\/gastronomia-de-la-vall-daran\/","og_site_name":"Hotel Tuc Blanc Baqueira","article_published_time":"2025-08-18T15:53:07+00:00","article_modified_time":"2025-08-19T13:23:36+00:00","og_image":[{"width":2560,"height":1280,"url":"https:\/\/www.hoteltucblancbaqueira.com\/wp-content\/uploads\/2025\/07\/Gastronomia-Val-dAran-scaled.webp","type":"image\/webp"}],"author":"alojapro_mkt","twitter_card":"summary_large_image","twitter_misc":{"Escrit per":"alojapro_mkt","Temps estimat de lectura":"3 minuts"},"schema":{"@context":"https:\/\/schema.org","@graph":[{"@type":"Article","@id":"https:\/\/www.hoteltucblancbaqueira.com\/ca\/gastronomia-de-la-vall-daran\/#article","isPartOf":{"@id":"https:\/\/www.hoteltucblancbaqueira.com\/ca\/gastronomia-de-la-vall-daran\/"},"author":{"name":"alojapro_mkt","@id":"https:\/\/www.hoteltucblancbaqueira.com\/ca\/#\/schema\/person\/18a0f8b4813ee9544e861e9777b27696"},"headline":"Gastronomia de la Vall d\u2019Aran","datePublished":"2025-08-18T15:53:07+00:00","dateModified":"2025-08-19T13:23:36+00:00","mainEntityOfPage":{"@id":"https:\/\/www.hoteltucblancbaqueira.com\/ca\/gastronomia-de-la-vall-daran\/"},"wordCount":537,"publisher":{"@id":"https:\/\/www.hoteltucblancbaqueira.com\/ca\/#organization"},"image":{"@id":"https:\/\/www.hoteltucblancbaqueira.com\/ca\/gastronomia-de-la-vall-daran\/#primaryimage"},"thumbnailUrl":"https:\/\/www.hoteltucblancbaqueira.com\/wp-content\/uploads\/2025\/07\/Gastronomia-Val-dAran-scaled.webp","keywords":["estiu baqueira","gastronom\u00eda","val d'aran estiu"],"articleSection":["Estiu a Baqueira","Gastronomia","Hivern"],"inLanguage":"ca"},{"@type":"WebPage","@id":"https:\/\/www.hoteltucblancbaqueira.com\/ca\/gastronomia-de-la-vall-daran\/","url":"https:\/\/www.hoteltucblancbaqueira.com\/ca\/gastronomia-de-la-vall-daran\/","name":"Gastronomia de la Vall d\u2019Aran | Hotel Tuc Blanc Baqueira","isPartOf":{"@id":"https:\/\/www.hoteltucblancbaqueira.com\/ca\/#website"},"primaryImageOfPage":{"@id":"https:\/\/www.hoteltucblancbaqueira.com\/ca\/gastronomia-de-la-vall-daran\/#primaryimage"},"image":{"@id":"https:\/\/www.hoteltucblancbaqueira.com\/ca\/gastronomia-de-la-vall-daran\/#primaryimage"},"thumbnailUrl":"https:\/\/www.hoteltucblancbaqueira.com\/wp-content\/uploads\/2025\/07\/Gastronomia-Val-dAran-scaled.webp","datePublished":"2025-08-18T15:53:07+00:00","dateModified":"2025-08-19T13:23:36+00:00","description":"Gastronomia de la Val d\u2019Aran: sabors aut\u00e8ntics del Pirineu catal\u00e0. Endinsa't en la seva cultura, clima i estil de vida.","breadcrumb":{"@id":"https:\/\/www.hoteltucblancbaqueira.com\/ca\/gastronomia-de-la-vall-daran\/#breadcrumb"},"inLanguage":"ca","potentialAction":[{"@type":"ReadAction","target":["https:\/\/www.hoteltucblancbaqueira.com\/ca\/gastronomia-de-la-vall-daran\/"]}]},{"@type":"ImageObject","inLanguage":"ca","@id":"https:\/\/www.hoteltucblancbaqueira.com\/ca\/gastronomia-de-la-vall-daran\/#primaryimage","url":"https:\/\/www.hoteltucblancbaqueira.com\/wp-content\/uploads\/2025\/07\/Gastronomia-Val-dAran-scaled.webp","contentUrl":"https:\/\/www.hoteltucblancbaqueira.com\/wp-content\/uploads\/2025\/07\/Gastronomia-Val-dAran-scaled.webp","width":2560,"height":1280},{"@type":"BreadcrumbList","@id":"https:\/\/www.hoteltucblancbaqueira.com\/ca\/gastronomia-de-la-vall-daran\/#breadcrumb","itemListElement":[{"@type":"ListItem","position":1,"name":"Portada","item":"https:\/\/www.hoteltucblancbaqueira.com\/ca\/home\/"},{"@type":"ListItem","position":2,"name":"Gastronomia de la Vall d\u2019Aran"}]},{"@type":"WebSite","@id":"https:\/\/www.hoteltucblancbaqueira.com\/ca\/#website","url":"https:\/\/www.hoteltucblancbaqueira.com\/ca\/","name":"Hotel Tuc Blanc Baqueira","description":"Hotel en Baqueira a pie de pistas","publisher":{"@id":"https:\/\/www.hoteltucblancbaqueira.com\/ca\/#organization"},"potentialAction":[{"@type":"SearchAction","target":{"@type":"EntryPoint","urlTemplate":"https:\/\/www.hoteltucblancbaqueira.com\/ca\/?s={search_term_string}"},"query-input":{"@type":"PropertyValueSpecification","valueRequired":true,"valueName":"search_term_string"}}],"inLanguage":"ca"},{"@type":"Organization","@id":"https:\/\/www.hoteltucblancbaqueira.com\/ca\/#organization","name":"Hotel Tuc Blanc Baqueira","url":"https:\/\/www.hoteltucblancbaqueira.com\/ca\/","logo":{"@type":"ImageObject","inLanguage":"ca","@id":"https:\/\/www.hoteltucblancbaqueira.com\/ca\/#\/schema\/logo\/image\/","url":"https:\/\/www.hoteltucblancbaqueira.com\/wp-content\/uploads\/2025\/05\/logo_header.svg","contentUrl":"https:\/\/www.hoteltucblancbaqueira.com\/wp-content\/uploads\/2025\/05\/logo_header.svg","width":398,"height":101,"caption":"Hotel Tuc Blanc Baqueira"},"image":{"@id":"https:\/\/www.hoteltucblancbaqueira.com\/ca\/#\/schema\/logo\/image\/"}},{"@type":"Person","@id":"https:\/\/www.hoteltucblancbaqueira.com\/ca\/#\/schema\/person\/18a0f8b4813ee9544e861e9777b27696","name":"alojapro_mkt"}]}},"loftoceanMetas":{"authorName":"alojapro_mkt","categories":[{"name":"Estiu a Baqueira","link":"https:\/\/www.hoteltucblancbaqueira.com\/ca\/category\/estiu-a-baqueira\/","count":7},{"name":"Gastronomia","link":"https:\/\/www.hoteltucblancbaqueira.com\/ca\/category\/gastronomia-ca\/","count":4},{"name":"Hivern","link":"https:\/\/www.hoteltucblancbaqueira.com\/ca\/category\/hivern\/","count":13}],"date":"18 d'agost de 2025","featuredImageSRC":"https:\/\/www.hoteltucblancbaqueira.com\/wp-content\/uploads\/2025\/07\/Gastronomia-Val-dAran-150x150.webp"},"_links":{"self":[{"href":"https:\/\/www.hoteltucblancbaqueira.com\/ca\/wp-json\/wp\/v2\/posts\/6464","targetHints":{"allow":["GET"]}}],"collection":[{"href":"https:\/\/www.hoteltucblancbaqueira.com\/ca\/wp-json\/wp\/v2\/posts"}],"about":[{"href":"https:\/\/www.hoteltucblancbaqueira.com\/ca\/wp-json\/wp\/v2\/types\/post"}],"author":[{"embeddable":true,"href":"https:\/\/www.hoteltucblancbaqueira.com\/ca\/wp-json\/wp\/v2\/users\/3"}],"replies":[{"embeddable":true,"href":"https:\/\/www.hoteltucblancbaqueira.com\/ca\/wp-json\/wp\/v2\/comments?post=6464"}],"version-history":[{"count":0,"href":"https:\/\/www.hoteltucblancbaqueira.com\/ca\/wp-json\/wp\/v2\/posts\/6464\/revisions"}],"wp:featuredmedia":[{"embeddable":true,"href":"https:\/\/www.hoteltucblancbaqueira.com\/ca\/wp-json\/wp\/v2\/media\/6269"}],"wp:attachment":[{"href":"https:\/\/www.hoteltucblancbaqueira.com\/ca\/wp-json\/wp\/v2\/media?parent=6464"}],"wp:term":[{"taxonomy":"category","embeddable":true,"href":"https:\/\/www.hoteltucblancbaqueira.com\/ca\/wp-json\/wp\/v2\/categories?post=6464"},{"taxonomy":"post_tag","embeddable":true,"href":"https:\/\/www.hoteltucblancbaqueira.com\/ca\/wp-json\/wp\/v2\/tags?post=6464"}],"curies":[{"name":"wp","href":"https:\/\/api.w.org\/{rel}","templated":true}]}}