{"id":6716,"date":"2025-07-21T15:09:32","date_gmt":"2025-07-21T13:09:32","guid":{"rendered":"https:\/\/www.hoteltucblancbaqueira.com\/bicicleta-a-la-val-daran-oc-bike\/"},"modified":"2025-08-21T13:51:35","modified_gmt":"2025-08-21T11:51:35","slug":"bicicleta-a-la-val-daran-oc-bike","status":"publish","type":"post","link":"https:\/\/www.hoteltucblancbaqueira.com\/ca\/bicicleta-a-la-val-daran-oc-bike\/","title":{"rendered":"Bicicleta a la Val d\u2019Aran | \u00d2C BIKE"},"content":{"rendered":"\n<p>Si vols gaudir de la bicicleta a la Val d\u2019Aran, Baqueira \u00e9s la destinaci\u00f3 ideal a l\u2019estiu. El vall disposa de m\u00e9s de 800 km de rutes homologades per a tots els nivells, perfectes tant per a principiants com per a ciclistes experts. <\/p>\n\n<p>Modalitats disponibles:<\/p>\n\n<ul class=\"wp-block-list\">\n<li><strong>BTT i rutes de muntanya<\/strong><\/li>\n\n\n\n<li><strong>Enduro i descensos t\u00e8cnics<\/strong><\/li>\n\n\n\n<li><strong>Cicloturisme per ports m\u00edtics dels Pirineus<\/strong><\/li>\n<\/ul>\n\n<p>Viu la natura sobre dues rodes amb <strong>\u00d2C BIKE Val d\u2019Aran<\/strong>, el punt de trobada dels amants del ciclisme als Pirineus.<\/p>\n\n<h2 class=\"wp-block-heading\"><strong>Ports de muntanya a la Val d\u2019Aran<\/strong><\/h2>\n\n<p>Descobreix els ports de muntanya de la Val d\u2019Aran, alguns d\u2019ells m\u00edtics del Tour de France i de la Vuelta a Espa\u00f1a. Rutes ideals per als cicloturistes que busquen un repte: carreteres asfaltades, poc tr\u00e0nsit i paisatges espectaculars. <\/p>\n\n<h3 class=\"wp-block-heading\">Portilhon<\/h3>\n\n<p>El Portilhon (1.293 m) \u00e9s un dels ports m\u00e9s emblem\u00e0tics dels Pirineus, ja que uneix la Val d\u2019Aran amb Fran\u00e7a. Ha estat protagonista en nombroses etapes del Tour de France, i \u00e9s un pas de refer\u00e8ncia per als ciclistes. Es tracta d\u2019un port de segona categor\u00eda. <\/p>\n\n<p>Un cl\u00e0ssic que tot ciclista hauria de pujar a la Val d\u2019Aran.<\/p>\n\n<h3 class=\"wp-block-heading\">La Bonaigua<\/h3>\n\n<p>El Port de la Bonaigua (2.072 m) \u00e9s el port m\u00e9s alt que es pot pujar amb bicicleta de carretera a la Val d\u2019Aran i un dels m\u00e9s alts de Catalunya. <br\/>El seu cim uneix la vessant atl\u00e0ntica aranesa amb la vessant mediterr\u00e0nia del Pallars Sobir\u00e0. <\/p>\n\n<p>Un repte majestu\u00f3s, amb paisatges alpins que el converteixen en una pujada imprescindible pels amants del ciclisme de muntanya.<\/p>\n\n<h2 class=\"wp-block-heading\"><strong>E-bike familiar<\/strong> a la Vall d\u2019Aran<\/h2>\n\n<p>Si vols practicar<strong> ciclisme a la Val d\u2019Aran<\/strong> sense fer gaire esfor\u00e7 f\u00edsic, <strong>la bici el\u00e8ctrica (e-bike)<\/strong> \u00e9s la millor opci\u00f3.<\/p>\n\n<p>Podr\u00e0s rec\u00f3rrer rutes de muntanya amb comoditat i gaudir del paisatge sense patir a les pujades m\u00e9s dures.<\/p>\n\n<p>Les rutes en e-bike s\u00f3n perfectes per a:<\/p>\n\n<ul class=\"wp-block-list\">\n<li>Fam\u00edlies amb nens<\/li>\n\n\n\n<li>Principiants en BTT<\/li>\n\n\n\n<li>Amants de la natura que busquen un pla relaxat<\/li>\n<\/ul>\n\n<p>Una manera fant\u00e0stica de descobrir la <strong>Vall d\u2019Aran a l\u2019estiu<\/strong> amb diversi\u00f3 i sense cansament.<\/p>\n\n<p><\/p>\n\n<h3 class=\"wp-block-heading\">PR\u00dcEDO PER VALARTIES<\/h3>\n\n<p>La cl\u00e0ssica ruta de Pr\u00fcedo per Valarties \u00e9s una de les m\u00e9s recomanades de la Val d\u2019Aran. Amb l\u2019ajuda d\u2019una bici el\u00e8ctrica, fins i tot les fam\u00edlies amb nens poden gaudir d\u2019aquesta experi\u00e8ncia especial.<br\/>Al llarg del recorregut podr\u00e0s descubrir, paisatges d\u2019alta muntanya espectaculars, un llac d\u2019 alta muntanya i el plaer de pedalar en un entorn tranquil i aut\u00e8ntic<\/p>\n\n<p>Una ruta perfecta per viure l\u2019estiu combinant esport i natura en fam\u00edlia.<\/p>\n\n<h3 class=\"wp-block-heading\">MONTGARRI<\/h3>\n\n<p>La Volta de Montgarri \u00e9s una de les rutes m\u00e9s conegudes i boniques que pots fer a la Val d\u2019Aran. Al llarg del recorregut descobrir\u00e0s paisatges d\u2019alta muntanya, prats verds plens de vaques i eg\u00fces a l\u2019estiu, i la bellesa de l\u2019antic poble de Montgarri amb el seu santuari hist\u00f2ric, avui convertit en refugi perfecte per recuperar forces a mig cam\u00ed. <\/p>\n\n<p>Una ruta imprescindible per als amants de la bicicleta i de la natura.<\/p>\n\n<h2 class=\"wp-block-heading\"><strong>Enduro a la Val d\u2019Aran<\/strong><\/h2>\n\n<p>Si el que busques \u00e9s adrenalina, l\u2019enduro a la Val d\u2019Aran \u00e9s l\u2019experi\u00e8ncia que no et pots perdre. El vall disposa de diverses rutes senyalitzades per a aquesta modalitat de BTT, amb travesses alpines, corbes t\u00e8cniques i descensos vertiginosos que posaran a prova fins i tot els m\u00e9s experts. <\/p>\n\n<h3 class=\"wp-block-heading\">ENTECADA<\/h3>\n\n<p>La ruta Entecada \u00e9s una de les grans aventures de trail-enduro a la Vall d\u2019Aran. T\u00e9 tots els ingredients per ser un repte aut\u00e8ntic: dist\u00e0ncia exigent, fort desnivell, dificultat t\u00e8cnica i al\u00e7ada. El recorregut passa per prats alpins per sobre dels 2.000 metres i ofereix una baixada espectacular de m\u00e9s de 1.200 m per sender t\u00e8cnic i variat.  <\/p>\n\n<h3 class=\"wp-block-heading\">G\u00c8LES<\/h3>\n\n<p>La ruta G\u00e8les \u00e9s una espectacular circular al voltant del Montcorbisson, perfecta per als amants de la bicicleta de muntanya. L\u2019ascens per la pista c\u00f2moda del Santet de Casau et regala vistes inoblidables, mentre que la baixada \u00e9s pura emoci\u00f3: primer entre prats alpins i despr\u00e9s, des de la Bassa d\u2019Oles, per un dels descensos m\u00e9s salvatges del bikepark fins al fons de la vall. <br\/>M\u00e9s aventura en un tra\u00e7at tan curt, no es pot demanar!<\/p>\n\n<h2 class=\"wp-block-heading\"><strong>Bicicleta a Baqueira Beret<\/strong><\/h2>\n\n<p>L\u2019estaci\u00f3 d\u2019esqu\u00ed Baqueira Beret no \u00e9s nom\u00e9s un parad\u00eds a l\u2019hivern: a l\u2019estiu es converteix en un dest\u00ed ideal per als amants de la bicicleta a la Val d\u2019Aran. Hi trobar\u00e0s rutes de BTT i camins espectaculars. <\/p>\n\n<figure class=\"wp-block-image size-large is-resized\"><img fetchpriority=\"high\" decoding=\"async\" width=\"1024\" height=\"576\" src=\"https:\/\/www.hoteltucblancbaqueira.com\/wp-content\/uploads\/2025\/07\/hotel-baqueira-pie-de-pistas-reservar-1024x576.webp\" alt=\"hotel baqueira beret\" class=\"wp-image-3402\" style=\"width:452px;height:auto\" srcset=\"https:\/\/www.hoteltucblancbaqueira.com\/wp-content\/uploads\/2025\/07\/hotel-baqueira-pie-de-pistas-reservar-1024x576.webp 1024w, https:\/\/www.hoteltucblancbaqueira.com\/wp-content\/uploads\/2025\/07\/hotel-baqueira-pie-de-pistas-reservar-300x169.webp 300w, https:\/\/www.hoteltucblancbaqueira.com\/wp-content\/uploads\/2025\/07\/hotel-baqueira-pie-de-pistas-reservar-768x432.webp 768w, https:\/\/www.hoteltucblancbaqueira.com\/wp-content\/uploads\/2025\/07\/hotel-baqueira-pie-de-pistas-reservar-1536x864.webp 1536w, https:\/\/www.hoteltucblancbaqueira.com\/wp-content\/uploads\/2025\/07\/hotel-baqueira-pie-de-pistas-reservar-1440x810.webp 1440w, https:\/\/www.hoteltucblancbaqueira.com\/wp-content\/uploads\/2025\/07\/hotel-baqueira-pie-de-pistas-reservar-1200x675.webp 1200w, https:\/\/www.hoteltucblancbaqueira.com\/wp-content\/uploads\/2025\/07\/hotel-baqueira-pie-de-pistas-reservar-780x439.webp 780w, https:\/\/www.hoteltucblancbaqueira.com\/wp-content\/uploads\/2025\/07\/hotel-baqueira-pie-de-pistas-reservar-600x338.webp 600w, https:\/\/www.hoteltucblancbaqueira.com\/wp-content\/uploads\/2025\/07\/hotel-baqueira-pie-de-pistas-reservar-550x309.webp 550w, https:\/\/www.hoteltucblancbaqueira.com\/wp-content\/uploads\/2025\/07\/hotel-baqueira-pie-de-pistas-reservar-370x208.webp 370w, https:\/\/www.hoteltucblancbaqueira.com\/wp-content\/uploads\/2025\/07\/hotel-baqueira-pie-de-pistas-reservar-255x143.webp 255w, https:\/\/www.hoteltucblancbaqueira.com\/wp-content\/uploads\/2025\/07\/hotel-baqueira-pie-de-pistas-reservar.webp 1920w\" sizes=\"(max-width: 1024px) 100vw, 1024px\" \/><\/figure>\n\n<h2 class=\"wp-block-heading\"><strong>Competicions de bicicleta a la Val d&#8217;Aran<\/strong><\/h2>\n\n<p>Cada estiu, la Val d\u2019Aran acull algunes de les competicions de ciclisme m\u00e9s importants dels Pirineus, atraient ciclistes d\u2019arreu del m\u00f3n. Entre les m\u00e9s destacades: <\/p>\n\n<ol class=\"wp-block-list\">\n<li><a href=\"http:\/\/www.vielhacyclingtour.com\/\">Vielha Cycling Tour<\/a><\/li>\n\n\n\n<li><a href=\"http:\/\/www.eraroda.com\/\">Era Roda Non Stop<\/a><\/li>\n\n\n\n<li><a href=\"http:\/\/www.trans-nomad.com\/\">Trans-Nomad<\/a><\/li>\n\n\n\n<li><a href=\"https:\/\/www.hardbike.net\/\">Hardbike<\/a><\/li>\n\n\n\n<li><a href=\"http:\/\/www.pdfnonstop.com\/\">Pedals de Foc Non Stop<\/a><\/li>\n\n\n\n<li><a href=\"http:\/\/www.transpyr.com\/\">Transpyr<\/a><\/li>\n<\/ol>\n\n<p>Descobreix m\u00e9s rutes en bicicleta per la Vall d&#8217;Aran en <a href=\"https:\/\/www.visitvaldaran.com\/oc-bike\/\">www.visitaran.com<\/a><\/p>\n\n<p>Si ets un amant de la BTT, al nostre <strong><a href=\"https:\/\/hoteltucblancbaqueira.com\/ca\/\">hotel a Baqueira<\/a><\/strong>, a peu de pistes, podr\u00e0s guardar la bicicleta amb total seguretat a l\u2019estiu al nostre guarda-esqu\u00eds. <\/p>\n\n<p><strong>Vens a pedalar amb nosaltres? <\/strong><\/p>\n","protected":false},"excerpt":{"rendered":"<p>Si vols gaudir de la bicicleta a la Val d\u2019Aran, Baqueira \u00e9s la destinaci\u00f3 ideal a l\u2019estiu. El vall disposa de m\u00e9s de 800 km de rutes homologades per a tots els nivells, perfectes tant per a principiants com per a ciclistes experts. Modalitats disponibles: Viu la natura sobre dues rodes amb \u00d2C BIKE Val &#8230;<\/p>\n","protected":false},"author":3,"featured_media":4646,"comment_status":"closed","ping_status":"closed","sticky":false,"template":"","format":"standard","meta":{"loftocean_post_format_gallery":"","loftocean_post_format_gallery_ids":"","loftocean_post_format_gallery_urls":"","loftocean_post_format_video_id":0,"loftocean_post_format_video_url":"","loftocean_post_format_video_type":"","loftocean_post_format_video":"","loftocean_post_format_audio_type":"","loftocean_post_format_audio_url":"","loftocean_post_format_audio_id":0,"loftocean_post_format_audio":"","loftocean-like-count":0,"cozystay_single_post_hide_site_header":"","cozystay_single_post_site_header_source":"","cozystay_single_post_custom_site_header":"0","cozystay_single_post_custom_sticky_site_header":"0","cozystay_single_post_hide_page_title":"","cozystay_single_post_site_footer_hide_main":"","cozystay_single_custom_site_footer_main_source":"","cozystay_single_custom_site_footer_main":"0","cozystay_single_post_site_footer_hide_above":"","cozystay_single_custom_site_footer_above_source":"","cozystay_single_custom_site_footer_above":"0","cozystay_single_post_site_footer_hide_instagram":"","cozystay_single_post_site_footer_hide_bottom":"","cozystay_single_custom_mobile_menu_source":"","cozystay_single_custom_mobile_menu":"0","cozystay_single_custom_mobile_menu_animation":"","cozystay_single_custom_mobile_menu_width":"","cozystay_single_custom_mobile_menu_custom_width":375,"cozystay_single_post_template":"","footnotes":""},"categories":[214],"tags":[156,44,269,215,49,216],"class_list":["post-6716","post","type-post","status-publish","format-standard","has-post-thumbnail","hentry","category-estiu-a-baqueira","tag-activitats-baqueira","tag-bicicleta-baqueira","tag-bicicleta-vall-d-aran","tag-estiu-baqueira","tag-spa-baqueira","tag-val-daran-estiu"],"yoast_head":"<!-- This site is optimized with the Yoast SEO plugin v27.4 - https:\/\/yoast.com\/product\/yoast-seo-wordpress\/ -->\n<title>Bicicleta a la Val d\u2019Aran | \u00d2C BIKE | Hotel Tuc Blanc Baqueira<\/title>\n<meta name=\"description\" content=\"M\u00e9s de 800 km de rutes en bicicleta a la Val d\u2019Aran: descobreix ports m\u00edtics, BTT, e-bike i activitats per a tots els nivells.\" \/>\n<meta name=\"robots\" content=\"index, follow, max-snippet:-1, max-image-preview:large, max-video-preview:-1\" \/>\n<link rel=\"canonical\" href=\"https:\/\/www.hoteltucblancbaqueira.com\/ca\/bicicleta-a-la-val-daran-oc-bike\/\" \/>\n<meta property=\"og:locale\" content=\"ca_ES\" \/>\n<meta property=\"og:type\" content=\"article\" \/>\n<meta property=\"og:title\" content=\"Bicicleta a la Val d\u2019Aran | \u00d2C BIKE | Hotel Tuc Blanc Baqueira\" \/>\n<meta property=\"og:description\" content=\"M\u00e9s de 800 km de rutes en bicicleta a la Val d\u2019Aran: descobreix ports m\u00edtics, BTT, e-bike i activitats per a tots els nivells.\" \/>\n<meta property=\"og:url\" content=\"https:\/\/www.hoteltucblancbaqueira.com\/ca\/bicicleta-a-la-val-daran-oc-bike\/\" \/>\n<meta property=\"og:site_name\" content=\"Hotel Tuc Blanc Baqueira\" \/>\n<meta property=\"article:published_time\" content=\"2025-07-21T13:09:32+00:00\" \/>\n<meta property=\"article:modified_time\" content=\"2025-08-21T11:51:35+00:00\" \/>\n<meta property=\"og:image\" content=\"https:\/\/www.hoteltucblancbaqueira.com\/wp-content\/uploads\/2024\/04\/ciclismo-baqueira.webp\" \/>\n\t<meta property=\"og:image:width\" content=\"2000\" \/>\n\t<meta property=\"og:image:height\" content=\"1333\" \/>\n\t<meta property=\"og:image:type\" content=\"image\/webp\" \/>\n<meta name=\"author\" content=\"alojapro_mkt\" \/>\n<meta name=\"twitter:card\" content=\"summary_large_image\" \/>\n<meta name=\"twitter:label1\" content=\"Escrit per\" \/>\n\t<meta name=\"twitter:data1\" content=\"alojapro_mkt\" \/>\n\t<meta name=\"twitter:label2\" content=\"Temps estimat de lectura\" \/>\n\t<meta name=\"twitter:data2\" content=\"5 minuts\" \/>\n<script type=\"application\/ld+json\" class=\"yoast-schema-graph\">{\"@context\":\"https:\\\/\\\/schema.org\",\"@graph\":[{\"@type\":\"Article\",\"@id\":\"https:\\\/\\\/www.hoteltucblancbaqueira.com\\\/ca\\\/bicicleta-a-la-val-daran-oc-bike\\\/#article\",\"isPartOf\":{\"@id\":\"https:\\\/\\\/www.hoteltucblancbaqueira.com\\\/ca\\\/bicicleta-a-la-val-daran-oc-bike\\\/\"},\"author\":{\"name\":\"alojapro_mkt\",\"@id\":\"https:\\\/\\\/www.hoteltucblancbaqueira.com\\\/ca\\\/#\\\/schema\\\/person\\\/18a0f8b4813ee9544e861e9777b27696\"},\"headline\":\"Bicicleta a la Val d\u2019Aran | \u00d2C BIKE\",\"datePublished\":\"2025-07-21T13:09:32+00:00\",\"dateModified\":\"2025-08-21T11:51:35+00:00\",\"mainEntityOfPage\":{\"@id\":\"https:\\\/\\\/www.hoteltucblancbaqueira.com\\\/ca\\\/bicicleta-a-la-val-daran-oc-bike\\\/\"},\"wordCount\":917,\"publisher\":{\"@id\":\"https:\\\/\\\/www.hoteltucblancbaqueira.com\\\/ca\\\/#organization\"},\"image\":{\"@id\":\"https:\\\/\\\/www.hoteltucblancbaqueira.com\\\/ca\\\/bicicleta-a-la-val-daran-oc-bike\\\/#primaryimage\"},\"thumbnailUrl\":\"https:\\\/\\\/www.hoteltucblancbaqueira.com\\\/wp-content\\\/uploads\\\/2024\\\/04\\\/ciclismo-baqueira.webp\",\"keywords\":[\"activitats baqueira\",\"bicicleta baqueira\",\"bicicleta vall d' aran\",\"estiu baqueira\",\"spa baqueira\",\"val d'aran estiu\"],\"articleSection\":[\"Estiu a Baqueira\"],\"inLanguage\":\"ca\"},{\"@type\":\"WebPage\",\"@id\":\"https:\\\/\\\/www.hoteltucblancbaqueira.com\\\/ca\\\/bicicleta-a-la-val-daran-oc-bike\\\/\",\"url\":\"https:\\\/\\\/www.hoteltucblancbaqueira.com\\\/ca\\\/bicicleta-a-la-val-daran-oc-bike\\\/\",\"name\":\"Bicicleta a la Val d\u2019Aran | \u00d2C BIKE | Hotel Tuc Blanc Baqueira\",\"isPartOf\":{\"@id\":\"https:\\\/\\\/www.hoteltucblancbaqueira.com\\\/ca\\\/#website\"},\"primaryImageOfPage\":{\"@id\":\"https:\\\/\\\/www.hoteltucblancbaqueira.com\\\/ca\\\/bicicleta-a-la-val-daran-oc-bike\\\/#primaryimage\"},\"image\":{\"@id\":\"https:\\\/\\\/www.hoteltucblancbaqueira.com\\\/ca\\\/bicicleta-a-la-val-daran-oc-bike\\\/#primaryimage\"},\"thumbnailUrl\":\"https:\\\/\\\/www.hoteltucblancbaqueira.com\\\/wp-content\\\/uploads\\\/2024\\\/04\\\/ciclismo-baqueira.webp\",\"datePublished\":\"2025-07-21T13:09:32+00:00\",\"dateModified\":\"2025-08-21T11:51:35+00:00\",\"description\":\"M\u00e9s de 800 km de rutes en bicicleta a la Val d\u2019Aran: descobreix ports m\u00edtics, BTT, e-bike i activitats per a tots els nivells.\",\"breadcrumb\":{\"@id\":\"https:\\\/\\\/www.hoteltucblancbaqueira.com\\\/ca\\\/bicicleta-a-la-val-daran-oc-bike\\\/#breadcrumb\"},\"inLanguage\":\"ca\",\"potentialAction\":[{\"@type\":\"ReadAction\",\"target\":[\"https:\\\/\\\/www.hoteltucblancbaqueira.com\\\/ca\\\/bicicleta-a-la-val-daran-oc-bike\\\/\"]}]},{\"@type\":\"ImageObject\",\"inLanguage\":\"ca\",\"@id\":\"https:\\\/\\\/www.hoteltucblancbaqueira.com\\\/ca\\\/bicicleta-a-la-val-daran-oc-bike\\\/#primaryimage\",\"url\":\"https:\\\/\\\/www.hoteltucblancbaqueira.com\\\/wp-content\\\/uploads\\\/2024\\\/04\\\/ciclismo-baqueira.webp\",\"contentUrl\":\"https:\\\/\\\/www.hoteltucblancbaqueira.com\\\/wp-content\\\/uploads\\\/2024\\\/04\\\/ciclismo-baqueira.webp\",\"width\":2000,\"height\":1333,\"caption\":\"ciclismo baqueira\"},{\"@type\":\"BreadcrumbList\",\"@id\":\"https:\\\/\\\/www.hoteltucblancbaqueira.com\\\/ca\\\/bicicleta-a-la-val-daran-oc-bike\\\/#breadcrumb\",\"itemListElement\":[{\"@type\":\"ListItem\",\"position\":1,\"name\":\"Portada\",\"item\":\"https:\\\/\\\/www.hoteltucblancbaqueira.com\\\/ca\\\/home\\\/\"},{\"@type\":\"ListItem\",\"position\":2,\"name\":\"Bicicleta a la Val d\u2019Aran | \u00d2C BIKE\"}]},{\"@type\":\"WebSite\",\"@id\":\"https:\\\/\\\/www.hoteltucblancbaqueira.com\\\/ca\\\/#website\",\"url\":\"https:\\\/\\\/www.hoteltucblancbaqueira.com\\\/ca\\\/\",\"name\":\"Hotel Tuc Blanc Baqueira\",\"description\":\"Hotel en Baqueira a pie de pistas\",\"publisher\":{\"@id\":\"https:\\\/\\\/www.hoteltucblancbaqueira.com\\\/ca\\\/#organization\"},\"potentialAction\":[{\"@type\":\"SearchAction\",\"target\":{\"@type\":\"EntryPoint\",\"urlTemplate\":\"https:\\\/\\\/www.hoteltucblancbaqueira.com\\\/ca\\\/?s={search_term_string}\"},\"query-input\":{\"@type\":\"PropertyValueSpecification\",\"valueRequired\":true,\"valueName\":\"search_term_string\"}}],\"inLanguage\":\"ca\"},{\"@type\":\"Organization\",\"@id\":\"https:\\\/\\\/www.hoteltucblancbaqueira.com\\\/ca\\\/#organization\",\"name\":\"Hotel Tuc Blanc Baqueira\",\"url\":\"https:\\\/\\\/www.hoteltucblancbaqueira.com\\\/ca\\\/\",\"logo\":{\"@type\":\"ImageObject\",\"inLanguage\":\"ca\",\"@id\":\"https:\\\/\\\/www.hoteltucblancbaqueira.com\\\/ca\\\/#\\\/schema\\\/logo\\\/image\\\/\",\"url\":\"https:\\\/\\\/www.hoteltucblancbaqueira.com\\\/wp-content\\\/uploads\\\/2025\\\/05\\\/logo_header.svg\",\"contentUrl\":\"https:\\\/\\\/www.hoteltucblancbaqueira.com\\\/wp-content\\\/uploads\\\/2025\\\/05\\\/logo_header.svg\",\"width\":398,\"height\":101,\"caption\":\"Hotel Tuc Blanc Baqueira\"},\"image\":{\"@id\":\"https:\\\/\\\/www.hoteltucblancbaqueira.com\\\/ca\\\/#\\\/schema\\\/logo\\\/image\\\/\"}},{\"@type\":\"Person\",\"@id\":\"https:\\\/\\\/www.hoteltucblancbaqueira.com\\\/ca\\\/#\\\/schema\\\/person\\\/18a0f8b4813ee9544e861e9777b27696\",\"name\":\"alojapro_mkt\"}]}<\/script>\n<!-- \/ Yoast SEO plugin. -->","yoast_head_json":{"title":"Bicicleta a la Val d\u2019Aran | \u00d2C BIKE | Hotel Tuc Blanc Baqueira","description":"M\u00e9s de 800 km de rutes en bicicleta a la Val d\u2019Aran: descobreix ports m\u00edtics, BTT, e-bike i activitats per a tots els nivells.","robots":{"index":"index","follow":"follow","max-snippet":"max-snippet:-1","max-image-preview":"max-image-preview:large","max-video-preview":"max-video-preview:-1"},"canonical":"https:\/\/www.hoteltucblancbaqueira.com\/ca\/bicicleta-a-la-val-daran-oc-bike\/","og_locale":"ca_ES","og_type":"article","og_title":"Bicicleta a la Val d\u2019Aran | \u00d2C BIKE | Hotel Tuc Blanc Baqueira","og_description":"M\u00e9s de 800 km de rutes en bicicleta a la Val d\u2019Aran: descobreix ports m\u00edtics, BTT, e-bike i activitats per a tots els nivells.","og_url":"https:\/\/www.hoteltucblancbaqueira.com\/ca\/bicicleta-a-la-val-daran-oc-bike\/","og_site_name":"Hotel Tuc Blanc Baqueira","article_published_time":"2025-07-21T13:09:32+00:00","article_modified_time":"2025-08-21T11:51:35+00:00","og_image":[{"width":2000,"height":1333,"url":"https:\/\/www.hoteltucblancbaqueira.com\/wp-content\/uploads\/2024\/04\/ciclismo-baqueira.webp","type":"image\/webp"}],"author":"alojapro_mkt","twitter_card":"summary_large_image","twitter_misc":{"Escrit per":"alojapro_mkt","Temps estimat de lectura":"5 minuts"},"schema":{"@context":"https:\/\/schema.org","@graph":[{"@type":"Article","@id":"https:\/\/www.hoteltucblancbaqueira.com\/ca\/bicicleta-a-la-val-daran-oc-bike\/#article","isPartOf":{"@id":"https:\/\/www.hoteltucblancbaqueira.com\/ca\/bicicleta-a-la-val-daran-oc-bike\/"},"author":{"name":"alojapro_mkt","@id":"https:\/\/www.hoteltucblancbaqueira.com\/ca\/#\/schema\/person\/18a0f8b4813ee9544e861e9777b27696"},"headline":"Bicicleta a la Val d\u2019Aran | \u00d2C BIKE","datePublished":"2025-07-21T13:09:32+00:00","dateModified":"2025-08-21T11:51:35+00:00","mainEntityOfPage":{"@id":"https:\/\/www.hoteltucblancbaqueira.com\/ca\/bicicleta-a-la-val-daran-oc-bike\/"},"wordCount":917,"publisher":{"@id":"https:\/\/www.hoteltucblancbaqueira.com\/ca\/#organization"},"image":{"@id":"https:\/\/www.hoteltucblancbaqueira.com\/ca\/bicicleta-a-la-val-daran-oc-bike\/#primaryimage"},"thumbnailUrl":"https:\/\/www.hoteltucblancbaqueira.com\/wp-content\/uploads\/2024\/04\/ciclismo-baqueira.webp","keywords":["activitats baqueira","bicicleta baqueira","bicicleta vall d' aran","estiu baqueira","spa baqueira","val d'aran estiu"],"articleSection":["Estiu a Baqueira"],"inLanguage":"ca"},{"@type":"WebPage","@id":"https:\/\/www.hoteltucblancbaqueira.com\/ca\/bicicleta-a-la-val-daran-oc-bike\/","url":"https:\/\/www.hoteltucblancbaqueira.com\/ca\/bicicleta-a-la-val-daran-oc-bike\/","name":"Bicicleta a la Val d\u2019Aran | \u00d2C BIKE | Hotel Tuc Blanc Baqueira","isPartOf":{"@id":"https:\/\/www.hoteltucblancbaqueira.com\/ca\/#website"},"primaryImageOfPage":{"@id":"https:\/\/www.hoteltucblancbaqueira.com\/ca\/bicicleta-a-la-val-daran-oc-bike\/#primaryimage"},"image":{"@id":"https:\/\/www.hoteltucblancbaqueira.com\/ca\/bicicleta-a-la-val-daran-oc-bike\/#primaryimage"},"thumbnailUrl":"https:\/\/www.hoteltucblancbaqueira.com\/wp-content\/uploads\/2024\/04\/ciclismo-baqueira.webp","datePublished":"2025-07-21T13:09:32+00:00","dateModified":"2025-08-21T11:51:35+00:00","description":"M\u00e9s de 800 km de rutes en bicicleta a la Val d\u2019Aran: descobreix ports m\u00edtics, BTT, e-bike i activitats per a tots els nivells.","breadcrumb":{"@id":"https:\/\/www.hoteltucblancbaqueira.com\/ca\/bicicleta-a-la-val-daran-oc-bike\/#breadcrumb"},"inLanguage":"ca","potentialAction":[{"@type":"ReadAction","target":["https:\/\/www.hoteltucblancbaqueira.com\/ca\/bicicleta-a-la-val-daran-oc-bike\/"]}]},{"@type":"ImageObject","inLanguage":"ca","@id":"https:\/\/www.hoteltucblancbaqueira.com\/ca\/bicicleta-a-la-val-daran-oc-bike\/#primaryimage","url":"https:\/\/www.hoteltucblancbaqueira.com\/wp-content\/uploads\/2024\/04\/ciclismo-baqueira.webp","contentUrl":"https:\/\/www.hoteltucblancbaqueira.com\/wp-content\/uploads\/2024\/04\/ciclismo-baqueira.webp","width":2000,"height":1333,"caption":"ciclismo baqueira"},{"@type":"BreadcrumbList","@id":"https:\/\/www.hoteltucblancbaqueira.com\/ca\/bicicleta-a-la-val-daran-oc-bike\/#breadcrumb","itemListElement":[{"@type":"ListItem","position":1,"name":"Portada","item":"https:\/\/www.hoteltucblancbaqueira.com\/ca\/home\/"},{"@type":"ListItem","position":2,"name":"Bicicleta a la Val d\u2019Aran | \u00d2C BIKE"}]},{"@type":"WebSite","@id":"https:\/\/www.hoteltucblancbaqueira.com\/ca\/#website","url":"https:\/\/www.hoteltucblancbaqueira.com\/ca\/","name":"Hotel Tuc Blanc Baqueira","description":"Hotel en Baqueira a pie de pistas","publisher":{"@id":"https:\/\/www.hoteltucblancbaqueira.com\/ca\/#organization"},"potentialAction":[{"@type":"SearchAction","target":{"@type":"EntryPoint","urlTemplate":"https:\/\/www.hoteltucblancbaqueira.com\/ca\/?s={search_term_string}"},"query-input":{"@type":"PropertyValueSpecification","valueRequired":true,"valueName":"search_term_string"}}],"inLanguage":"ca"},{"@type":"Organization","@id":"https:\/\/www.hoteltucblancbaqueira.com\/ca\/#organization","name":"Hotel Tuc Blanc Baqueira","url":"https:\/\/www.hoteltucblancbaqueira.com\/ca\/","logo":{"@type":"ImageObject","inLanguage":"ca","@id":"https:\/\/www.hoteltucblancbaqueira.com\/ca\/#\/schema\/logo\/image\/","url":"https:\/\/www.hoteltucblancbaqueira.com\/wp-content\/uploads\/2025\/05\/logo_header.svg","contentUrl":"https:\/\/www.hoteltucblancbaqueira.com\/wp-content\/uploads\/2025\/05\/logo_header.svg","width":398,"height":101,"caption":"Hotel Tuc Blanc Baqueira"},"image":{"@id":"https:\/\/www.hoteltucblancbaqueira.com\/ca\/#\/schema\/logo\/image\/"}},{"@type":"Person","@id":"https:\/\/www.hoteltucblancbaqueira.com\/ca\/#\/schema\/person\/18a0f8b4813ee9544e861e9777b27696","name":"alojapro_mkt"}]}},"loftoceanMetas":{"authorName":"alojapro_mkt","categories":[{"name":"Estiu a Baqueira","link":"https:\/\/www.hoteltucblancbaqueira.com\/ca\/category\/estiu-a-baqueira\/","count":7}],"date":"21 de juliol de 2025","featuredImageSRC":"https:\/\/www.hoteltucblancbaqueira.com\/wp-content\/uploads\/2024\/04\/ciclismo-baqueira-150x150.webp"},"_links":{"self":[{"href":"https:\/\/www.hoteltucblancbaqueira.com\/ca\/wp-json\/wp\/v2\/posts\/6716","targetHints":{"allow":["GET"]}}],"collection":[{"href":"https:\/\/www.hoteltucblancbaqueira.com\/ca\/wp-json\/wp\/v2\/posts"}],"about":[{"href":"https:\/\/www.hoteltucblancbaqueira.com\/ca\/wp-json\/wp\/v2\/types\/post"}],"author":[{"embeddable":true,"href":"https:\/\/www.hoteltucblancbaqueira.com\/ca\/wp-json\/wp\/v2\/users\/3"}],"replies":[{"embeddable":true,"href":"https:\/\/www.hoteltucblancbaqueira.com\/ca\/wp-json\/wp\/v2\/comments?post=6716"}],"version-history":[{"count":0,"href":"https:\/\/www.hoteltucblancbaqueira.com\/ca\/wp-json\/wp\/v2\/posts\/6716\/revisions"}],"wp:featuredmedia":[{"embeddable":true,"href":"https:\/\/www.hoteltucblancbaqueira.com\/ca\/wp-json\/wp\/v2\/media\/4646"}],"wp:attachment":[{"href":"https:\/\/www.hoteltucblancbaqueira.com\/ca\/wp-json\/wp\/v2\/media?parent=6716"}],"wp:term":[{"taxonomy":"category","embeddable":true,"href":"https:\/\/www.hoteltucblancbaqueira.com\/ca\/wp-json\/wp\/v2\/categories?post=6716"},{"taxonomy":"post_tag","embeddable":true,"href":"https:\/\/www.hoteltucblancbaqueira.com\/ca\/wp-json\/wp\/v2\/tags?post=6716"}],"curies":[{"name":"wp","href":"https:\/\/api.w.org\/{rel}","templated":true}]}}