{"id":6797,"date":"2025-07-21T15:06:53","date_gmt":"2025-07-21T13:06:53","guid":{"rendered":"https:\/\/www.hoteltucblancbaqueira.com\/cavalcada-de-reis-a-baqueira-2026\/"},"modified":"2025-08-28T12:56:51","modified_gmt":"2025-08-28T10:56:51","slug":"cavalcada-de-reis-a-baqueira-2026","status":"publish","type":"post","link":"https:\/\/www.hoteltucblancbaqueira.com\/ca\/cavalcada-de-reis-a-baqueira-2026\/","title":{"rendered":"Cavalcada de Reis a Baqueira 2026"},"content":{"rendered":"\n<p><span style=\"font-weight: 400;\">S\u2019acaba l\u2019any 2025 i arriba un dels esdeveniments m\u00e9s m\u00e0gics per als m\u00e9s petits: la Cavalcada de Reis. A Baqueira, Ses Majestats els Reis d\u2019Orient arribaran amb m\u00e0quines pisa-neu a la cota 1500 la tarda del 5 de gener. <\/span><\/p>\n\n<p><span style=\"font-weight: 400;\">Abans de l\u2019arribada dels Reis, Baqueira Beret oferir\u00e0 xocolata calenta i coca a tots els assistents.<\/span><\/p>\n\n<p><span style=\"font-weight: 400;\">Cap a les 18:30 h, els Reis Mags faran la seva entrada triomfal, on seran rebuts per les fam\u00edlies. Repartiran caramels, recolliran les cartes dels nens i es faran fotografies amb ells. Tamb\u00e9 adre\u00e7aran unes paraules per celebrar la festivitat.La jornada finalitzar\u00e0 amb una missa solemne a l\u2019esgl\u00e9sia de Baqueira.  <\/span><\/p>\n\n<p><span style=\"font-weight: 400;\">Es tracta d\u2019una experi\u00e8ncia \u00fanica, plena de m\u00e0gia i tradici\u00f3, que combina la il\u00b7lusi\u00f3 infantil amb l\u2019encant de les muntanyes nevades de Baqueira.<\/span><\/p>\n\n<h2 class=\"wp-block-heading\"><b>Horaris de la Cavalcada de Reis a Baqueira 2026<\/b><\/h2>\n\n<p><span style=\"font-weight: 400;\"><strong>Dia: <\/strong>5 de gener<\/span><\/p>\n\n<p><span style=\"font-weight: 400;\"><strong>Lloc:<\/strong> Oficines d\u2019esqu\u00ed de Baqueira 1500<\/span><\/p>\n\n<p><span style=\"font-weight: 400;\"><strong>18:15h:<\/strong> Repartiment de xocolata calenta i coca per a tots els assistents.<\/span><\/p>\n\n<p><span style=\"font-weight: 400;\"><strong>18:30h:<\/strong> Arribada dels Reis Mags d\u2019Orient amb m\u00e0quines lleva-neu.<\/span><\/p>\n\n<p><span style=\"font-weight: 400;\"><strong>19:00h:<\/strong> Missa solemne a l\u2019esgl\u00e9sia de Baqueira.<\/span><\/p>\n\n<figure class=\"wp-block-image size-large is-resized\"><img fetchpriority=\"high\" decoding=\"async\" width=\"1024\" height=\"768\" src=\"https:\/\/www.hoteltucblancbaqueira.com\/wp-content\/uploads\/2023\/12\/cabalgata-reyes-baqueira-1024x768.webp\" alt=\"reis baqueira\" class=\"wp-image-4697\" style=\"width:429px;height:auto\" srcset=\"https:\/\/www.hoteltucblancbaqueira.com\/wp-content\/uploads\/2023\/12\/cabalgata-reyes-baqueira-1024x768.webp 1024w, https:\/\/www.hoteltucblancbaqueira.com\/wp-content\/uploads\/2023\/12\/cabalgata-reyes-baqueira-300x225.webp 300w, https:\/\/www.hoteltucblancbaqueira.com\/wp-content\/uploads\/2023\/12\/cabalgata-reyes-baqueira-768x576.webp 768w, https:\/\/www.hoteltucblancbaqueira.com\/wp-content\/uploads\/2023\/12\/cabalgata-reyes-baqueira-1536x1152.webp 1536w, https:\/\/www.hoteltucblancbaqueira.com\/wp-content\/uploads\/2023\/12\/cabalgata-reyes-baqueira-1920x1440.webp 1920w, https:\/\/www.hoteltucblancbaqueira.com\/wp-content\/uploads\/2023\/12\/cabalgata-reyes-baqueira-1440x1080.webp 1440w, https:\/\/www.hoteltucblancbaqueira.com\/wp-content\/uploads\/2023\/12\/cabalgata-reyes-baqueira-1200x900.webp 1200w, https:\/\/www.hoteltucblancbaqueira.com\/wp-content\/uploads\/2023\/12\/cabalgata-reyes-baqueira-780x585.webp 780w, https:\/\/www.hoteltucblancbaqueira.com\/wp-content\/uploads\/2023\/12\/cabalgata-reyes-baqueira-600x450.webp 600w, https:\/\/www.hoteltucblancbaqueira.com\/wp-content\/uploads\/2023\/12\/cabalgata-reyes-baqueira-550x413.webp 550w, https:\/\/www.hoteltucblancbaqueira.com\/wp-content\/uploads\/2023\/12\/cabalgata-reyes-baqueira-370x278.webp 370w, https:\/\/www.hoteltucblancbaqueira.com\/wp-content\/uploads\/2023\/12\/cabalgata-reyes-baqueira-255x191.webp 255w, https:\/\/www.hoteltucblancbaqueira.com\/wp-content\/uploads\/2023\/12\/cabalgata-reyes-baqueira.webp 2048w\" sizes=\"(max-width: 1024px) 100vw, 1024px\" \/><\/figure>\n\n<h2 class=\"wp-block-heading\"><b>Allotjament per la Nit de Reis al Vall d\u2019Aran<\/b><\/h2>\n\n<p><span style=\"font-weight: 400;\">Si vols allotjar-te a peu de pistes i gaudir tant de la neu com de la Cavalcada dels Reis Mags, la millor opci\u00f3 \u00e9s l\u2019Hotel Tuc Blanc. A m\u00e9s de la seva proximitat a les pistes, l\u2019hotel disposa de zona de spa, terrassa amb vistes panor\u00e0miques, guardaesqu\u00eds, activitats infantils, guia de pistes i minidisco, entre molts altres serveis.  <\/span><b>Reserva<\/b><span style=\"font-weight: 400;\"><strong> amb descompte<\/strong> la teva estada al nostre <a href=\"https:\/\/hoteltucblancbaqueira.com\/ca\/\">hotel a Baqueira<\/a><\/span>.<\/p>\n\n<p class=\"has-medium-font-size\">Vens a veure l&#8217;arribada dels Reis a la neu?<\/p>\n\n<figure class=\"wp-block-image size-large is-resized\"><img decoding=\"async\" width=\"1024\" height=\"1024\" src=\"https:\/\/www.hoteltucblancbaqueira.com\/wp-content\/uploads\/2025\/01\/hotel-tuc-blanc-baqueira-1024x1024.webp\" alt=\"apres ski baqueira\" class=\"wp-image-4509\" style=\"width:341px;height:auto\" srcset=\"https:\/\/www.hoteltucblancbaqueira.com\/wp-content\/uploads\/2025\/01\/hotel-tuc-blanc-baqueira-1024x1024.webp 1024w, https:\/\/www.hoteltucblancbaqueira.com\/wp-content\/uploads\/2025\/01\/hotel-tuc-blanc-baqueira-300x300.webp 300w, https:\/\/www.hoteltucblancbaqueira.com\/wp-content\/uploads\/2025\/01\/hotel-tuc-blanc-baqueira-150x150.webp 150w, https:\/\/www.hoteltucblancbaqueira.com\/wp-content\/uploads\/2025\/01\/hotel-tuc-blanc-baqueira-768x768.webp 768w, https:\/\/www.hoteltucblancbaqueira.com\/wp-content\/uploads\/2025\/01\/hotel-tuc-blanc-baqueira-1200x1200.webp 1200w, https:\/\/www.hoteltucblancbaqueira.com\/wp-content\/uploads\/2025\/01\/hotel-tuc-blanc-baqueira-780x780.webp 780w, https:\/\/www.hoteltucblancbaqueira.com\/wp-content\/uploads\/2025\/01\/hotel-tuc-blanc-baqueira-600x600.webp 600w, https:\/\/www.hoteltucblancbaqueira.com\/wp-content\/uploads\/2025\/01\/hotel-tuc-blanc-baqueira-550x550.webp 550w, https:\/\/www.hoteltucblancbaqueira.com\/wp-content\/uploads\/2025\/01\/hotel-tuc-blanc-baqueira-370x370.webp 370w, https:\/\/www.hoteltucblancbaqueira.com\/wp-content\/uploads\/2025\/01\/hotel-tuc-blanc-baqueira-255x255.webp 255w, https:\/\/www.hoteltucblancbaqueira.com\/wp-content\/uploads\/2025\/01\/hotel-tuc-blanc-baqueira.webp 1440w\" sizes=\"(max-width: 1024px) 100vw, 1024px\" \/><\/figure>\n","protected":false},"excerpt":{"rendered":"<p>S\u2019acaba l\u2019any 2025 i arriba un dels esdeveniments m\u00e9s m\u00e0gics per als m\u00e9s petits: la Cavalcada de Reis. A Baqueira, Ses Majestats els Reis d\u2019Orient arribaran amb m\u00e0quines pisa-neu a la cota 1500 la tarda del 5 de gener. Abans de l\u2019arribada dels Reis, Baqueira Beret oferir\u00e0 xocolata calenta i coca a tots els assistents. &#8230;<\/p>\n","protected":false},"author":3,"featured_media":4694,"comment_status":"closed","ping_status":"closed","sticky":false,"template":"","format":"standard","meta":{"loftocean_post_format_gallery":"","loftocean_post_format_gallery_ids":"","loftocean_post_format_gallery_urls":"","loftocean_post_format_video_id":0,"loftocean_post_format_video_url":"","loftocean_post_format_video_type":"","loftocean_post_format_video":"","loftocean_post_format_audio_type":"","loftocean_post_format_audio_url":"","loftocean_post_format_audio_id":0,"loftocean_post_format_audio":"","loftocean-like-count":0,"cozystay_single_post_hide_site_header":"","cozystay_single_post_site_header_source":"","cozystay_single_post_custom_site_header":"0","cozystay_single_post_custom_sticky_site_header":"0","cozystay_single_post_hide_page_title":"","cozystay_single_post_site_footer_hide_main":"","cozystay_single_custom_site_footer_main_source":"","cozystay_single_custom_site_footer_main":"0","cozystay_single_post_site_footer_hide_above":"","cozystay_single_custom_site_footer_above_source":"","cozystay_single_custom_site_footer_above":"0","cozystay_single_post_site_footer_hide_instagram":"","cozystay_single_post_site_footer_hide_bottom":"","cozystay_single_custom_mobile_menu_source":"","cozystay_single_custom_mobile_menu":"0","cozystay_single_custom_mobile_menu_animation":"","cozystay_single_custom_mobile_menu_width":"","cozystay_single_custom_mobile_menu_custom_width":375,"cozystay_single_post_template":"","footnotes":""},"categories":[131],"tags":[132,305,306,307,163],"class_list":["post-6797","post","type-post","status-publish","format-standard","has-post-thumbnail","hentry","category-hivern","tag-apres-ski-baqueira-ca","tag-cabalgata-reis-baqueira","tag-esquiar-nit-de-reis-baqueira","tag-nit-de-reis-baqueira","tag-spa-baqueira-ca"],"yoast_head":"<!-- This site is optimized with the Yoast SEO plugin v27.4 - https:\/\/yoast.com\/product\/yoast-seo-wordpress\/ -->\n<title>Cavalcada de Reis a Baqueira 2026 | Hotel Tuc Blanc Baqueira<\/title>\n<meta name=\"description\" content=\"Gaudeix de la Cavalcada de Reis a Baqueira. Consulta els horaris, el lloc i totes les activitats que tindran lloc durant aquesta celebraci\u00f3 m\u00e0gica.\" \/>\n<meta name=\"robots\" content=\"index, follow, max-snippet:-1, max-image-preview:large, max-video-preview:-1\" \/>\n<link rel=\"canonical\" href=\"https:\/\/www.hoteltucblancbaqueira.com\/ca\/cavalcada-de-reis-a-baqueira-2026\/\" \/>\n<meta property=\"og:locale\" content=\"ca_ES\" \/>\n<meta property=\"og:type\" content=\"article\" \/>\n<meta property=\"og:title\" content=\"Cavalcada de Reis a Baqueira 2026 | Hotel Tuc Blanc Baqueira\" \/>\n<meta property=\"og:description\" content=\"Gaudeix de la Cavalcada de Reis a Baqueira. Consulta els horaris, el lloc i totes les activitats que tindran lloc durant aquesta celebraci\u00f3 m\u00e0gica.\" \/>\n<meta property=\"og:url\" content=\"https:\/\/www.hoteltucblancbaqueira.com\/ca\/cavalcada-de-reis-a-baqueira-2026\/\" \/>\n<meta property=\"og:site_name\" content=\"Hotel Tuc Blanc Baqueira\" \/>\n<meta property=\"article:published_time\" content=\"2025-07-21T13:06:53+00:00\" \/>\n<meta property=\"article:modified_time\" content=\"2025-08-28T10:56:51+00:00\" \/>\n<meta property=\"og:image\" content=\"https:\/\/www.hoteltucblancbaqueira.com\/wp-content\/uploads\/2023\/12\/noche-reyes-baqueira.webp\" \/>\n\t<meta property=\"og:image:width\" content=\"2048\" \/>\n\t<meta property=\"og:image:height\" content=\"1365\" \/>\n\t<meta property=\"og:image:type\" content=\"image\/webp\" \/>\n<meta name=\"author\" content=\"alojapro_mkt\" \/>\n<meta name=\"twitter:card\" content=\"summary_large_image\" \/>\n<meta name=\"twitter:label1\" content=\"Escrit per\" \/>\n\t<meta name=\"twitter:data1\" content=\"alojapro_mkt\" \/>\n\t<meta name=\"twitter:label2\" content=\"Temps estimat de lectura\" \/>\n\t<meta name=\"twitter:data2\" content=\"1 minut\" \/>\n<script type=\"application\/ld+json\" class=\"yoast-schema-graph\">{\"@context\":\"https:\\\/\\\/schema.org\",\"@graph\":[{\"@type\":\"Article\",\"@id\":\"https:\\\/\\\/www.hoteltucblancbaqueira.com\\\/ca\\\/cavalcada-de-reis-a-baqueira-2026\\\/#article\",\"isPartOf\":{\"@id\":\"https:\\\/\\\/www.hoteltucblancbaqueira.com\\\/ca\\\/cavalcada-de-reis-a-baqueira-2026\\\/\"},\"author\":{\"name\":\"alojapro_mkt\",\"@id\":\"https:\\\/\\\/www.hoteltucblancbaqueira.com\\\/ca\\\/#\\\/schema\\\/person\\\/18a0f8b4813ee9544e861e9777b27696\"},\"headline\":\"Cavalcada de Reis a Baqueira 2026\",\"datePublished\":\"2025-07-21T13:06:53+00:00\",\"dateModified\":\"2025-08-28T10:56:51+00:00\",\"mainEntityOfPage\":{\"@id\":\"https:\\\/\\\/www.hoteltucblancbaqueira.com\\\/ca\\\/cavalcada-de-reis-a-baqueira-2026\\\/\"},\"wordCount\":290,\"publisher\":{\"@id\":\"https:\\\/\\\/www.hoteltucblancbaqueira.com\\\/ca\\\/#organization\"},\"image\":{\"@id\":\"https:\\\/\\\/www.hoteltucblancbaqueira.com\\\/ca\\\/cavalcada-de-reis-a-baqueira-2026\\\/#primaryimage\"},\"thumbnailUrl\":\"https:\\\/\\\/www.hoteltucblancbaqueira.com\\\/wp-content\\\/uploads\\\/2023\\\/12\\\/noche-reyes-baqueira.webp\",\"keywords\":[\"apres ski baqueira\",\"cabalgata reis baqueira\",\"esquiar nit de reis baqueira\",\"nit de reis baqueira\",\"spa baqueira\"],\"articleSection\":[\"Hivern\"],\"inLanguage\":\"ca\"},{\"@type\":\"WebPage\",\"@id\":\"https:\\\/\\\/www.hoteltucblancbaqueira.com\\\/ca\\\/cavalcada-de-reis-a-baqueira-2026\\\/\",\"url\":\"https:\\\/\\\/www.hoteltucblancbaqueira.com\\\/ca\\\/cavalcada-de-reis-a-baqueira-2026\\\/\",\"name\":\"Cavalcada de Reis a Baqueira 2026 | Hotel Tuc Blanc Baqueira\",\"isPartOf\":{\"@id\":\"https:\\\/\\\/www.hoteltucblancbaqueira.com\\\/ca\\\/#website\"},\"primaryImageOfPage\":{\"@id\":\"https:\\\/\\\/www.hoteltucblancbaqueira.com\\\/ca\\\/cavalcada-de-reis-a-baqueira-2026\\\/#primaryimage\"},\"image\":{\"@id\":\"https:\\\/\\\/www.hoteltucblancbaqueira.com\\\/ca\\\/cavalcada-de-reis-a-baqueira-2026\\\/#primaryimage\"},\"thumbnailUrl\":\"https:\\\/\\\/www.hoteltucblancbaqueira.com\\\/wp-content\\\/uploads\\\/2023\\\/12\\\/noche-reyes-baqueira.webp\",\"datePublished\":\"2025-07-21T13:06:53+00:00\",\"dateModified\":\"2025-08-28T10:56:51+00:00\",\"description\":\"Gaudeix de la Cavalcada de Reis a Baqueira. Consulta els horaris, el lloc i totes les activitats que tindran lloc durant aquesta celebraci\u00f3 m\u00e0gica.\",\"breadcrumb\":{\"@id\":\"https:\\\/\\\/www.hoteltucblancbaqueira.com\\\/ca\\\/cavalcada-de-reis-a-baqueira-2026\\\/#breadcrumb\"},\"inLanguage\":\"ca\",\"potentialAction\":[{\"@type\":\"ReadAction\",\"target\":[\"https:\\\/\\\/www.hoteltucblancbaqueira.com\\\/ca\\\/cavalcada-de-reis-a-baqueira-2026\\\/\"]}]},{\"@type\":\"ImageObject\",\"inLanguage\":\"ca\",\"@id\":\"https:\\\/\\\/www.hoteltucblancbaqueira.com\\\/ca\\\/cavalcada-de-reis-a-baqueira-2026\\\/#primaryimage\",\"url\":\"https:\\\/\\\/www.hoteltucblancbaqueira.com\\\/wp-content\\\/uploads\\\/2023\\\/12\\\/noche-reyes-baqueira.webp\",\"contentUrl\":\"https:\\\/\\\/www.hoteltucblancbaqueira.com\\\/wp-content\\\/uploads\\\/2023\\\/12\\\/noche-reyes-baqueira.webp\",\"width\":2048,\"height\":1365,\"caption\":\"cabalgata reyes baqueira\"},{\"@type\":\"BreadcrumbList\",\"@id\":\"https:\\\/\\\/www.hoteltucblancbaqueira.com\\\/ca\\\/cavalcada-de-reis-a-baqueira-2026\\\/#breadcrumb\",\"itemListElement\":[{\"@type\":\"ListItem\",\"position\":1,\"name\":\"Portada\",\"item\":\"https:\\\/\\\/www.hoteltucblancbaqueira.com\\\/ca\\\/home\\\/\"},{\"@type\":\"ListItem\",\"position\":2,\"name\":\"Cavalcada de Reis a Baqueira 2026\"}]},{\"@type\":\"WebSite\",\"@id\":\"https:\\\/\\\/www.hoteltucblancbaqueira.com\\\/ca\\\/#website\",\"url\":\"https:\\\/\\\/www.hoteltucblancbaqueira.com\\\/ca\\\/\",\"name\":\"Hotel Tuc Blanc Baqueira\",\"description\":\"Hotel en Baqueira a pie de pistas\",\"publisher\":{\"@id\":\"https:\\\/\\\/www.hoteltucblancbaqueira.com\\\/ca\\\/#organization\"},\"potentialAction\":[{\"@type\":\"SearchAction\",\"target\":{\"@type\":\"EntryPoint\",\"urlTemplate\":\"https:\\\/\\\/www.hoteltucblancbaqueira.com\\\/ca\\\/?s={search_term_string}\"},\"query-input\":{\"@type\":\"PropertyValueSpecification\",\"valueRequired\":true,\"valueName\":\"search_term_string\"}}],\"inLanguage\":\"ca\"},{\"@type\":\"Organization\",\"@id\":\"https:\\\/\\\/www.hoteltucblancbaqueira.com\\\/ca\\\/#organization\",\"name\":\"Hotel Tuc Blanc Baqueira\",\"url\":\"https:\\\/\\\/www.hoteltucblancbaqueira.com\\\/ca\\\/\",\"logo\":{\"@type\":\"ImageObject\",\"inLanguage\":\"ca\",\"@id\":\"https:\\\/\\\/www.hoteltucblancbaqueira.com\\\/ca\\\/#\\\/schema\\\/logo\\\/image\\\/\",\"url\":\"https:\\\/\\\/www.hoteltucblancbaqueira.com\\\/wp-content\\\/uploads\\\/2025\\\/05\\\/logo_header.svg\",\"contentUrl\":\"https:\\\/\\\/www.hoteltucblancbaqueira.com\\\/wp-content\\\/uploads\\\/2025\\\/05\\\/logo_header.svg\",\"width\":398,\"height\":101,\"caption\":\"Hotel Tuc Blanc Baqueira\"},\"image\":{\"@id\":\"https:\\\/\\\/www.hoteltucblancbaqueira.com\\\/ca\\\/#\\\/schema\\\/logo\\\/image\\\/\"}},{\"@type\":\"Person\",\"@id\":\"https:\\\/\\\/www.hoteltucblancbaqueira.com\\\/ca\\\/#\\\/schema\\\/person\\\/18a0f8b4813ee9544e861e9777b27696\",\"name\":\"alojapro_mkt\"}]}<\/script>\n<!-- \/ Yoast SEO plugin. -->","yoast_head_json":{"title":"Cavalcada de Reis a Baqueira 2026 | Hotel Tuc Blanc Baqueira","description":"Gaudeix de la Cavalcada de Reis a Baqueira. Consulta els horaris, el lloc i totes les activitats que tindran lloc durant aquesta celebraci\u00f3 m\u00e0gica.","robots":{"index":"index","follow":"follow","max-snippet":"max-snippet:-1","max-image-preview":"max-image-preview:large","max-video-preview":"max-video-preview:-1"},"canonical":"https:\/\/www.hoteltucblancbaqueira.com\/ca\/cavalcada-de-reis-a-baqueira-2026\/","og_locale":"ca_ES","og_type":"article","og_title":"Cavalcada de Reis a Baqueira 2026 | Hotel Tuc Blanc Baqueira","og_description":"Gaudeix de la Cavalcada de Reis a Baqueira. Consulta els horaris, el lloc i totes les activitats que tindran lloc durant aquesta celebraci\u00f3 m\u00e0gica.","og_url":"https:\/\/www.hoteltucblancbaqueira.com\/ca\/cavalcada-de-reis-a-baqueira-2026\/","og_site_name":"Hotel Tuc Blanc Baqueira","article_published_time":"2025-07-21T13:06:53+00:00","article_modified_time":"2025-08-28T10:56:51+00:00","og_image":[{"width":2048,"height":1365,"url":"https:\/\/www.hoteltucblancbaqueira.com\/wp-content\/uploads\/2023\/12\/noche-reyes-baqueira.webp","type":"image\/webp"}],"author":"alojapro_mkt","twitter_card":"summary_large_image","twitter_misc":{"Escrit per":"alojapro_mkt","Temps estimat de lectura":"1 minut"},"schema":{"@context":"https:\/\/schema.org","@graph":[{"@type":"Article","@id":"https:\/\/www.hoteltucblancbaqueira.com\/ca\/cavalcada-de-reis-a-baqueira-2026\/#article","isPartOf":{"@id":"https:\/\/www.hoteltucblancbaqueira.com\/ca\/cavalcada-de-reis-a-baqueira-2026\/"},"author":{"name":"alojapro_mkt","@id":"https:\/\/www.hoteltucblancbaqueira.com\/ca\/#\/schema\/person\/18a0f8b4813ee9544e861e9777b27696"},"headline":"Cavalcada de Reis a Baqueira 2026","datePublished":"2025-07-21T13:06:53+00:00","dateModified":"2025-08-28T10:56:51+00:00","mainEntityOfPage":{"@id":"https:\/\/www.hoteltucblancbaqueira.com\/ca\/cavalcada-de-reis-a-baqueira-2026\/"},"wordCount":290,"publisher":{"@id":"https:\/\/www.hoteltucblancbaqueira.com\/ca\/#organization"},"image":{"@id":"https:\/\/www.hoteltucblancbaqueira.com\/ca\/cavalcada-de-reis-a-baqueira-2026\/#primaryimage"},"thumbnailUrl":"https:\/\/www.hoteltucblancbaqueira.com\/wp-content\/uploads\/2023\/12\/noche-reyes-baqueira.webp","keywords":["apres ski baqueira","cabalgata reis baqueira","esquiar nit de reis baqueira","nit de reis baqueira","spa baqueira"],"articleSection":["Hivern"],"inLanguage":"ca"},{"@type":"WebPage","@id":"https:\/\/www.hoteltucblancbaqueira.com\/ca\/cavalcada-de-reis-a-baqueira-2026\/","url":"https:\/\/www.hoteltucblancbaqueira.com\/ca\/cavalcada-de-reis-a-baqueira-2026\/","name":"Cavalcada de Reis a Baqueira 2026 | Hotel Tuc Blanc Baqueira","isPartOf":{"@id":"https:\/\/www.hoteltucblancbaqueira.com\/ca\/#website"},"primaryImageOfPage":{"@id":"https:\/\/www.hoteltucblancbaqueira.com\/ca\/cavalcada-de-reis-a-baqueira-2026\/#primaryimage"},"image":{"@id":"https:\/\/www.hoteltucblancbaqueira.com\/ca\/cavalcada-de-reis-a-baqueira-2026\/#primaryimage"},"thumbnailUrl":"https:\/\/www.hoteltucblancbaqueira.com\/wp-content\/uploads\/2023\/12\/noche-reyes-baqueira.webp","datePublished":"2025-07-21T13:06:53+00:00","dateModified":"2025-08-28T10:56:51+00:00","description":"Gaudeix de la Cavalcada de Reis a Baqueira. Consulta els horaris, el lloc i totes les activitats que tindran lloc durant aquesta celebraci\u00f3 m\u00e0gica.","breadcrumb":{"@id":"https:\/\/www.hoteltucblancbaqueira.com\/ca\/cavalcada-de-reis-a-baqueira-2026\/#breadcrumb"},"inLanguage":"ca","potentialAction":[{"@type":"ReadAction","target":["https:\/\/www.hoteltucblancbaqueira.com\/ca\/cavalcada-de-reis-a-baqueira-2026\/"]}]},{"@type":"ImageObject","inLanguage":"ca","@id":"https:\/\/www.hoteltucblancbaqueira.com\/ca\/cavalcada-de-reis-a-baqueira-2026\/#primaryimage","url":"https:\/\/www.hoteltucblancbaqueira.com\/wp-content\/uploads\/2023\/12\/noche-reyes-baqueira.webp","contentUrl":"https:\/\/www.hoteltucblancbaqueira.com\/wp-content\/uploads\/2023\/12\/noche-reyes-baqueira.webp","width":2048,"height":1365,"caption":"cabalgata reyes baqueira"},{"@type":"BreadcrumbList","@id":"https:\/\/www.hoteltucblancbaqueira.com\/ca\/cavalcada-de-reis-a-baqueira-2026\/#breadcrumb","itemListElement":[{"@type":"ListItem","position":1,"name":"Portada","item":"https:\/\/www.hoteltucblancbaqueira.com\/ca\/home\/"},{"@type":"ListItem","position":2,"name":"Cavalcada de Reis a Baqueira 2026"}]},{"@type":"WebSite","@id":"https:\/\/www.hoteltucblancbaqueira.com\/ca\/#website","url":"https:\/\/www.hoteltucblancbaqueira.com\/ca\/","name":"Hotel Tuc Blanc Baqueira","description":"Hotel en Baqueira a pie de pistas","publisher":{"@id":"https:\/\/www.hoteltucblancbaqueira.com\/ca\/#organization"},"potentialAction":[{"@type":"SearchAction","target":{"@type":"EntryPoint","urlTemplate":"https:\/\/www.hoteltucblancbaqueira.com\/ca\/?s={search_term_string}"},"query-input":{"@type":"PropertyValueSpecification","valueRequired":true,"valueName":"search_term_string"}}],"inLanguage":"ca"},{"@type":"Organization","@id":"https:\/\/www.hoteltucblancbaqueira.com\/ca\/#organization","name":"Hotel Tuc Blanc Baqueira","url":"https:\/\/www.hoteltucblancbaqueira.com\/ca\/","logo":{"@type":"ImageObject","inLanguage":"ca","@id":"https:\/\/www.hoteltucblancbaqueira.com\/ca\/#\/schema\/logo\/image\/","url":"https:\/\/www.hoteltucblancbaqueira.com\/wp-content\/uploads\/2025\/05\/logo_header.svg","contentUrl":"https:\/\/www.hoteltucblancbaqueira.com\/wp-content\/uploads\/2025\/05\/logo_header.svg","width":398,"height":101,"caption":"Hotel Tuc Blanc Baqueira"},"image":{"@id":"https:\/\/www.hoteltucblancbaqueira.com\/ca\/#\/schema\/logo\/image\/"}},{"@type":"Person","@id":"https:\/\/www.hoteltucblancbaqueira.com\/ca\/#\/schema\/person\/18a0f8b4813ee9544e861e9777b27696","name":"alojapro_mkt"}]}},"loftoceanMetas":{"authorName":"alojapro_mkt","categories":[{"name":"Hivern","link":"https:\/\/www.hoteltucblancbaqueira.com\/ca\/category\/hivern\/","count":13}],"date":"21 de juliol de 2025","featuredImageSRC":"https:\/\/www.hoteltucblancbaqueira.com\/wp-content\/uploads\/2023\/12\/noche-reyes-baqueira-150x150.webp"},"_links":{"self":[{"href":"https:\/\/www.hoteltucblancbaqueira.com\/ca\/wp-json\/wp\/v2\/posts\/6797","targetHints":{"allow":["GET"]}}],"collection":[{"href":"https:\/\/www.hoteltucblancbaqueira.com\/ca\/wp-json\/wp\/v2\/posts"}],"about":[{"href":"https:\/\/www.hoteltucblancbaqueira.com\/ca\/wp-json\/wp\/v2\/types\/post"}],"author":[{"embeddable":true,"href":"https:\/\/www.hoteltucblancbaqueira.com\/ca\/wp-json\/wp\/v2\/users\/3"}],"replies":[{"embeddable":true,"href":"https:\/\/www.hoteltucblancbaqueira.com\/ca\/wp-json\/wp\/v2\/comments?post=6797"}],"version-history":[{"count":0,"href":"https:\/\/www.hoteltucblancbaqueira.com\/ca\/wp-json\/wp\/v2\/posts\/6797\/revisions"}],"wp:featuredmedia":[{"embeddable":true,"href":"https:\/\/www.hoteltucblancbaqueira.com\/ca\/wp-json\/wp\/v2\/media\/4694"}],"wp:attachment":[{"href":"https:\/\/www.hoteltucblancbaqueira.com\/ca\/wp-json\/wp\/v2\/media?parent=6797"}],"wp:term":[{"taxonomy":"category","embeddable":true,"href":"https:\/\/www.hoteltucblancbaqueira.com\/ca\/wp-json\/wp\/v2\/categories?post=6797"},{"taxonomy":"post_tag","embeddable":true,"href":"https:\/\/www.hoteltucblancbaqueira.com\/ca\/wp-json\/wp\/v2\/tags?post=6797"}],"curies":[{"name":"wp","href":"https:\/\/api.w.org\/{rel}","templated":true}]}}