{"id":7166,"date":"2026-01-16T16:25:57","date_gmt":"2026-01-16T15:25:57","guid":{"rendered":"https:\/\/www.hoteltucblancbaqueira.com\/?p=7166"},"modified":"2026-01-16T16:25:58","modified_gmt":"2026-01-16T15:25:58","slug":"olla-aranesa-un-dels-plats-tipics-de-la-vall-daran","status":"publish","type":"post","link":"https:\/\/www.hoteltucblancbaqueira.com\/ca\/olla-aranesa-un-dels-plats-tipics-de-la-vall-daran\/","title":{"rendered":"Olla Aranesa, un dels plats t\u00edpics de la Vall d\u2019Aran"},"content":{"rendered":"\n<p>La<strong> cuina aranesa<\/strong> \u00e9s una cuina de muntanya, contundent i estretament vinculada al clima i a l\u2019autosufici\u00e8ncia rural de la Vall d\u2019Aran, en ple Pirineu.<\/p>\n\n<p>Els plats aranesos solen ser cal\u00f2rics i reconfortants, pensats per fer front a hiverns llargs, en qu\u00e8 abunden els guisats, les olles, les sopes i els estofats cuinats a foc lent i amb temps de cocci\u00f3 prolongats. El plat m\u00e9s conegut \u00e9s l\u2019Olla Aranesa o Olha Aranesa. <\/p>\n\n<p>En el seu origen, l\u2019Olla Aranesa era elaborada per les fam\u00edlies ramaderes amb restes de collita i aliments emmagatzemats al rebost, enriquida de manera natural gr\u00e0cies a la ca\u00e7a i la ramaderia pr\u00f2pies de la zona.<\/p>\n\n<p>Tot i que l\u2019Olla Aranesa \u00e9s habitual a les taules camperoles, la seva preparaci\u00f3 pot variar, ja que cadasc\u00fa la cuina a la seva manera, seguint receptes transmeses de generaci\u00f3 en generaci\u00f3.<br\/>Per aquest motiu, avui dia existeixen diverses versions de l\u2019Olha Aranesa, cadascuna amb les seves particularitats i evoluci\u00f3 pr\u00f2pia, tot mantenint l\u2019ess\u00e8ncia del plat. <\/p>\n\n<h2 class=\"wp-block-heading\"><strong>Quina \u00e9s la recepta tradicional de l\u2019Olla Aranesa?<\/strong><\/h2>\n\n<ul class=\"wp-block-list\">\n<li>Bullir durant 1 hora: os d\u2019espinada de porc, os de pernil, mitja m\u00e0 de porc, gallina i cansalada.<\/li>\n\n\n\n<li>Afegir la pilota feta amb carn picada de vedella, carn picada de porc, 1 ou, molla de pa, herbes de Proven\u00e7a, pebre i sal, i deixar bullir una hora m\u00e9s.<\/li>\n\n\n\n<li>Incorporar les verdures tallades petites: col, ceba, porro, patata, pastanaga i api, i deixar coure 30 minuts.<\/li>\n\n\n\n<li>Afegir mongetes (pr\u00e8viament mig cuites), arr\u00f2s i fideus; deixar coure 10 minuts i afegir finalment botifarra negra i botifarra del perol. Coure 10 minuts m\u00e9s. Apagar el foc i deixar reposar abans de servir. <\/li>\n\n\n\n<li>El temps total de preparaci\u00f3 \u00e9s d\u2019unes 3 hores; per aix\u00f2, si visites la Vall d\u2019Aran, una excel\u00b7lent opci\u00f3 \u00e9s gaudir-ne en un restaurant de cuina tradicional.<\/li>\n<\/ul>\n\n<h2 class=\"wp-block-heading\"><strong>On menjar l\u2019Olla Aranesa a la Vall d\u2019Aran?<\/strong><\/h2>\n\n<p>L\u2019Olla Aranesa se sol servir sobretot a l\u2019hivern o en mesos freds, i en molts establiments forma part del <em>men\u00fa del dia<\/em> o de les cartes de caps de setmana i temporades de turisme de muntanya. Et proposem alguns dels nostres restaurants preferits per tastar-la: <\/p>\n\n<ul class=\"wp-block-list\">\n<li><strong><a href=\"https:\/\/www.tauernaranesa.com\/\">Tauerna Aranesa<\/a><\/strong>: Bar de tapes, pinxos i men\u00fa amb plats t\u00edpics aranesos.<\/li>\n\n\n\n<li><strong><a href=\"https:\/\/www.blancbaqueira.com\/\">Blanc Baqueira<\/a><\/strong>: Situat a peu de pistes, dins de l\u2019Hotel Tuc Blanc, obert tamb\u00e9 a clients externs.<\/li>\n\n\n\n<li><strong><a href=\"https:\/\/www.elmolidevielharestaurante.com\/\">Restaurant El Mol\u00ed<\/a><\/strong>: Cuina local i tradicional en un entorn acollidor.<\/li>\n\n\n\n<li><strong><a href=\"https:\/\/casaturnay.es\/\">Casa Turnay<\/a><\/strong>: Plats tradicionals amb un toc de cuina actual.<\/li>\n\n\n\n<li><strong><a href=\"https:\/\/www.facebook.com\/profile.php?id=100063891501187&amp;sk=reviews\">Restaurant Era Torrada<\/a><\/strong>: Cuina local i aut\u00e8ntica de la Vall d\u2019Aran.<\/li>\n<\/ul>\n\n<h3 class=\"wp-block-heading\"><strong>Gaudeix de la Vall d\u2019Aran amb els cinc sentits<\/strong><\/h3>\n\n<p>Despr\u00e9s d\u2019una jornada d\u2019esqu\u00ed o de muntanya, asseure\u2019s a taula amb un bon plat tradicional com l\u2019Olla Aranesa \u00e9s la millor manera de completar l\u2019experi\u00e8ncia i descobrir l\u2019ess\u00e8ncia gastron\u00f2mica de la Vall d\u2019Aran.<\/p>\n\n<h4 class=\"wp-block-heading\"><strong>T\u2019animes a degustar la Vall d\u2019Aran?<\/strong><\/h4>\n\n<p>Fes la teva escapada encara m\u00e9s especial reservant al nostre <strong><a href=\"https:\/\/hoteltucblancbaqueira.com\/ca\/\">hotel amb spa a Baqueira<\/a><\/strong> i gaudeix d\u2019una experi\u00e8ncia gastron\u00f2mica inoblidable.<\/p>\n\n<p><\/p>\n","protected":false},"excerpt":{"rendered":"<p>La cuina aranesa \u00e9s una cuina de muntanya, contundent i estretament vinculada al clima i a l\u2019autosufici\u00e8ncia rural de la Vall d\u2019Aran, en ple Pirineu. Els plats aranesos solen ser cal\u00f2rics i reconfortants, pensats per fer front a hiverns llargs, en qu\u00e8 abunden els guisats, les olles, les sopes i els estofats cuinats a foc &#8230;<\/p>\n","protected":false},"author":3,"featured_media":7155,"comment_status":"closed","ping_status":"open","sticky":false,"template":"","format":"standard","meta":{"loftocean_post_format_gallery":"","loftocean_post_format_gallery_ids":"","loftocean_post_format_gallery_urls":"","loftocean_post_format_video_id":0,"loftocean_post_format_video_url":"","loftocean_post_format_video_type":"","loftocean_post_format_video":"","loftocean_post_format_audio_type":"","loftocean_post_format_audio_url":"","loftocean_post_format_audio_id":0,"loftocean_post_format_audio":"","loftocean-like-count":0,"cozystay_single_post_hide_site_header":"","cozystay_single_post_site_header_source":"","cozystay_single_post_custom_site_header":"0","cozystay_single_post_custom_sticky_site_header":"0","cozystay_single_post_hide_page_title":"","cozystay_single_post_site_footer_hide_main":"","cozystay_single_custom_site_footer_main_source":"","cozystay_single_custom_site_footer_main":"0","cozystay_single_post_site_footer_hide_above":"","cozystay_single_custom_site_footer_above_source":"","cozystay_single_custom_site_footer_above":"0","cozystay_single_post_site_footer_hide_instagram":"","cozystay_single_post_site_footer_hide_bottom":"","cozystay_single_custom_mobile_menu_source":"","cozystay_single_custom_mobile_menu":"0","cozystay_single_custom_mobile_menu_animation":"","cozystay_single_custom_mobile_menu_width":"","cozystay_single_custom_mobile_menu_custom_width":375,"cozystay_single_post_template":"","footnotes":""},"categories":[223,131,137],"tags":[156,132,365,366,367,163],"class_list":["post-7166","post","type-post","status-publish","format-standard","has-post-thumbnail","hentry","category-gastronomia-ca","category-hivern","category-sin-categoria-ca","tag-activitats-baqueira","tag-apres-ski-baqueira-ca","tag-olla-aranesa","tag-recepta-olla-aranesa","tag-restaurants-baqueira","tag-spa-baqueira-ca"],"yoast_head":"<!-- This site is optimized with the Yoast SEO plugin v27.4 - https:\/\/yoast.com\/product\/yoast-seo-wordpress\/ -->\n<title>Olla Aranesa, un dels plats t\u00edpics de la Vall d\u2019Aran | Hotel Tuc Blanc Baqueira<\/title>\n<meta name=\"description\" content=\"Descobreix l\u2019Olla Aranesa, el plat m\u00e9s tradicional de la Vall d\u2019Aran. Origen, recepta i on degustar-la despr\u00e9s d\u2019un dia d\u2019esqu\u00ed o de muntanya.\" \/>\n<meta name=\"robots\" content=\"index, follow, max-snippet:-1, max-image-preview:large, max-video-preview:-1\" \/>\n<link rel=\"canonical\" href=\"https:\/\/www.hoteltucblancbaqueira.com\/ca\/olla-aranesa-un-dels-plats-tipics-de-la-vall-daran\/\" \/>\n<meta property=\"og:locale\" content=\"ca_ES\" \/>\n<meta property=\"og:type\" content=\"article\" \/>\n<meta property=\"og:title\" content=\"Olla Aranesa, un dels plats t\u00edpics de la Vall d\u2019Aran | Hotel Tuc Blanc Baqueira\" \/>\n<meta property=\"og:description\" content=\"Descobreix l\u2019Olla Aranesa, el plat m\u00e9s tradicional de la Vall d\u2019Aran. Origen, recepta i on degustar-la despr\u00e9s d\u2019un dia d\u2019esqu\u00ed o de muntanya.\" \/>\n<meta property=\"og:url\" content=\"https:\/\/www.hoteltucblancbaqueira.com\/ca\/olla-aranesa-un-dels-plats-tipics-de-la-vall-daran\/\" \/>\n<meta property=\"og:site_name\" content=\"Hotel Tuc Blanc Baqueira\" \/>\n<meta property=\"article:published_time\" content=\"2026-01-16T15:25:57+00:00\" \/>\n<meta property=\"article:modified_time\" content=\"2026-01-16T15:25:58+00:00\" \/>\n<meta property=\"og:image\" content=\"https:\/\/www.hoteltucblancbaqueira.com\/wp-content\/uploads\/2026\/01\/Olla-Aranesa_Tuc-Blanc-scaled.webp\" \/>\n\t<meta property=\"og:image:width\" content=\"2560\" \/>\n\t<meta property=\"og:image:height\" content=\"1280\" \/>\n\t<meta property=\"og:image:type\" content=\"image\/webp\" \/>\n<meta name=\"author\" content=\"alojapro_mkt\" \/>\n<meta name=\"twitter:card\" content=\"summary_large_image\" \/>\n<meta name=\"twitter:label1\" content=\"Escrit per\" \/>\n\t<meta name=\"twitter:data1\" content=\"alojapro_mkt\" \/>\n\t<meta name=\"twitter:label2\" content=\"Temps estimat de lectura\" \/>\n\t<meta name=\"twitter:data2\" content=\"3 minuts\" \/>\n<script type=\"application\/ld+json\" class=\"yoast-schema-graph\">{\"@context\":\"https:\\\/\\\/schema.org\",\"@graph\":[{\"@type\":\"Article\",\"@id\":\"https:\\\/\\\/www.hoteltucblancbaqueira.com\\\/ca\\\/olla-aranesa-un-dels-plats-tipics-de-la-vall-daran\\\/#article\",\"isPartOf\":{\"@id\":\"https:\\\/\\\/www.hoteltucblancbaqueira.com\\\/ca\\\/olla-aranesa-un-dels-plats-tipics-de-la-vall-daran\\\/\"},\"author\":{\"name\":\"alojapro_mkt\",\"@id\":\"https:\\\/\\\/www.hoteltucblancbaqueira.com\\\/ca\\\/#\\\/schema\\\/person\\\/18a0f8b4813ee9544e861e9777b27696\"},\"headline\":\"Olla Aranesa, un dels plats t\u00edpics de la Vall d\u2019Aran\",\"datePublished\":\"2026-01-16T15:25:57+00:00\",\"dateModified\":\"2026-01-16T15:25:58+00:00\",\"mainEntityOfPage\":{\"@id\":\"https:\\\/\\\/www.hoteltucblancbaqueira.com\\\/ca\\\/olla-aranesa-un-dels-plats-tipics-de-la-vall-daran\\\/\"},\"wordCount\":539,\"publisher\":{\"@id\":\"https:\\\/\\\/www.hoteltucblancbaqueira.com\\\/ca\\\/#organization\"},\"image\":{\"@id\":\"https:\\\/\\\/www.hoteltucblancbaqueira.com\\\/ca\\\/olla-aranesa-un-dels-plats-tipics-de-la-vall-daran\\\/#primaryimage\"},\"thumbnailUrl\":\"https:\\\/\\\/www.hoteltucblancbaqueira.com\\\/wp-content\\\/uploads\\\/2026\\\/01\\\/Olla-Aranesa_Tuc-Blanc-scaled.webp\",\"keywords\":[\"activitats baqueira\",\"apres ski baqueira\",\"Olla Aranesa\",\"recepta olla aranesa\",\"restaurants baqueira\",\"spa baqueira\"],\"articleSection\":[\"Gastronomia\",\"Hivern\",\"Sin categor\u00eda\"],\"inLanguage\":\"ca\"},{\"@type\":\"WebPage\",\"@id\":\"https:\\\/\\\/www.hoteltucblancbaqueira.com\\\/ca\\\/olla-aranesa-un-dels-plats-tipics-de-la-vall-daran\\\/\",\"url\":\"https:\\\/\\\/www.hoteltucblancbaqueira.com\\\/ca\\\/olla-aranesa-un-dels-plats-tipics-de-la-vall-daran\\\/\",\"name\":\"Olla Aranesa, un dels plats t\u00edpics de la Vall d\u2019Aran | Hotel Tuc Blanc Baqueira\",\"isPartOf\":{\"@id\":\"https:\\\/\\\/www.hoteltucblancbaqueira.com\\\/ca\\\/#website\"},\"primaryImageOfPage\":{\"@id\":\"https:\\\/\\\/www.hoteltucblancbaqueira.com\\\/ca\\\/olla-aranesa-un-dels-plats-tipics-de-la-vall-daran\\\/#primaryimage\"},\"image\":{\"@id\":\"https:\\\/\\\/www.hoteltucblancbaqueira.com\\\/ca\\\/olla-aranesa-un-dels-plats-tipics-de-la-vall-daran\\\/#primaryimage\"},\"thumbnailUrl\":\"https:\\\/\\\/www.hoteltucblancbaqueira.com\\\/wp-content\\\/uploads\\\/2026\\\/01\\\/Olla-Aranesa_Tuc-Blanc-scaled.webp\",\"datePublished\":\"2026-01-16T15:25:57+00:00\",\"dateModified\":\"2026-01-16T15:25:58+00:00\",\"description\":\"Descobreix l\u2019Olla Aranesa, el plat m\u00e9s tradicional de la Vall d\u2019Aran. Origen, recepta i on degustar-la despr\u00e9s d\u2019un dia d\u2019esqu\u00ed o de muntanya.\",\"breadcrumb\":{\"@id\":\"https:\\\/\\\/www.hoteltucblancbaqueira.com\\\/ca\\\/olla-aranesa-un-dels-plats-tipics-de-la-vall-daran\\\/#breadcrumb\"},\"inLanguage\":\"ca\",\"potentialAction\":[{\"@type\":\"ReadAction\",\"target\":[\"https:\\\/\\\/www.hoteltucblancbaqueira.com\\\/ca\\\/olla-aranesa-un-dels-plats-tipics-de-la-vall-daran\\\/\"]}]},{\"@type\":\"ImageObject\",\"inLanguage\":\"ca\",\"@id\":\"https:\\\/\\\/www.hoteltucblancbaqueira.com\\\/ca\\\/olla-aranesa-un-dels-plats-tipics-de-la-vall-daran\\\/#primaryimage\",\"url\":\"https:\\\/\\\/www.hoteltucblancbaqueira.com\\\/wp-content\\\/uploads\\\/2026\\\/01\\\/Olla-Aranesa_Tuc-Blanc-scaled.webp\",\"contentUrl\":\"https:\\\/\\\/www.hoteltucblancbaqueira.com\\\/wp-content\\\/uploads\\\/2026\\\/01\\\/Olla-Aranesa_Tuc-Blanc-scaled.webp\",\"width\":2560,\"height\":1280,\"caption\":\"_d\u00f3nde comer Olla Aranesa_\"},{\"@type\":\"BreadcrumbList\",\"@id\":\"https:\\\/\\\/www.hoteltucblancbaqueira.com\\\/ca\\\/olla-aranesa-un-dels-plats-tipics-de-la-vall-daran\\\/#breadcrumb\",\"itemListElement\":[{\"@type\":\"ListItem\",\"position\":1,\"name\":\"Portada\",\"item\":\"https:\\\/\\\/www.hoteltucblancbaqueira.com\\\/ca\\\/home\\\/\"},{\"@type\":\"ListItem\",\"position\":2,\"name\":\"Olla Aranesa, un dels plats t\u00edpics de la Vall d\u2019Aran\"}]},{\"@type\":\"WebSite\",\"@id\":\"https:\\\/\\\/www.hoteltucblancbaqueira.com\\\/ca\\\/#website\",\"url\":\"https:\\\/\\\/www.hoteltucblancbaqueira.com\\\/ca\\\/\",\"name\":\"Hotel Tuc Blanc Baqueira\",\"description\":\"Hotel en Baqueira a pie de pistas\",\"publisher\":{\"@id\":\"https:\\\/\\\/www.hoteltucblancbaqueira.com\\\/ca\\\/#organization\"},\"potentialAction\":[{\"@type\":\"SearchAction\",\"target\":{\"@type\":\"EntryPoint\",\"urlTemplate\":\"https:\\\/\\\/www.hoteltucblancbaqueira.com\\\/ca\\\/?s={search_term_string}\"},\"query-input\":{\"@type\":\"PropertyValueSpecification\",\"valueRequired\":true,\"valueName\":\"search_term_string\"}}],\"inLanguage\":\"ca\"},{\"@type\":\"Organization\",\"@id\":\"https:\\\/\\\/www.hoteltucblancbaqueira.com\\\/ca\\\/#organization\",\"name\":\"Hotel Tuc Blanc Baqueira\",\"url\":\"https:\\\/\\\/www.hoteltucblancbaqueira.com\\\/ca\\\/\",\"logo\":{\"@type\":\"ImageObject\",\"inLanguage\":\"ca\",\"@id\":\"https:\\\/\\\/www.hoteltucblancbaqueira.com\\\/ca\\\/#\\\/schema\\\/logo\\\/image\\\/\",\"url\":\"https:\\\/\\\/www.hoteltucblancbaqueira.com\\\/wp-content\\\/uploads\\\/2025\\\/05\\\/logo_header.svg\",\"contentUrl\":\"https:\\\/\\\/www.hoteltucblancbaqueira.com\\\/wp-content\\\/uploads\\\/2025\\\/05\\\/logo_header.svg\",\"width\":398,\"height\":101,\"caption\":\"Hotel Tuc Blanc Baqueira\"},\"image\":{\"@id\":\"https:\\\/\\\/www.hoteltucblancbaqueira.com\\\/ca\\\/#\\\/schema\\\/logo\\\/image\\\/\"}},{\"@type\":\"Person\",\"@id\":\"https:\\\/\\\/www.hoteltucblancbaqueira.com\\\/ca\\\/#\\\/schema\\\/person\\\/18a0f8b4813ee9544e861e9777b27696\",\"name\":\"alojapro_mkt\"}]}<\/script>\n<!-- \/ Yoast SEO plugin. -->","yoast_head_json":{"title":"Olla Aranesa, un dels plats t\u00edpics de la Vall d\u2019Aran | Hotel Tuc Blanc Baqueira","description":"Descobreix l\u2019Olla Aranesa, el plat m\u00e9s tradicional de la Vall d\u2019Aran. Origen, recepta i on degustar-la despr\u00e9s d\u2019un dia d\u2019esqu\u00ed o de muntanya.","robots":{"index":"index","follow":"follow","max-snippet":"max-snippet:-1","max-image-preview":"max-image-preview:large","max-video-preview":"max-video-preview:-1"},"canonical":"https:\/\/www.hoteltucblancbaqueira.com\/ca\/olla-aranesa-un-dels-plats-tipics-de-la-vall-daran\/","og_locale":"ca_ES","og_type":"article","og_title":"Olla Aranesa, un dels plats t\u00edpics de la Vall d\u2019Aran | Hotel Tuc Blanc Baqueira","og_description":"Descobreix l\u2019Olla Aranesa, el plat m\u00e9s tradicional de la Vall d\u2019Aran. Origen, recepta i on degustar-la despr\u00e9s d\u2019un dia d\u2019esqu\u00ed o de muntanya.","og_url":"https:\/\/www.hoteltucblancbaqueira.com\/ca\/olla-aranesa-un-dels-plats-tipics-de-la-vall-daran\/","og_site_name":"Hotel Tuc Blanc Baqueira","article_published_time":"2026-01-16T15:25:57+00:00","article_modified_time":"2026-01-16T15:25:58+00:00","og_image":[{"width":2560,"height":1280,"url":"https:\/\/www.hoteltucblancbaqueira.com\/wp-content\/uploads\/2026\/01\/Olla-Aranesa_Tuc-Blanc-scaled.webp","type":"image\/webp"}],"author":"alojapro_mkt","twitter_card":"summary_large_image","twitter_misc":{"Escrit per":"alojapro_mkt","Temps estimat de lectura":"3 minuts"},"schema":{"@context":"https:\/\/schema.org","@graph":[{"@type":"Article","@id":"https:\/\/www.hoteltucblancbaqueira.com\/ca\/olla-aranesa-un-dels-plats-tipics-de-la-vall-daran\/#article","isPartOf":{"@id":"https:\/\/www.hoteltucblancbaqueira.com\/ca\/olla-aranesa-un-dels-plats-tipics-de-la-vall-daran\/"},"author":{"name":"alojapro_mkt","@id":"https:\/\/www.hoteltucblancbaqueira.com\/ca\/#\/schema\/person\/18a0f8b4813ee9544e861e9777b27696"},"headline":"Olla Aranesa, un dels plats t\u00edpics de la Vall d\u2019Aran","datePublished":"2026-01-16T15:25:57+00:00","dateModified":"2026-01-16T15:25:58+00:00","mainEntityOfPage":{"@id":"https:\/\/www.hoteltucblancbaqueira.com\/ca\/olla-aranesa-un-dels-plats-tipics-de-la-vall-daran\/"},"wordCount":539,"publisher":{"@id":"https:\/\/www.hoteltucblancbaqueira.com\/ca\/#organization"},"image":{"@id":"https:\/\/www.hoteltucblancbaqueira.com\/ca\/olla-aranesa-un-dels-plats-tipics-de-la-vall-daran\/#primaryimage"},"thumbnailUrl":"https:\/\/www.hoteltucblancbaqueira.com\/wp-content\/uploads\/2026\/01\/Olla-Aranesa_Tuc-Blanc-scaled.webp","keywords":["activitats baqueira","apres ski baqueira","Olla Aranesa","recepta olla aranesa","restaurants baqueira","spa baqueira"],"articleSection":["Gastronomia","Hivern","Sin categor\u00eda"],"inLanguage":"ca"},{"@type":"WebPage","@id":"https:\/\/www.hoteltucblancbaqueira.com\/ca\/olla-aranesa-un-dels-plats-tipics-de-la-vall-daran\/","url":"https:\/\/www.hoteltucblancbaqueira.com\/ca\/olla-aranesa-un-dels-plats-tipics-de-la-vall-daran\/","name":"Olla Aranesa, un dels plats t\u00edpics de la Vall d\u2019Aran | Hotel Tuc Blanc Baqueira","isPartOf":{"@id":"https:\/\/www.hoteltucblancbaqueira.com\/ca\/#website"},"primaryImageOfPage":{"@id":"https:\/\/www.hoteltucblancbaqueira.com\/ca\/olla-aranesa-un-dels-plats-tipics-de-la-vall-daran\/#primaryimage"},"image":{"@id":"https:\/\/www.hoteltucblancbaqueira.com\/ca\/olla-aranesa-un-dels-plats-tipics-de-la-vall-daran\/#primaryimage"},"thumbnailUrl":"https:\/\/www.hoteltucblancbaqueira.com\/wp-content\/uploads\/2026\/01\/Olla-Aranesa_Tuc-Blanc-scaled.webp","datePublished":"2026-01-16T15:25:57+00:00","dateModified":"2026-01-16T15:25:58+00:00","description":"Descobreix l\u2019Olla Aranesa, el plat m\u00e9s tradicional de la Vall d\u2019Aran. Origen, recepta i on degustar-la despr\u00e9s d\u2019un dia d\u2019esqu\u00ed o de muntanya.","breadcrumb":{"@id":"https:\/\/www.hoteltucblancbaqueira.com\/ca\/olla-aranesa-un-dels-plats-tipics-de-la-vall-daran\/#breadcrumb"},"inLanguage":"ca","potentialAction":[{"@type":"ReadAction","target":["https:\/\/www.hoteltucblancbaqueira.com\/ca\/olla-aranesa-un-dels-plats-tipics-de-la-vall-daran\/"]}]},{"@type":"ImageObject","inLanguage":"ca","@id":"https:\/\/www.hoteltucblancbaqueira.com\/ca\/olla-aranesa-un-dels-plats-tipics-de-la-vall-daran\/#primaryimage","url":"https:\/\/www.hoteltucblancbaqueira.com\/wp-content\/uploads\/2026\/01\/Olla-Aranesa_Tuc-Blanc-scaled.webp","contentUrl":"https:\/\/www.hoteltucblancbaqueira.com\/wp-content\/uploads\/2026\/01\/Olla-Aranesa_Tuc-Blanc-scaled.webp","width":2560,"height":1280,"caption":"_d\u00f3nde comer Olla Aranesa_"},{"@type":"BreadcrumbList","@id":"https:\/\/www.hoteltucblancbaqueira.com\/ca\/olla-aranesa-un-dels-plats-tipics-de-la-vall-daran\/#breadcrumb","itemListElement":[{"@type":"ListItem","position":1,"name":"Portada","item":"https:\/\/www.hoteltucblancbaqueira.com\/ca\/home\/"},{"@type":"ListItem","position":2,"name":"Olla Aranesa, un dels plats t\u00edpics de la Vall d\u2019Aran"}]},{"@type":"WebSite","@id":"https:\/\/www.hoteltucblancbaqueira.com\/ca\/#website","url":"https:\/\/www.hoteltucblancbaqueira.com\/ca\/","name":"Hotel Tuc Blanc Baqueira","description":"Hotel en Baqueira a pie de pistas","publisher":{"@id":"https:\/\/www.hoteltucblancbaqueira.com\/ca\/#organization"},"potentialAction":[{"@type":"SearchAction","target":{"@type":"EntryPoint","urlTemplate":"https:\/\/www.hoteltucblancbaqueira.com\/ca\/?s={search_term_string}"},"query-input":{"@type":"PropertyValueSpecification","valueRequired":true,"valueName":"search_term_string"}}],"inLanguage":"ca"},{"@type":"Organization","@id":"https:\/\/www.hoteltucblancbaqueira.com\/ca\/#organization","name":"Hotel Tuc Blanc Baqueira","url":"https:\/\/www.hoteltucblancbaqueira.com\/ca\/","logo":{"@type":"ImageObject","inLanguage":"ca","@id":"https:\/\/www.hoteltucblancbaqueira.com\/ca\/#\/schema\/logo\/image\/","url":"https:\/\/www.hoteltucblancbaqueira.com\/wp-content\/uploads\/2025\/05\/logo_header.svg","contentUrl":"https:\/\/www.hoteltucblancbaqueira.com\/wp-content\/uploads\/2025\/05\/logo_header.svg","width":398,"height":101,"caption":"Hotel Tuc Blanc Baqueira"},"image":{"@id":"https:\/\/www.hoteltucblancbaqueira.com\/ca\/#\/schema\/logo\/image\/"}},{"@type":"Person","@id":"https:\/\/www.hoteltucblancbaqueira.com\/ca\/#\/schema\/person\/18a0f8b4813ee9544e861e9777b27696","name":"alojapro_mkt"}]}},"loftoceanMetas":{"authorName":"alojapro_mkt","categories":[{"name":"Gastronomia","link":"https:\/\/www.hoteltucblancbaqueira.com\/ca\/category\/gastronomia-ca\/","count":4},{"name":"Hivern","link":"https:\/\/www.hoteltucblancbaqueira.com\/ca\/category\/hivern\/","count":13},{"name":"Sin categor\u00eda","link":"https:\/\/www.hoteltucblancbaqueira.com\/ca\/category\/sin-categoria-ca\/","count":11}],"date":"16 de gener de 2026","featuredImageSRC":"https:\/\/www.hoteltucblancbaqueira.com\/wp-content\/uploads\/2026\/01\/Olla-Aranesa_Tuc-Blanc-150x150.webp"},"_links":{"self":[{"href":"https:\/\/www.hoteltucblancbaqueira.com\/ca\/wp-json\/wp\/v2\/posts\/7166","targetHints":{"allow":["GET"]}}],"collection":[{"href":"https:\/\/www.hoteltucblancbaqueira.com\/ca\/wp-json\/wp\/v2\/posts"}],"about":[{"href":"https:\/\/www.hoteltucblancbaqueira.com\/ca\/wp-json\/wp\/v2\/types\/post"}],"author":[{"embeddable":true,"href":"https:\/\/www.hoteltucblancbaqueira.com\/ca\/wp-json\/wp\/v2\/users\/3"}],"replies":[{"embeddable":true,"href":"https:\/\/www.hoteltucblancbaqueira.com\/ca\/wp-json\/wp\/v2\/comments?post=7166"}],"version-history":[{"count":1,"href":"https:\/\/www.hoteltucblancbaqueira.com\/ca\/wp-json\/wp\/v2\/posts\/7166\/revisions"}],"predecessor-version":[{"id":7167,"href":"https:\/\/www.hoteltucblancbaqueira.com\/ca\/wp-json\/wp\/v2\/posts\/7166\/revisions\/7167"}],"wp:featuredmedia":[{"embeddable":true,"href":"https:\/\/www.hoteltucblancbaqueira.com\/ca\/wp-json\/wp\/v2\/media\/7155"}],"wp:attachment":[{"href":"https:\/\/www.hoteltucblancbaqueira.com\/ca\/wp-json\/wp\/v2\/media?parent=7166"}],"wp:term":[{"taxonomy":"category","embeddable":true,"href":"https:\/\/www.hoteltucblancbaqueira.com\/ca\/wp-json\/wp\/v2\/categories?post=7166"},{"taxonomy":"post_tag","embeddable":true,"href":"https:\/\/www.hoteltucblancbaqueira.com\/ca\/wp-json\/wp\/v2\/tags?post=7166"}],"curies":[{"name":"wp","href":"https:\/\/api.w.org\/{rel}","templated":true}]}}