{"id":7315,"date":"2026-02-25T11:25:41","date_gmt":"2026-02-25T10:25:41","guid":{"rendered":"https:\/\/www.hoteltucblancbaqueira.com\/?p=7315"},"modified":"2026-03-10T11:26:27","modified_gmt":"2026-03-10T10:26:27","slug":"cap-de-setmana-en-parella-a-la-vall-daran","status":"publish","type":"post","link":"https:\/\/www.hoteltucblancbaqueira.com\/ca\/cap-de-setmana-en-parella-a-la-vall-daran\/","title":{"rendered":"Cap de setmana en parella a la Vall d&#8217;Aran"},"content":{"rendered":"\t\t<div data-elementor-type=\"wp-post\" data-elementor-id=\"7315\" class=\"elementor elementor-7315 elementor-7287\" data-elementor-post-type=\"post\">\n\t\t\t\t<div class=\"elementor-element elementor-element-66b4f09 e-flex e-con-boxed e-con e-parent\" data-id=\"66b4f09\" data-element_type=\"container\" data-e-type=\"container\">\n\t\t\t\t\t<div class=\"e-con-inner\">\n\t\t\t\t<div class=\"elementor-element elementor-element-1be905d elementor-widget elementor-widget-text-editor\" data-id=\"1be905d\" data-element_type=\"widget\" data-e-type=\"widget\" data-widget_type=\"text-editor.default\">\n\t\t\t\t\t\t\t\t\t<p>Hi ha llocs que semblen fets a mida per compartir en parella i la Vall d&#8217;Aran n&#8217;\u00e9s un. Entre muntanyes, pobles de pedra i paisatges que canvien a cada estaci\u00f3, la Vall d\u00b4Aran ofereix l\u00b4escenari perfecte per a una escapada rom\u00e0ntica inoblidable. <\/p><p>En aquest post us donem idees m\u00e9s enll\u00e0 d&#8217;anar a esquiar amb idees per a experi\u00e8ncies \u00faniques per desconnectar, sorprendre i gaudir del temps plegats.<\/p>\t\t\t\t\t\t\t\t<\/div>\n\t\t\t\t\t<\/div>\n\t\t\t\t<\/div>\n\t\t<div class=\"elementor-element elementor-element-7594252 e-flex e-con-boxed e-con e-parent\" data-id=\"7594252\" data-element_type=\"container\" data-e-type=\"container\">\n\t\t\t\t\t<div class=\"e-con-inner\">\n\t\t\t\t<div class=\"elementor-element elementor-element-910f5aa elementor-widget elementor-widget-heading\" data-id=\"910f5aa\" data-element_type=\"widget\" data-e-type=\"widget\" data-widget_type=\"heading.default\">\n\t\t\t\t\t<h2 class=\"elementor-heading-title elementor-size-default\">Experi\u00e8ncies a la neu<\/h2>\t\t\t\t<\/div>\n\t\t\t\t<div class=\"elementor-element elementor-element-6880f20 elementor-widget elementor-widget-text-editor\" data-id=\"6880f20\" data-element_type=\"widget\" data-e-type=\"widget\" data-widget_type=\"text-editor.default\">\n\t\t\t\t\t\t\t\t\t<p><strong>Motos de neu i trineus de gossos a Baqueira-Beret<\/strong><\/p><p>A l&#8217;estaci\u00f3 de <a href=\"https:\/\/reservas.baqueira.es\/es\/actividades-invierno.html\">Baqueira-Beret<\/a> podeu viure una experi\u00e8ncia diferent amb una <strong>excursi\u00f3 amb moto de neu<\/strong> o un rom\u00e0ntic <strong>passeig amb trineu de gossos,<\/strong> recorrent paisatges nevats en plena natura. \u00c9s l&#8217;\u00fanica manera d&#8217;arribar al refugi de Montgarri, ja que a l&#8217;hivern no es permet accedir amb cotxe a causa de la neu. <\/p><p>Si us agraden les altures, les emocions i les vistes espectaculars, podeu reservar un <a href=\"https:\/\/www.aranexperience.com\/es\/vuelos-panoramicos-valle-de-aran-baqueira.html\"><strong>vol amb helic\u00f2pter<\/strong><\/a>: Una experi\u00e8ncia \u00fanica per connectar amb la bellesa natural de la vall des de l&#8217;aire.<\/p>\t\t\t\t\t\t\t\t<\/div>\n\t\t\t\t\t<\/div>\n\t\t\t\t<\/div>\n\t\t<div class=\"elementor-element elementor-element-9982dcb e-flex e-con-boxed e-con e-parent\" data-id=\"9982dcb\" data-element_type=\"container\" data-e-type=\"container\">\n\t\t\t\t\t<div class=\"e-con-inner\">\n\t\t\t\t<div class=\"elementor-element elementor-element-0a36919 elementor-widget elementor-widget-heading\" data-id=\"0a36919\" data-element_type=\"widget\" data-e-type=\"widget\" data-widget_type=\"heading.default\">\n\t\t\t\t\t<h2 class=\"elementor-heading-title elementor-size-default\">Relax a Baqueira<\/h2>\t\t\t\t<\/div>\n\t\t\t\t<div class=\"elementor-element elementor-element-656015f elementor-widget elementor-widget-text-editor\" data-id=\"656015f\" data-element_type=\"widget\" data-e-type=\"widget\" data-widget_type=\"text-editor.default\">\n\t\t\t\t\t\t\t\t\t<p>Si el que necessiteu \u00e9s descans i benestar, l&#8217;<strong>spa de l&#8217;Hotel Tuc Blanc<\/strong> \u00e9s l&#8217;opci\u00f3 ideal. Aquest <a href=\"https:\/\/www.hoteltucblancbaqueira.com\/ca\/spa-baqueira\/\"><strong>spa a Baqueira<\/strong><\/a> situat a peu de pistes, cota 1.500 us ofereix, Piscina climatitzada, Jacuzzi panor\u00e0mic, Sauna, Bany turc i Zona de massatges i tractaments. <\/p><p>Tot aix\u00f2 amb vistes espectaculars a les muntanyes nevades de Baqueira.<\/p>\t\t\t\t\t\t\t\t<\/div>\n\t\t\t\t\t<\/div>\n\t\t\t\t<\/div>\n\t\t<div class=\"elementor-element elementor-element-0a95636 e-flex e-con-boxed e-con e-parent\" data-id=\"0a95636\" data-element_type=\"container\" data-e-type=\"container\">\n\t\t\t\t\t<div class=\"e-con-inner\">\n\t\t\t\t<div class=\"elementor-element elementor-element-67457dd elementor-widget elementor-widget-heading\" data-id=\"67457dd\" data-element_type=\"widget\" data-e-type=\"widget\" data-widget_type=\"heading.default\">\n\t\t\t\t\t<h2 class=\"elementor-heading-title elementor-size-default\">Pobles amb encant <\/h2>\t\t\t\t<\/div>\n\t\t\t\t<div class=\"elementor-element elementor-element-ec5f40a elementor-widget elementor-widget-text-editor\" data-id=\"ec5f40a\" data-element_type=\"widget\" data-e-type=\"widget\" data-widget_type=\"text-editor.default\">\n\t\t\t\t\t\t\t\t\t<p>Rec\u00f3rrer els carrers d&#8217;Arties, Bagergue i el nucli antic de Viella. Trobareu racons amb molt d&#8217;encant, ideals per gaudir del paisatge, prendre alguna cosa al costat de la xemeneia o sopar en un restaurant acollidor. <\/p><p>Gaudeix de la gastronomia en parella sopant en un restaurant a la llum de les espelmes o en un ambient acollidor. La gastronomia Aranesa combina tradici\u00f3 i productes locals amb plats ideals per gaudir en parella. En aquest post us indiquem els <a href=\"https:\/\/www.hoteltucblancbaqueira.com\/ca\/millors-restaurants-a-baqueira-2025\/\"><strong>nostres restaurants preferits de la vall d&#8217;Aran<\/strong><\/a>  <\/p>\t\t\t\t\t\t\t\t<\/div>\n\t\t\t\t\t<\/div>\n\t\t\t\t<\/div>\n\t\t<div class=\"elementor-element elementor-element-41b821e e-flex e-con-boxed e-con e-parent\" data-id=\"41b821e\" data-element_type=\"container\" data-e-type=\"container\">\n\t\t\t\t\t<div class=\"e-con-inner\">\n\t\t\t\t<div class=\"elementor-element elementor-element-f816468 elementor-widget elementor-widget-text-editor\" data-id=\"f816468\" data-element_type=\"widget\" data-e-type=\"widget\" data-widget_type=\"text-editor.default\">\n\t\t\t\t\t\t\t\t\t<p>Ja sigui per a un aniversari, una sorpresa especial o simplement per fugir de la rutina, la Vall d&#8217;Aran \u00e9s la destinaci\u00f3 perfecta per anar en parella. Relax, gastronomia i naturalesa en estat pur es combinen per crear una experi\u00e8ncia memorable. <\/p><p>Al nostre <strong><a href=\"https:\/\/hoteltucblancbaqueira.com\/ca\/\">hotel a Baqueira<\/a><\/strong>, estarem encantats de rebre-us i ajudar-vos a viure una escapada rom\u00e0ntica a la vostra mida.<\/p><h4><strong>Vens a gaudir en parella a baqueira?<\/strong><\/h4>\t\t\t\t\t\t\t\t<\/div>\n\t\t\t\t\t<\/div>\n\t\t\t\t<\/div>\n\t\t\t\t<\/div>\n\t\t","protected":false},"excerpt":{"rendered":"<p>Hi ha llocs que semblen fets a mida per compartir en parella i la Vall d&#8217;Aran n&#8217;\u00e9s un. Entre muntanyes, pobles de pedra i paisatges que canvien a cada estaci\u00f3, la Vall d\u00b4Aran ofereix l\u00b4escenari perfecte per a una escapada rom\u00e0ntica inoblidable. En aquest post us donem idees m\u00e9s enll\u00e0 d&#8217;anar a esquiar amb idees &#8230;<\/p>\n","protected":false},"author":3,"featured_media":7310,"comment_status":"closed","ping_status":"closed","sticky":false,"template":"","format":"standard","meta":{"loftocean_post_format_gallery":"","loftocean_post_format_gallery_ids":"","loftocean_post_format_gallery_urls":"","loftocean_post_format_video_id":0,"loftocean_post_format_video_url":"","loftocean_post_format_video_type":"","loftocean_post_format_video":"","loftocean_post_format_audio_type":"","loftocean_post_format_audio_url":"","loftocean_post_format_audio_id":0,"loftocean_post_format_audio":"","loftocean-like-count":0,"cozystay_single_post_hide_site_header":"","cozystay_single_post_site_header_source":"","cozystay_single_post_custom_site_header":"0","cozystay_single_post_custom_sticky_site_header":"0","cozystay_single_post_hide_page_title":"","cozystay_single_post_site_footer_hide_main":"","cozystay_single_custom_site_footer_main_source":"","cozystay_single_custom_site_footer_main":"0","cozystay_single_post_site_footer_hide_above":"","cozystay_single_custom_site_footer_above_source":"","cozystay_single_custom_site_footer_above":"0","cozystay_single_post_site_footer_hide_instagram":"","cozystay_single_post_site_footer_hide_bottom":"","cozystay_single_custom_mobile_menu_source":"","cozystay_single_custom_mobile_menu":"0","cozystay_single_custom_mobile_menu_animation":"","cozystay_single_custom_mobile_menu_width":"","cozystay_single_custom_mobile_menu_custom_width":375,"cozystay_single_post_template":"","footnotes":""},"categories":[137],"tags":[156,89,98,49,232],"class_list":["post-7315","post","type-post","status-publish","format-standard","has-post-thumbnail","hentry","category-sin-categoria-ca","tag-activitats-baqueira","tag-apres-ski-baqueira","tag-jacuzzi-vielha","tag-spa-baqueira","tag-spa-vall-daran"],"yoast_head":"<!-- This site is optimized with the Yoast SEO plugin v27.4 - https:\/\/yoast.com\/product\/yoast-seo-wordpress\/ -->\n<title>Cap de setmana en parella a la Vall d&#039;Aran | Hotel Tuc Blanc Baqueira<\/title>\n<meta name=\"description\" content=\"Viu una escapada rom\u00e0ntica a la Vall d&#039;Aran: plans en parella, spa a Baqueira, gastronomia local i experi\u00e8ncies \u00faniques a la neu.\" \/>\n<meta name=\"robots\" content=\"index, follow, max-snippet:-1, max-image-preview:large, max-video-preview:-1\" \/>\n<link rel=\"canonical\" href=\"https:\/\/www.hoteltucblancbaqueira.com\/ca\/cap-de-setmana-en-parella-a-la-vall-daran\/\" \/>\n<meta property=\"og:locale\" content=\"ca_ES\" \/>\n<meta property=\"og:type\" content=\"article\" \/>\n<meta property=\"og:title\" content=\"Cap de setmana en parella a la Vall d&#039;Aran | Hotel Tuc Blanc Baqueira\" \/>\n<meta property=\"og:description\" content=\"Viu una escapada rom\u00e0ntica a la Vall d&#039;Aran: plans en parella, spa a Baqueira, gastronomia local i experi\u00e8ncies \u00faniques a la neu.\" \/>\n<meta property=\"og:url\" content=\"https:\/\/www.hoteltucblancbaqueira.com\/ca\/cap-de-setmana-en-parella-a-la-vall-daran\/\" \/>\n<meta property=\"og:site_name\" content=\"Hotel Tuc Blanc Baqueira\" \/>\n<meta property=\"article:published_time\" content=\"2026-02-25T10:25:41+00:00\" \/>\n<meta property=\"article:modified_time\" content=\"2026-03-10T10:26:27+00:00\" \/>\n<meta property=\"og:image\" content=\"https:\/\/www.hoteltucblancbaqueira.com\/wp-content\/uploads\/2026\/02\/Finde-en-pareja-scaled.webp\" \/>\n\t<meta property=\"og:image:width\" content=\"2560\" \/>\n\t<meta property=\"og:image:height\" content=\"1280\" \/>\n\t<meta property=\"og:image:type\" content=\"image\/webp\" \/>\n<meta name=\"author\" content=\"alojapro_mkt\" \/>\n<meta name=\"twitter:card\" content=\"summary_large_image\" \/>\n<meta name=\"twitter:label1\" content=\"Escrit per\" \/>\n\t<meta name=\"twitter:data1\" content=\"alojapro_mkt\" \/>\n\t<meta name=\"twitter:label2\" content=\"Temps estimat de lectura\" \/>\n\t<meta name=\"twitter:data2\" content=\"2 minuts\" \/>\n<script type=\"application\/ld+json\" class=\"yoast-schema-graph\">{\"@context\":\"https:\\\/\\\/schema.org\",\"@graph\":[{\"@type\":\"Article\",\"@id\":\"https:\\\/\\\/www.hoteltucblancbaqueira.com\\\/ca\\\/cap-de-setmana-en-parella-a-la-vall-daran\\\/#article\",\"isPartOf\":{\"@id\":\"https:\\\/\\\/www.hoteltucblancbaqueira.com\\\/ca\\\/cap-de-setmana-en-parella-a-la-vall-daran\\\/\"},\"author\":{\"name\":\"alojapro_mkt\",\"@id\":\"https:\\\/\\\/www.hoteltucblancbaqueira.com\\\/ca\\\/#\\\/schema\\\/person\\\/18a0f8b4813ee9544e861e9777b27696\"},\"headline\":\"Cap de setmana en parella a la Vall d&#8217;Aran\",\"datePublished\":\"2026-02-25T10:25:41+00:00\",\"dateModified\":\"2026-03-10T10:26:27+00:00\",\"mainEntityOfPage\":{\"@id\":\"https:\\\/\\\/www.hoteltucblancbaqueira.com\\\/ca\\\/cap-de-setmana-en-parella-a-la-vall-daran\\\/\"},\"wordCount\":414,\"publisher\":{\"@id\":\"https:\\\/\\\/www.hoteltucblancbaqueira.com\\\/ca\\\/#organization\"},\"image\":{\"@id\":\"https:\\\/\\\/www.hoteltucblancbaqueira.com\\\/ca\\\/cap-de-setmana-en-parella-a-la-vall-daran\\\/#primaryimage\"},\"thumbnailUrl\":\"https:\\\/\\\/www.hoteltucblancbaqueira.com\\\/wp-content\\\/uploads\\\/2026\\\/02\\\/Finde-en-pareja-scaled.webp\",\"keywords\":[\"activitats baqueira\",\"apres ski baqueira\",\"jacuzzi vielha\",\"spa baqueira\",\"spa vall d'aran\"],\"articleSection\":[\"Sin categor\u00eda\"],\"inLanguage\":\"ca\"},{\"@type\":\"WebPage\",\"@id\":\"https:\\\/\\\/www.hoteltucblancbaqueira.com\\\/ca\\\/cap-de-setmana-en-parella-a-la-vall-daran\\\/\",\"url\":\"https:\\\/\\\/www.hoteltucblancbaqueira.com\\\/ca\\\/cap-de-setmana-en-parella-a-la-vall-daran\\\/\",\"name\":\"Cap de setmana en parella a la Vall d'Aran | Hotel Tuc Blanc Baqueira\",\"isPartOf\":{\"@id\":\"https:\\\/\\\/www.hoteltucblancbaqueira.com\\\/ca\\\/#website\"},\"primaryImageOfPage\":{\"@id\":\"https:\\\/\\\/www.hoteltucblancbaqueira.com\\\/ca\\\/cap-de-setmana-en-parella-a-la-vall-daran\\\/#primaryimage\"},\"image\":{\"@id\":\"https:\\\/\\\/www.hoteltucblancbaqueira.com\\\/ca\\\/cap-de-setmana-en-parella-a-la-vall-daran\\\/#primaryimage\"},\"thumbnailUrl\":\"https:\\\/\\\/www.hoteltucblancbaqueira.com\\\/wp-content\\\/uploads\\\/2026\\\/02\\\/Finde-en-pareja-scaled.webp\",\"datePublished\":\"2026-02-25T10:25:41+00:00\",\"dateModified\":\"2026-03-10T10:26:27+00:00\",\"description\":\"Viu una escapada rom\u00e0ntica a la Vall d'Aran: plans en parella, spa a Baqueira, gastronomia local i experi\u00e8ncies \u00faniques a la neu.\",\"breadcrumb\":{\"@id\":\"https:\\\/\\\/www.hoteltucblancbaqueira.com\\\/ca\\\/cap-de-setmana-en-parella-a-la-vall-daran\\\/#breadcrumb\"},\"inLanguage\":\"ca\",\"potentialAction\":[{\"@type\":\"ReadAction\",\"target\":[\"https:\\\/\\\/www.hoteltucblancbaqueira.com\\\/ca\\\/cap-de-setmana-en-parella-a-la-vall-daran\\\/\"]}]},{\"@type\":\"ImageObject\",\"inLanguage\":\"ca\",\"@id\":\"https:\\\/\\\/www.hoteltucblancbaqueira.com\\\/ca\\\/cap-de-setmana-en-parella-a-la-vall-daran\\\/#primaryimage\",\"url\":\"https:\\\/\\\/www.hoteltucblancbaqueira.com\\\/wp-content\\\/uploads\\\/2026\\\/02\\\/Finde-en-pareja-scaled.webp\",\"contentUrl\":\"https:\\\/\\\/www.hoteltucblancbaqueira.com\\\/wp-content\\\/uploads\\\/2026\\\/02\\\/Finde-en-pareja-scaled.webp\",\"width\":2560,\"height\":1280,\"caption\":\"Cap de setmana en parella Baqueira\"},{\"@type\":\"BreadcrumbList\",\"@id\":\"https:\\\/\\\/www.hoteltucblancbaqueira.com\\\/ca\\\/cap-de-setmana-en-parella-a-la-vall-daran\\\/#breadcrumb\",\"itemListElement\":[{\"@type\":\"ListItem\",\"position\":1,\"name\":\"Portada\",\"item\":\"https:\\\/\\\/www.hoteltucblancbaqueira.com\\\/ca\\\/home\\\/\"},{\"@type\":\"ListItem\",\"position\":2,\"name\":\"Cap de setmana en parella a la Vall d&#8217;Aran\"}]},{\"@type\":\"WebSite\",\"@id\":\"https:\\\/\\\/www.hoteltucblancbaqueira.com\\\/ca\\\/#website\",\"url\":\"https:\\\/\\\/www.hoteltucblancbaqueira.com\\\/ca\\\/\",\"name\":\"Hotel Tuc Blanc Baqueira\",\"description\":\"Hotel en Baqueira a pie de pistas\",\"publisher\":{\"@id\":\"https:\\\/\\\/www.hoteltucblancbaqueira.com\\\/ca\\\/#organization\"},\"potentialAction\":[{\"@type\":\"SearchAction\",\"target\":{\"@type\":\"EntryPoint\",\"urlTemplate\":\"https:\\\/\\\/www.hoteltucblancbaqueira.com\\\/ca\\\/?s={search_term_string}\"},\"query-input\":{\"@type\":\"PropertyValueSpecification\",\"valueRequired\":true,\"valueName\":\"search_term_string\"}}],\"inLanguage\":\"ca\"},{\"@type\":\"Organization\",\"@id\":\"https:\\\/\\\/www.hoteltucblancbaqueira.com\\\/ca\\\/#organization\",\"name\":\"Hotel Tuc Blanc Baqueira\",\"url\":\"https:\\\/\\\/www.hoteltucblancbaqueira.com\\\/ca\\\/\",\"logo\":{\"@type\":\"ImageObject\",\"inLanguage\":\"ca\",\"@id\":\"https:\\\/\\\/www.hoteltucblancbaqueira.com\\\/ca\\\/#\\\/schema\\\/logo\\\/image\\\/\",\"url\":\"https:\\\/\\\/www.hoteltucblancbaqueira.com\\\/wp-content\\\/uploads\\\/2025\\\/05\\\/logo_header.svg\",\"contentUrl\":\"https:\\\/\\\/www.hoteltucblancbaqueira.com\\\/wp-content\\\/uploads\\\/2025\\\/05\\\/logo_header.svg\",\"width\":398,\"height\":101,\"caption\":\"Hotel Tuc Blanc Baqueira\"},\"image\":{\"@id\":\"https:\\\/\\\/www.hoteltucblancbaqueira.com\\\/ca\\\/#\\\/schema\\\/logo\\\/image\\\/\"}},{\"@type\":\"Person\",\"@id\":\"https:\\\/\\\/www.hoteltucblancbaqueira.com\\\/ca\\\/#\\\/schema\\\/person\\\/18a0f8b4813ee9544e861e9777b27696\",\"name\":\"alojapro_mkt\"}]}<\/script>\n<!-- \/ Yoast SEO plugin. -->","yoast_head_json":{"title":"Cap de setmana en parella a la Vall d'Aran | Hotel Tuc Blanc Baqueira","description":"Viu una escapada rom\u00e0ntica a la Vall d'Aran: plans en parella, spa a Baqueira, gastronomia local i experi\u00e8ncies \u00faniques a la neu.","robots":{"index":"index","follow":"follow","max-snippet":"max-snippet:-1","max-image-preview":"max-image-preview:large","max-video-preview":"max-video-preview:-1"},"canonical":"https:\/\/www.hoteltucblancbaqueira.com\/ca\/cap-de-setmana-en-parella-a-la-vall-daran\/","og_locale":"ca_ES","og_type":"article","og_title":"Cap de setmana en parella a la Vall d'Aran | Hotel Tuc Blanc Baqueira","og_description":"Viu una escapada rom\u00e0ntica a la Vall d'Aran: plans en parella, spa a Baqueira, gastronomia local i experi\u00e8ncies \u00faniques a la neu.","og_url":"https:\/\/www.hoteltucblancbaqueira.com\/ca\/cap-de-setmana-en-parella-a-la-vall-daran\/","og_site_name":"Hotel Tuc Blanc Baqueira","article_published_time":"2026-02-25T10:25:41+00:00","article_modified_time":"2026-03-10T10:26:27+00:00","og_image":[{"width":2560,"height":1280,"url":"https:\/\/www.hoteltucblancbaqueira.com\/wp-content\/uploads\/2026\/02\/Finde-en-pareja-scaled.webp","type":"image\/webp"}],"author":"alojapro_mkt","twitter_card":"summary_large_image","twitter_misc":{"Escrit per":"alojapro_mkt","Temps estimat de lectura":"2 minuts"},"schema":{"@context":"https:\/\/schema.org","@graph":[{"@type":"Article","@id":"https:\/\/www.hoteltucblancbaqueira.com\/ca\/cap-de-setmana-en-parella-a-la-vall-daran\/#article","isPartOf":{"@id":"https:\/\/www.hoteltucblancbaqueira.com\/ca\/cap-de-setmana-en-parella-a-la-vall-daran\/"},"author":{"name":"alojapro_mkt","@id":"https:\/\/www.hoteltucblancbaqueira.com\/ca\/#\/schema\/person\/18a0f8b4813ee9544e861e9777b27696"},"headline":"Cap de setmana en parella a la Vall d&#8217;Aran","datePublished":"2026-02-25T10:25:41+00:00","dateModified":"2026-03-10T10:26:27+00:00","mainEntityOfPage":{"@id":"https:\/\/www.hoteltucblancbaqueira.com\/ca\/cap-de-setmana-en-parella-a-la-vall-daran\/"},"wordCount":414,"publisher":{"@id":"https:\/\/www.hoteltucblancbaqueira.com\/ca\/#organization"},"image":{"@id":"https:\/\/www.hoteltucblancbaqueira.com\/ca\/cap-de-setmana-en-parella-a-la-vall-daran\/#primaryimage"},"thumbnailUrl":"https:\/\/www.hoteltucblancbaqueira.com\/wp-content\/uploads\/2026\/02\/Finde-en-pareja-scaled.webp","keywords":["activitats baqueira","apres ski baqueira","jacuzzi vielha","spa baqueira","spa vall d'aran"],"articleSection":["Sin categor\u00eda"],"inLanguage":"ca"},{"@type":"WebPage","@id":"https:\/\/www.hoteltucblancbaqueira.com\/ca\/cap-de-setmana-en-parella-a-la-vall-daran\/","url":"https:\/\/www.hoteltucblancbaqueira.com\/ca\/cap-de-setmana-en-parella-a-la-vall-daran\/","name":"Cap de setmana en parella a la Vall d'Aran | Hotel Tuc Blanc Baqueira","isPartOf":{"@id":"https:\/\/www.hoteltucblancbaqueira.com\/ca\/#website"},"primaryImageOfPage":{"@id":"https:\/\/www.hoteltucblancbaqueira.com\/ca\/cap-de-setmana-en-parella-a-la-vall-daran\/#primaryimage"},"image":{"@id":"https:\/\/www.hoteltucblancbaqueira.com\/ca\/cap-de-setmana-en-parella-a-la-vall-daran\/#primaryimage"},"thumbnailUrl":"https:\/\/www.hoteltucblancbaqueira.com\/wp-content\/uploads\/2026\/02\/Finde-en-pareja-scaled.webp","datePublished":"2026-02-25T10:25:41+00:00","dateModified":"2026-03-10T10:26:27+00:00","description":"Viu una escapada rom\u00e0ntica a la Vall d'Aran: plans en parella, spa a Baqueira, gastronomia local i experi\u00e8ncies \u00faniques a la neu.","breadcrumb":{"@id":"https:\/\/www.hoteltucblancbaqueira.com\/ca\/cap-de-setmana-en-parella-a-la-vall-daran\/#breadcrumb"},"inLanguage":"ca","potentialAction":[{"@type":"ReadAction","target":["https:\/\/www.hoteltucblancbaqueira.com\/ca\/cap-de-setmana-en-parella-a-la-vall-daran\/"]}]},{"@type":"ImageObject","inLanguage":"ca","@id":"https:\/\/www.hoteltucblancbaqueira.com\/ca\/cap-de-setmana-en-parella-a-la-vall-daran\/#primaryimage","url":"https:\/\/www.hoteltucblancbaqueira.com\/wp-content\/uploads\/2026\/02\/Finde-en-pareja-scaled.webp","contentUrl":"https:\/\/www.hoteltucblancbaqueira.com\/wp-content\/uploads\/2026\/02\/Finde-en-pareja-scaled.webp","width":2560,"height":1280,"caption":"Cap de setmana en parella Baqueira"},{"@type":"BreadcrumbList","@id":"https:\/\/www.hoteltucblancbaqueira.com\/ca\/cap-de-setmana-en-parella-a-la-vall-daran\/#breadcrumb","itemListElement":[{"@type":"ListItem","position":1,"name":"Portada","item":"https:\/\/www.hoteltucblancbaqueira.com\/ca\/home\/"},{"@type":"ListItem","position":2,"name":"Cap de setmana en parella a la Vall d&#8217;Aran"}]},{"@type":"WebSite","@id":"https:\/\/www.hoteltucblancbaqueira.com\/ca\/#website","url":"https:\/\/www.hoteltucblancbaqueira.com\/ca\/","name":"Hotel Tuc Blanc Baqueira","description":"Hotel en Baqueira a pie de pistas","publisher":{"@id":"https:\/\/www.hoteltucblancbaqueira.com\/ca\/#organization"},"potentialAction":[{"@type":"SearchAction","target":{"@type":"EntryPoint","urlTemplate":"https:\/\/www.hoteltucblancbaqueira.com\/ca\/?s={search_term_string}"},"query-input":{"@type":"PropertyValueSpecification","valueRequired":true,"valueName":"search_term_string"}}],"inLanguage":"ca"},{"@type":"Organization","@id":"https:\/\/www.hoteltucblancbaqueira.com\/ca\/#organization","name":"Hotel Tuc Blanc Baqueira","url":"https:\/\/www.hoteltucblancbaqueira.com\/ca\/","logo":{"@type":"ImageObject","inLanguage":"ca","@id":"https:\/\/www.hoteltucblancbaqueira.com\/ca\/#\/schema\/logo\/image\/","url":"https:\/\/www.hoteltucblancbaqueira.com\/wp-content\/uploads\/2025\/05\/logo_header.svg","contentUrl":"https:\/\/www.hoteltucblancbaqueira.com\/wp-content\/uploads\/2025\/05\/logo_header.svg","width":398,"height":101,"caption":"Hotel Tuc Blanc Baqueira"},"image":{"@id":"https:\/\/www.hoteltucblancbaqueira.com\/ca\/#\/schema\/logo\/image\/"}},{"@type":"Person","@id":"https:\/\/www.hoteltucblancbaqueira.com\/ca\/#\/schema\/person\/18a0f8b4813ee9544e861e9777b27696","name":"alojapro_mkt"}]}},"loftoceanMetas":{"authorName":"alojapro_mkt","categories":[{"name":"Sin categor\u00eda","link":"https:\/\/www.hoteltucblancbaqueira.com\/ca\/category\/sin-categoria-ca\/","count":11}],"date":"25 de febrer de 2026","featuredImageSRC":"https:\/\/www.hoteltucblancbaqueira.com\/wp-content\/uploads\/2026\/02\/Finde-en-pareja-150x150.webp"},"_links":{"self":[{"href":"https:\/\/www.hoteltucblancbaqueira.com\/ca\/wp-json\/wp\/v2\/posts\/7315","targetHints":{"allow":["GET"]}}],"collection":[{"href":"https:\/\/www.hoteltucblancbaqueira.com\/ca\/wp-json\/wp\/v2\/posts"}],"about":[{"href":"https:\/\/www.hoteltucblancbaqueira.com\/ca\/wp-json\/wp\/v2\/types\/post"}],"author":[{"embeddable":true,"href":"https:\/\/www.hoteltucblancbaqueira.com\/ca\/wp-json\/wp\/v2\/users\/3"}],"replies":[{"embeddable":true,"href":"https:\/\/www.hoteltucblancbaqueira.com\/ca\/wp-json\/wp\/v2\/comments?post=7315"}],"version-history":[{"count":1,"href":"https:\/\/www.hoteltucblancbaqueira.com\/ca\/wp-json\/wp\/v2\/posts\/7315\/revisions"}],"predecessor-version":[{"id":7316,"href":"https:\/\/www.hoteltucblancbaqueira.com\/ca\/wp-json\/wp\/v2\/posts\/7315\/revisions\/7316"}],"wp:featuredmedia":[{"embeddable":true,"href":"https:\/\/www.hoteltucblancbaqueira.com\/ca\/wp-json\/wp\/v2\/media\/7310"}],"wp:attachment":[{"href":"https:\/\/www.hoteltucblancbaqueira.com\/ca\/wp-json\/wp\/v2\/media?parent=7315"}],"wp:term":[{"taxonomy":"category","embeddable":true,"href":"https:\/\/www.hoteltucblancbaqueira.com\/ca\/wp-json\/wp\/v2\/categories?post=7315"},{"taxonomy":"post_tag","embeddable":true,"href":"https:\/\/www.hoteltucblancbaqueira.com\/ca\/wp-json\/wp\/v2\/tags?post=7315"}],"curies":[{"name":"wp","href":"https:\/\/api.w.org\/{rel}","templated":true}]}}