{"id":7368,"date":"2026-03-11T16:34:41","date_gmt":"2026-03-11T15:34:41","guid":{"rendered":"https:\/\/www.hoteltucblancbaqueira.com\/?p=7368"},"modified":"2026-03-11T16:34:43","modified_gmt":"2026-03-11T15:34:43","slug":"escapada-de-cap-de-setmana-a-baqueira-beret","status":"publish","type":"post","link":"https:\/\/www.hoteltucblancbaqueira.com\/ca\/escapada-de-cap-de-setmana-a-baqueira-beret\/","title":{"rendered":"Escapada de cap de setmana a Baqueira Beret"},"content":{"rendered":"\t\t<div data-elementor-type=\"wp-post\" data-elementor-id=\"7368\" class=\"elementor elementor-7368 elementor-7321\" data-elementor-post-type=\"post\">\n\t\t\t\t<div class=\"elementor-element elementor-element-1d7544d e-flex e-con-boxed e-con e-parent\" data-id=\"1d7544d\" data-element_type=\"container\" data-e-type=\"container\">\n\t\t\t\t\t<div class=\"e-con-inner\">\n\t\t\t\t<div class=\"elementor-element elementor-element-c0a569e elementor-widget elementor-widget-text-editor\" data-id=\"c0a569e\" data-element_type=\"widget\" data-e-type=\"widget\" data-widget_type=\"text-editor.default\">\n\t\t\t\t\t\t\t\t\t<p>Si busques una destinaci\u00f3 que combini esqu\u00ed, natura, gastronomia i pobles amb encant, pocs llocs al Pirineu ofereixen tant com Baqueira Beret. Situada al cor de la Val d\u2019Aran, aquesta estaci\u00f3 de ski, \u00e9s ideal per a una escapada de cap de setmana o b\u00e9 per a unes mini vacances de 4 o 5 dies per Setmana Santa. <\/p>\t\t\t\t\t\t\t\t<\/div>\n\t\t\t\t<div class=\"elementor-element elementor-element-24ed782 elementor-widget elementor-widget-heading\" data-id=\"24ed782\" data-element_type=\"widget\" data-e-type=\"widget\" data-widget_type=\"heading.default\">\n\t\t\t\t\t<h2 class=\"elementor-heading-title elementor-size-default\">Arribada a la Vall d\u2019Aran <\/h2>\t\t\t\t<\/div>\n\t\t\t\t<div class=\"elementor-element elementor-element-957dc14 elementor-widget elementor-widget-text-editor\" data-id=\"957dc14\" data-element_type=\"widget\" data-e-type=\"widget\" data-widget_type=\"text-editor.default\">\n\t\t\t\t\t\t\t\t\t<p>Un cop instal\u00b7lats a l&#8217;Hotel, val la pena dedicar la tarda a descobrir el nucli antic de Viella, capital de la vall. Els seus carrers de pedra, botigues locals i l&#8217;Esgl\u00e9sia hist\u00f2rica de Sant Miqu\u00e8u creen l&#8217;ambient perfecte per comen\u00e7ar a sentir l&#8217;ess\u00e8ncia aranesa. <\/p>\n<p>Pel sopar, us recomanem els <a href=\"https:\/\/www.hoteltucblancbaqueira.com\/ca\/millors-restaurants-a-baqueira-2025\/\"><strong>nostres restaurants preferits.<\/strong><\/a><\/p>\t\t\t\t\t\t\t\t<\/div>\n\t\t\t\t<div class=\"elementor-element elementor-element-ac139c1 elementor-widget elementor-widget-heading\" data-id=\"ac139c1\" data-element_type=\"widget\" data-e-type=\"widget\" data-widget_type=\"heading.default\">\n\t\t\t\t\t<h2 class=\"elementor-heading-title elementor-size-default\">Esqu\u00ed a Baqueira Beret<\/h2>\t\t\t\t<\/div>\n\t\t\t\t<div class=\"elementor-element elementor-element-9723aa5 elementor-widget elementor-widget-text-editor\" data-id=\"9723aa5\" data-element_type=\"widget\" data-e-type=\"widget\" data-widget_type=\"text-editor.default\">\n\t\t\t\t\t\t\t\t\t<p>Durant la primavera o Setmana Santa, \u00e9s preferible esquiar al mat\u00ed, ja que la neu est\u00e0 en millors condicions. L&#8217;estaci\u00f3 de <a href=\"https:\/\/www.baqueira.es\/\">Baqueira,<\/a> est\u00e0 dividida en diverses zones que permeten adaptar-se a tots els nivells:<\/p>\n<ul>\n<li><strong>Beret<\/strong>, ideal per a fam\u00edlies i esquiadors tranquils gr\u00e0cies a les pistes \u00e0mplies.<\/li>\n<li>Baqueira, la zona m\u00e9s c\u00e8ntrica i amb m\u00e9s oferta de serveis.<\/li>\n<li><strong>Bonaigua<\/strong>, perfecta per gaudir de vistes espectaculars del Pirineu.<\/li>\n<\/ul>\t\t\t\t\t\t\t\t<\/div>\n\t\t\t\t<div class=\"elementor-element elementor-element-b54b676 elementor-widget elementor-widget-heading\" data-id=\"b54b676\" data-element_type=\"widget\" data-e-type=\"widget\" data-widget_type=\"heading.default\">\n\t\t\t\t\t<h2 class=\"elementor-heading-title elementor-size-default\">Un dia diferent: Relax i Pobles bonics de la Vall d\u00b4Aran<\/h2>\t\t\t\t<\/div>\n\t\t\t\t<div class=\"elementor-element elementor-element-686c911 elementor-widget elementor-widget-text-editor\" data-id=\"686c911\" data-element_type=\"widget\" data-e-type=\"widget\" data-widget_type=\"text-editor.default\">\n\t\t\t\t\t\t\t\t\t<p>A la Vall d&#8217;Aran, trobareu molts <a href=\"https:\/\/www.hoteltucblancbaqueira.com\/ca\/ruta-romanica-vall-aran\/\">pobles amb encant<\/a> com:<\/p>\n<ul>\n<li><strong>Arties:<\/strong> Un dels pobles m\u00e9s bonics del Pirineu. Esgl\u00e9sia rom\u00e0nica Esgl\u00e9sia de Santa Maria d&#8217;Arties.<\/li>\n<li><strong>Salard\u00fa:<\/strong> Carrers medievals i arquitectura tradicional. Visita l&#8217;Esgl\u00e9sia de Sant Andr\u00e8u.<\/li>\n<li><strong>Unha:<\/strong> Petit poble amb una de les millors vistes de la vall.<\/li>\n<li><strong>Bagergue:<\/strong> Un dels pobles m\u00e9s alts de la vall i un dels m\u00e9s pintorescos del Pirineu<\/li>\n<\/ul>\n<p>Tamb\u00e9 podeu relaxar-vos en aigua calenta amb vistes a la muntanya des de <a href=\"https:\/\/www.hoteltucblancbaqueira.com\/ca\/spa-baqueira\/\"><strong>l&#8217;Spa del Hotel Tuc Blanc.<\/strong><\/a><\/p>\t\t\t\t\t\t\t\t<\/div>\n\t\t\t\t<div class=\"elementor-element elementor-element-fc6f798 elementor-widget elementor-widget-heading\" data-id=\"fc6f798\" data-element_type=\"widget\" data-e-type=\"widget\" data-widget_type=\"heading.default\">\n\t\t\t\t\t<h2 class=\"elementor-heading-title elementor-size-default\">Un dest\u00ed perfecte per a fam\u00edlies<\/h2>\t\t\t\t<\/div>\n\t\t\t\t<div class=\"elementor-element elementor-element-7074732 elementor-widget elementor-widget-text-editor\" data-id=\"7074732\" data-element_type=\"widget\" data-e-type=\"widget\" data-widget_type=\"text-editor.default\">\n\t\t\t\t\t\t\t\t\t<p>La Vall d\u00b4Aran permet gaudir de l\u00b4esqu\u00ed, descobrir pobles plens d\u00b4hist\u00f2ria i assaborir una cuina de muntanya aut\u00e8ntica. Potser per aix\u00f2, molts viatgers que visiten la vall per primera vegada acaben convertint-la en una tradici\u00f3 anual d&#8217;hivern, tal com fan molts clients que ens visiten al nostre <strong><a href=\"https:\/\/hoteltucblancbaqueira.com\/ca\/\">hotel a Baqueira.<\/a><\/strong> <\/p>\t\t\t\t\t\t\t\t<\/div>\n\t\t\t\t<div class=\"elementor-element elementor-element-652f382 elementor-widget elementor-widget-heading\" data-id=\"652f382\" data-element_type=\"widget\" data-e-type=\"widget\" data-widget_type=\"heading.default\">\n\t\t\t\t\t<h3 class=\"elementor-heading-title elementor-size-default\">Vens a descobrir per qu\u00e8?<\/h3>\t\t\t\t<\/div>\n\t\t\t\t\t<\/div>\n\t\t\t\t<\/div>\n\t\t\t\t<\/div>\n\t\t","protected":false},"excerpt":{"rendered":"<p>Si busques una destinaci\u00f3 que combini esqu\u00ed, natura, gastronomia i pobles amb encant, pocs llocs al Pirineu ofereixen tant com Baqueira Beret. Situada al cor de la Val d\u2019Aran, aquesta estaci\u00f3 de ski, \u00e9s ideal per a una escapada de cap de setmana o b\u00e9 per a unes mini vacances de 4 o 5 dies &#8230;<\/p>\n","protected":false},"author":3,"featured_media":7330,"comment_status":"closed","ping_status":"open","sticky":false,"template":"","format":"standard","meta":{"loftocean_post_format_gallery":"","loftocean_post_format_gallery_ids":"","loftocean_post_format_gallery_urls":"","loftocean_post_format_video_id":0,"loftocean_post_format_video_url":"","loftocean_post_format_video_type":"","loftocean_post_format_video":"","loftocean_post_format_audio_type":"","loftocean_post_format_audio_url":"","loftocean_post_format_audio_id":0,"loftocean_post_format_audio":"","loftocean-like-count":0,"cozystay_single_post_hide_site_header":"","cozystay_single_post_site_header_source":"","cozystay_single_post_custom_site_header":"0","cozystay_single_post_custom_sticky_site_header":"0","cozystay_single_post_hide_page_title":"","cozystay_single_post_site_footer_hide_main":"","cozystay_single_custom_site_footer_main_source":"","cozystay_single_custom_site_footer_main":"0","cozystay_single_post_site_footer_hide_above":"","cozystay_single_custom_site_footer_above_source":"","cozystay_single_custom_site_footer_above":"0","cozystay_single_post_site_footer_hide_instagram":"","cozystay_single_post_site_footer_hide_bottom":"","cozystay_single_custom_mobile_menu_source":"","cozystay_single_custom_mobile_menu":"0","cozystay_single_custom_mobile_menu_animation":"","cozystay_single_custom_mobile_menu_width":"","cozystay_single_custom_mobile_menu_custom_width":375,"cozystay_single_post_template":"","footnotes":""},"categories":[131,137],"tags":[132,392,394,393,163],"class_list":["post-7368","post","type-post","status-publish","format-standard","has-post-thumbnail","hentry","category-hivern","category-sin-categoria-ca","tag-apres-ski-baqueira-ca","tag-baqueira-beret","tag-cap-de-setmana","tag-escapada","tag-spa-baqueira-ca"],"yoast_head":"<!-- This site is optimized with the Yoast SEO plugin v27.4 - https:\/\/yoast.com\/product\/yoast-seo-wordpress\/ -->\n<title>Escapada de cap de setmana a Baqueira Beret | Hotel Tuc Blanc Baqueira<\/title>\n<meta name=\"description\" content=\"Escapada a Baqueira Beret amb fam\u00edlia: esqu\u00ed, pobles amb encant, relax i gastronomia. Itinerari perfecte per cap de setmana o Setmana Santa.\" \/>\n<meta name=\"robots\" content=\"index, follow, max-snippet:-1, max-image-preview:large, max-video-preview:-1\" \/>\n<link rel=\"canonical\" href=\"https:\/\/www.hoteltucblancbaqueira.com\/ca\/escapada-de-cap-de-setmana-a-baqueira-beret\/\" \/>\n<meta property=\"og:locale\" content=\"ca_ES\" \/>\n<meta property=\"og:type\" content=\"article\" \/>\n<meta property=\"og:title\" content=\"Escapada de cap de setmana a Baqueira Beret | Hotel Tuc Blanc Baqueira\" \/>\n<meta property=\"og:description\" content=\"Escapada a Baqueira Beret amb fam\u00edlia: esqu\u00ed, pobles amb encant, relax i gastronomia. Itinerari perfecte per cap de setmana o Setmana Santa.\" \/>\n<meta property=\"og:url\" content=\"https:\/\/www.hoteltucblancbaqueira.com\/ca\/escapada-de-cap-de-setmana-a-baqueira-beret\/\" \/>\n<meta property=\"og:site_name\" content=\"Hotel Tuc Blanc Baqueira\" \/>\n<meta property=\"article:published_time\" content=\"2026-03-11T15:34:41+00:00\" \/>\n<meta property=\"article:modified_time\" content=\"2026-03-11T15:34:43+00:00\" \/>\n<meta property=\"og:image\" content=\"https:\/\/www.hoteltucblancbaqueira.com\/wp-content\/uploads\/2026\/03\/escapada-Baqueira-Beret-scaled.webp\" \/>\n\t<meta property=\"og:image:width\" content=\"2560\" \/>\n\t<meta property=\"og:image:height\" content=\"1707\" \/>\n\t<meta property=\"og:image:type\" content=\"image\/webp\" \/>\n<meta name=\"author\" content=\"alojapro_mkt\" \/>\n<meta name=\"twitter:card\" content=\"summary_large_image\" \/>\n<meta name=\"twitter:label1\" content=\"Escrit per\" \/>\n\t<meta name=\"twitter:data1\" content=\"alojapro_mkt\" \/>\n\t<meta name=\"twitter:label2\" content=\"Temps estimat de lectura\" \/>\n\t<meta name=\"twitter:data2\" content=\"2 minuts\" \/>\n<script type=\"application\/ld+json\" class=\"yoast-schema-graph\">{\"@context\":\"https:\\\/\\\/schema.org\",\"@graph\":[{\"@type\":\"Article\",\"@id\":\"https:\\\/\\\/www.hoteltucblancbaqueira.com\\\/ca\\\/escapada-de-cap-de-setmana-a-baqueira-beret\\\/#article\",\"isPartOf\":{\"@id\":\"https:\\\/\\\/www.hoteltucblancbaqueira.com\\\/ca\\\/escapada-de-cap-de-setmana-a-baqueira-beret\\\/\"},\"author\":{\"name\":\"alojapro_mkt\",\"@id\":\"https:\\\/\\\/www.hoteltucblancbaqueira.com\\\/ca\\\/#\\\/schema\\\/person\\\/18a0f8b4813ee9544e861e9777b27696\"},\"headline\":\"Escapada de cap de setmana a Baqueira Beret\",\"datePublished\":\"2026-03-11T15:34:41+00:00\",\"dateModified\":\"2026-03-11T15:34:43+00:00\",\"mainEntityOfPage\":{\"@id\":\"https:\\\/\\\/www.hoteltucblancbaqueira.com\\\/ca\\\/escapada-de-cap-de-setmana-a-baqueira-beret\\\/\"},\"wordCount\":384,\"publisher\":{\"@id\":\"https:\\\/\\\/www.hoteltucblancbaqueira.com\\\/ca\\\/#organization\"},\"image\":{\"@id\":\"https:\\\/\\\/www.hoteltucblancbaqueira.com\\\/ca\\\/escapada-de-cap-de-setmana-a-baqueira-beret\\\/#primaryimage\"},\"thumbnailUrl\":\"https:\\\/\\\/www.hoteltucblancbaqueira.com\\\/wp-content\\\/uploads\\\/2026\\\/03\\\/escapada-Baqueira-Beret-scaled.webp\",\"keywords\":[\"apres ski baqueira\",\"Baqueira Beret\",\"cap de Setmana\",\"escapada\",\"spa baqueira\"],\"articleSection\":[\"Hivern\",\"Sin categor\u00eda\"],\"inLanguage\":\"ca\"},{\"@type\":\"WebPage\",\"@id\":\"https:\\\/\\\/www.hoteltucblancbaqueira.com\\\/ca\\\/escapada-de-cap-de-setmana-a-baqueira-beret\\\/\",\"url\":\"https:\\\/\\\/www.hoteltucblancbaqueira.com\\\/ca\\\/escapada-de-cap-de-setmana-a-baqueira-beret\\\/\",\"name\":\"Escapada de cap de setmana a Baqueira Beret | Hotel Tuc Blanc Baqueira\",\"isPartOf\":{\"@id\":\"https:\\\/\\\/www.hoteltucblancbaqueira.com\\\/ca\\\/#website\"},\"primaryImageOfPage\":{\"@id\":\"https:\\\/\\\/www.hoteltucblancbaqueira.com\\\/ca\\\/escapada-de-cap-de-setmana-a-baqueira-beret\\\/#primaryimage\"},\"image\":{\"@id\":\"https:\\\/\\\/www.hoteltucblancbaqueira.com\\\/ca\\\/escapada-de-cap-de-setmana-a-baqueira-beret\\\/#primaryimage\"},\"thumbnailUrl\":\"https:\\\/\\\/www.hoteltucblancbaqueira.com\\\/wp-content\\\/uploads\\\/2026\\\/03\\\/escapada-Baqueira-Beret-scaled.webp\",\"datePublished\":\"2026-03-11T15:34:41+00:00\",\"dateModified\":\"2026-03-11T15:34:43+00:00\",\"description\":\"Escapada a Baqueira Beret amb fam\u00edlia: esqu\u00ed, pobles amb encant, relax i gastronomia. Itinerari perfecte per cap de setmana o Setmana Santa.\",\"breadcrumb\":{\"@id\":\"https:\\\/\\\/www.hoteltucblancbaqueira.com\\\/ca\\\/escapada-de-cap-de-setmana-a-baqueira-beret\\\/#breadcrumb\"},\"inLanguage\":\"ca\",\"potentialAction\":[{\"@type\":\"ReadAction\",\"target\":[\"https:\\\/\\\/www.hoteltucblancbaqueira.com\\\/ca\\\/escapada-de-cap-de-setmana-a-baqueira-beret\\\/\"]}]},{\"@type\":\"ImageObject\",\"inLanguage\":\"ca\",\"@id\":\"https:\\\/\\\/www.hoteltucblancbaqueira.com\\\/ca\\\/escapada-de-cap-de-setmana-a-baqueira-beret\\\/#primaryimage\",\"url\":\"https:\\\/\\\/www.hoteltucblancbaqueira.com\\\/wp-content\\\/uploads\\\/2026\\\/03\\\/escapada-Baqueira-Beret-scaled.webp\",\"contentUrl\":\"https:\\\/\\\/www.hoteltucblancbaqueira.com\\\/wp-content\\\/uploads\\\/2026\\\/03\\\/escapada-Baqueira-Beret-scaled.webp\",\"width\":2560,\"height\":1707,\"caption\":\"Semana Santa Baqueira Beret\"},{\"@type\":\"BreadcrumbList\",\"@id\":\"https:\\\/\\\/www.hoteltucblancbaqueira.com\\\/ca\\\/escapada-de-cap-de-setmana-a-baqueira-beret\\\/#breadcrumb\",\"itemListElement\":[{\"@type\":\"ListItem\",\"position\":1,\"name\":\"Portada\",\"item\":\"https:\\\/\\\/www.hoteltucblancbaqueira.com\\\/ca\\\/home\\\/\"},{\"@type\":\"ListItem\",\"position\":2,\"name\":\"Escapada de cap de setmana a Baqueira Beret\"}]},{\"@type\":\"WebSite\",\"@id\":\"https:\\\/\\\/www.hoteltucblancbaqueira.com\\\/ca\\\/#website\",\"url\":\"https:\\\/\\\/www.hoteltucblancbaqueira.com\\\/ca\\\/\",\"name\":\"Hotel Tuc Blanc Baqueira\",\"description\":\"Hotel en Baqueira a pie de pistas\",\"publisher\":{\"@id\":\"https:\\\/\\\/www.hoteltucblancbaqueira.com\\\/ca\\\/#organization\"},\"potentialAction\":[{\"@type\":\"SearchAction\",\"target\":{\"@type\":\"EntryPoint\",\"urlTemplate\":\"https:\\\/\\\/www.hoteltucblancbaqueira.com\\\/ca\\\/?s={search_term_string}\"},\"query-input\":{\"@type\":\"PropertyValueSpecification\",\"valueRequired\":true,\"valueName\":\"search_term_string\"}}],\"inLanguage\":\"ca\"},{\"@type\":\"Organization\",\"@id\":\"https:\\\/\\\/www.hoteltucblancbaqueira.com\\\/ca\\\/#organization\",\"name\":\"Hotel Tuc Blanc Baqueira\",\"url\":\"https:\\\/\\\/www.hoteltucblancbaqueira.com\\\/ca\\\/\",\"logo\":{\"@type\":\"ImageObject\",\"inLanguage\":\"ca\",\"@id\":\"https:\\\/\\\/www.hoteltucblancbaqueira.com\\\/ca\\\/#\\\/schema\\\/logo\\\/image\\\/\",\"url\":\"https:\\\/\\\/www.hoteltucblancbaqueira.com\\\/wp-content\\\/uploads\\\/2025\\\/05\\\/logo_header.svg\",\"contentUrl\":\"https:\\\/\\\/www.hoteltucblancbaqueira.com\\\/wp-content\\\/uploads\\\/2025\\\/05\\\/logo_header.svg\",\"width\":398,\"height\":101,\"caption\":\"Hotel Tuc Blanc Baqueira\"},\"image\":{\"@id\":\"https:\\\/\\\/www.hoteltucblancbaqueira.com\\\/ca\\\/#\\\/schema\\\/logo\\\/image\\\/\"}},{\"@type\":\"Person\",\"@id\":\"https:\\\/\\\/www.hoteltucblancbaqueira.com\\\/ca\\\/#\\\/schema\\\/person\\\/18a0f8b4813ee9544e861e9777b27696\",\"name\":\"alojapro_mkt\"}]}<\/script>\n<!-- \/ Yoast SEO plugin. -->","yoast_head_json":{"title":"Escapada de cap de setmana a Baqueira Beret | Hotel Tuc Blanc Baqueira","description":"Escapada a Baqueira Beret amb fam\u00edlia: esqu\u00ed, pobles amb encant, relax i gastronomia. Itinerari perfecte per cap de setmana o Setmana Santa.","robots":{"index":"index","follow":"follow","max-snippet":"max-snippet:-1","max-image-preview":"max-image-preview:large","max-video-preview":"max-video-preview:-1"},"canonical":"https:\/\/www.hoteltucblancbaqueira.com\/ca\/escapada-de-cap-de-setmana-a-baqueira-beret\/","og_locale":"ca_ES","og_type":"article","og_title":"Escapada de cap de setmana a Baqueira Beret | Hotel Tuc Blanc Baqueira","og_description":"Escapada a Baqueira Beret amb fam\u00edlia: esqu\u00ed, pobles amb encant, relax i gastronomia. Itinerari perfecte per cap de setmana o Setmana Santa.","og_url":"https:\/\/www.hoteltucblancbaqueira.com\/ca\/escapada-de-cap-de-setmana-a-baqueira-beret\/","og_site_name":"Hotel Tuc Blanc Baqueira","article_published_time":"2026-03-11T15:34:41+00:00","article_modified_time":"2026-03-11T15:34:43+00:00","og_image":[{"width":2560,"height":1707,"url":"https:\/\/www.hoteltucblancbaqueira.com\/wp-content\/uploads\/2026\/03\/escapada-Baqueira-Beret-scaled.webp","type":"image\/webp"}],"author":"alojapro_mkt","twitter_card":"summary_large_image","twitter_misc":{"Escrit per":"alojapro_mkt","Temps estimat de lectura":"2 minuts"},"schema":{"@context":"https:\/\/schema.org","@graph":[{"@type":"Article","@id":"https:\/\/www.hoteltucblancbaqueira.com\/ca\/escapada-de-cap-de-setmana-a-baqueira-beret\/#article","isPartOf":{"@id":"https:\/\/www.hoteltucblancbaqueira.com\/ca\/escapada-de-cap-de-setmana-a-baqueira-beret\/"},"author":{"name":"alojapro_mkt","@id":"https:\/\/www.hoteltucblancbaqueira.com\/ca\/#\/schema\/person\/18a0f8b4813ee9544e861e9777b27696"},"headline":"Escapada de cap de setmana a Baqueira Beret","datePublished":"2026-03-11T15:34:41+00:00","dateModified":"2026-03-11T15:34:43+00:00","mainEntityOfPage":{"@id":"https:\/\/www.hoteltucblancbaqueira.com\/ca\/escapada-de-cap-de-setmana-a-baqueira-beret\/"},"wordCount":384,"publisher":{"@id":"https:\/\/www.hoteltucblancbaqueira.com\/ca\/#organization"},"image":{"@id":"https:\/\/www.hoteltucblancbaqueira.com\/ca\/escapada-de-cap-de-setmana-a-baqueira-beret\/#primaryimage"},"thumbnailUrl":"https:\/\/www.hoteltucblancbaqueira.com\/wp-content\/uploads\/2026\/03\/escapada-Baqueira-Beret-scaled.webp","keywords":["apres ski baqueira","Baqueira Beret","cap de Setmana","escapada","spa baqueira"],"articleSection":["Hivern","Sin categor\u00eda"],"inLanguage":"ca"},{"@type":"WebPage","@id":"https:\/\/www.hoteltucblancbaqueira.com\/ca\/escapada-de-cap-de-setmana-a-baqueira-beret\/","url":"https:\/\/www.hoteltucblancbaqueira.com\/ca\/escapada-de-cap-de-setmana-a-baqueira-beret\/","name":"Escapada de cap de setmana a Baqueira Beret | Hotel Tuc Blanc Baqueira","isPartOf":{"@id":"https:\/\/www.hoteltucblancbaqueira.com\/ca\/#website"},"primaryImageOfPage":{"@id":"https:\/\/www.hoteltucblancbaqueira.com\/ca\/escapada-de-cap-de-setmana-a-baqueira-beret\/#primaryimage"},"image":{"@id":"https:\/\/www.hoteltucblancbaqueira.com\/ca\/escapada-de-cap-de-setmana-a-baqueira-beret\/#primaryimage"},"thumbnailUrl":"https:\/\/www.hoteltucblancbaqueira.com\/wp-content\/uploads\/2026\/03\/escapada-Baqueira-Beret-scaled.webp","datePublished":"2026-03-11T15:34:41+00:00","dateModified":"2026-03-11T15:34:43+00:00","description":"Escapada a Baqueira Beret amb fam\u00edlia: esqu\u00ed, pobles amb encant, relax i gastronomia. Itinerari perfecte per cap de setmana o Setmana Santa.","breadcrumb":{"@id":"https:\/\/www.hoteltucblancbaqueira.com\/ca\/escapada-de-cap-de-setmana-a-baqueira-beret\/#breadcrumb"},"inLanguage":"ca","potentialAction":[{"@type":"ReadAction","target":["https:\/\/www.hoteltucblancbaqueira.com\/ca\/escapada-de-cap-de-setmana-a-baqueira-beret\/"]}]},{"@type":"ImageObject","inLanguage":"ca","@id":"https:\/\/www.hoteltucblancbaqueira.com\/ca\/escapada-de-cap-de-setmana-a-baqueira-beret\/#primaryimage","url":"https:\/\/www.hoteltucblancbaqueira.com\/wp-content\/uploads\/2026\/03\/escapada-Baqueira-Beret-scaled.webp","contentUrl":"https:\/\/www.hoteltucblancbaqueira.com\/wp-content\/uploads\/2026\/03\/escapada-Baqueira-Beret-scaled.webp","width":2560,"height":1707,"caption":"Semana Santa Baqueira Beret"},{"@type":"BreadcrumbList","@id":"https:\/\/www.hoteltucblancbaqueira.com\/ca\/escapada-de-cap-de-setmana-a-baqueira-beret\/#breadcrumb","itemListElement":[{"@type":"ListItem","position":1,"name":"Portada","item":"https:\/\/www.hoteltucblancbaqueira.com\/ca\/home\/"},{"@type":"ListItem","position":2,"name":"Escapada de cap de setmana a Baqueira Beret"}]},{"@type":"WebSite","@id":"https:\/\/www.hoteltucblancbaqueira.com\/ca\/#website","url":"https:\/\/www.hoteltucblancbaqueira.com\/ca\/","name":"Hotel Tuc Blanc Baqueira","description":"Hotel en Baqueira a pie de pistas","publisher":{"@id":"https:\/\/www.hoteltucblancbaqueira.com\/ca\/#organization"},"potentialAction":[{"@type":"SearchAction","target":{"@type":"EntryPoint","urlTemplate":"https:\/\/www.hoteltucblancbaqueira.com\/ca\/?s={search_term_string}"},"query-input":{"@type":"PropertyValueSpecification","valueRequired":true,"valueName":"search_term_string"}}],"inLanguage":"ca"},{"@type":"Organization","@id":"https:\/\/www.hoteltucblancbaqueira.com\/ca\/#organization","name":"Hotel Tuc Blanc Baqueira","url":"https:\/\/www.hoteltucblancbaqueira.com\/ca\/","logo":{"@type":"ImageObject","inLanguage":"ca","@id":"https:\/\/www.hoteltucblancbaqueira.com\/ca\/#\/schema\/logo\/image\/","url":"https:\/\/www.hoteltucblancbaqueira.com\/wp-content\/uploads\/2025\/05\/logo_header.svg","contentUrl":"https:\/\/www.hoteltucblancbaqueira.com\/wp-content\/uploads\/2025\/05\/logo_header.svg","width":398,"height":101,"caption":"Hotel Tuc Blanc Baqueira"},"image":{"@id":"https:\/\/www.hoteltucblancbaqueira.com\/ca\/#\/schema\/logo\/image\/"}},{"@type":"Person","@id":"https:\/\/www.hoteltucblancbaqueira.com\/ca\/#\/schema\/person\/18a0f8b4813ee9544e861e9777b27696","name":"alojapro_mkt"}]}},"loftoceanMetas":{"authorName":"alojapro_mkt","categories":[{"name":"Hivern","link":"https:\/\/www.hoteltucblancbaqueira.com\/ca\/category\/hivern\/","count":13},{"name":"Sin categor\u00eda","link":"https:\/\/www.hoteltucblancbaqueira.com\/ca\/category\/sin-categoria-ca\/","count":11}],"date":"11 de mar\u00e7 de 2026","featuredImageSRC":"https:\/\/www.hoteltucblancbaqueira.com\/wp-content\/uploads\/2026\/03\/escapada-Baqueira-Beret-150x150.webp"},"_links":{"self":[{"href":"https:\/\/www.hoteltucblancbaqueira.com\/ca\/wp-json\/wp\/v2\/posts\/7368","targetHints":{"allow":["GET"]}}],"collection":[{"href":"https:\/\/www.hoteltucblancbaqueira.com\/ca\/wp-json\/wp\/v2\/posts"}],"about":[{"href":"https:\/\/www.hoteltucblancbaqueira.com\/ca\/wp-json\/wp\/v2\/types\/post"}],"author":[{"embeddable":true,"href":"https:\/\/www.hoteltucblancbaqueira.com\/ca\/wp-json\/wp\/v2\/users\/3"}],"replies":[{"embeddable":true,"href":"https:\/\/www.hoteltucblancbaqueira.com\/ca\/wp-json\/wp\/v2\/comments?post=7368"}],"version-history":[{"count":1,"href":"https:\/\/www.hoteltucblancbaqueira.com\/ca\/wp-json\/wp\/v2\/posts\/7368\/revisions"}],"predecessor-version":[{"id":7369,"href":"https:\/\/www.hoteltucblancbaqueira.com\/ca\/wp-json\/wp\/v2\/posts\/7368\/revisions\/7369"}],"wp:featuredmedia":[{"embeddable":true,"href":"https:\/\/www.hoteltucblancbaqueira.com\/ca\/wp-json\/wp\/v2\/media\/7330"}],"wp:attachment":[{"href":"https:\/\/www.hoteltucblancbaqueira.com\/ca\/wp-json\/wp\/v2\/media?parent=7368"}],"wp:term":[{"taxonomy":"category","embeddable":true,"href":"https:\/\/www.hoteltucblancbaqueira.com\/ca\/wp-json\/wp\/v2\/categories?post=7368"},{"taxonomy":"post_tag","embeddable":true,"href":"https:\/\/www.hoteltucblancbaqueira.com\/ca\/wp-json\/wp\/v2\/tags?post=7368"}],"curies":[{"name":"wp","href":"https:\/\/api.w.org\/{rel}","templated":true}]}}