{"id":5875,"date":"2026-02-05T13:14:50","date_gmt":"2026-02-05T12:14:50","guid":{"rendered":"https:\/\/www.hoteltucblancbaqueira.com\/apres%e2%80%91ski-a-baqueira-beret-2025\/"},"modified":"2026-02-05T13:31:15","modified_gmt":"2026-02-05T12:31:15","slug":"apres-ski-a-baqueira-beret-2025","status":"publish","type":"post","link":"https:\/\/www.hoteltucblancbaqueira.com\/fr\/apres-ski-a-baqueira-beret-2025\/","title":{"rendered":"Apr\u00e8s-ski \u00e0 Baqueira Beret (Mise \u00e0 jour 2026)"},"content":{"rendered":"\n<p>Si vous s\u00e9journez \u2014 ou pr\u00e9voyez de s\u00e9journer \u2014 \u00e0 Baqueira pour la saison hivernale 2025-2026 et que vous cherchez les meilleurs endroits pour profiter de l\u2019apr\u00e8s-ski \u00e0 Baqueira Beret, cet article est fait pour vous. Nous vous pr\u00e9sentons ici les meilleurs bars et lieux d\u2019apr\u00e8s-ski \u00e0 Baqueira Beret, un village situ\u00e9 dans la magnifique Val d\u2019Aran, au c\u0153ur des Pyr\u00e9n\u00e9es catalanes.<\/p>\n\n<p>Vous n\u2019avez pas encore r\u00e9serv\u00e9 votre h\u00e9bergement pour la saison d\u2019hiver ? R\u00e9servez votre s\u00e9jour dans notre <strong><a href=\"https:\/\/hoteltucblancbaqueira.com\/fr\/\">h\u00f4tel \u00e0 Baqueira<\/a><\/strong>, situ\u00e9 au pied des pistes.<\/p>\n\n<h2 class=\"wp-block-heading\"><strong>Les Meilleurs Lieux pour l\u2019Apr\u00e8s-Ski \u00e0 Baqueira Beret<\/strong><\/h2>\n\n<p>Situ\u00e9e dans la superbe Val d\u2019Aran, au c\u0153ur des Pyr\u00e9n\u00e9es catalanes, Baqueira Beret est r\u00e9put\u00e9e non seulement pour ses pistes de ski exceptionnelles, mais aussi pour sa vie apr\u00e8s-ski anim\u00e9e. Apr\u00e8s une journ\u00e9e intense sur la neige, quoi de mieux que de se d\u00e9tendre et profiter de l\u2019ambiance festive et de l\u2019offre gastronomique locale ?  <\/p>\n\n<h3 class=\"wp-block-heading\"><strong>Mo\u00ebt Winter Lounge<\/strong><\/h3>\n\n<p>Sans doute l\u2019un des endroits les plus exclusifs pour l\u2019apr\u00e8s-ski \u00e0 Baqueira. Situ\u00e9 \u00e0 1 850 m\u00e8tres d\u2019altitude sur les pistes, ce lounge \u00e9l\u00e9gant offre des vues panoramiques spectaculaires et une ambiance chic. D\u00e9tendez-vous avec une coupe de champagne, accompagn\u00e9 d\u2019un DJ ou d\u2019un concert en direct.  <\/p>\n\n<figure class=\"wp-block-image size-large is-resized\"><img fetchpriority=\"high\" decoding=\"async\" width=\"1024\" height=\"768\" src=\"https:\/\/www.hoteltucblancbaqueira.com\/wp-content\/uploads\/2025\/01\/moet-chandon-baqueira-1024x768.webp\" alt=\"moet baqueira\" class=\"wp-image-4505\" style=\"width:399px;height:auto\" srcset=\"https:\/\/www.hoteltucblancbaqueira.com\/wp-content\/uploads\/2025\/01\/moet-chandon-baqueira-1024x768.webp 1024w, https:\/\/www.hoteltucblancbaqueira.com\/wp-content\/uploads\/2025\/01\/moet-chandon-baqueira-300x225.webp 300w, https:\/\/www.hoteltucblancbaqueira.com\/wp-content\/uploads\/2025\/01\/moet-chandon-baqueira-768x576.webp 768w, https:\/\/www.hoteltucblancbaqueira.com\/wp-content\/uploads\/2025\/01\/moet-chandon-baqueira-1200x900.webp 1200w, https:\/\/www.hoteltucblancbaqueira.com\/wp-content\/uploads\/2025\/01\/moet-chandon-baqueira-780x585.webp 780w, https:\/\/www.hoteltucblancbaqueira.com\/wp-content\/uploads\/2025\/01\/moet-chandon-baqueira-600x450.webp 600w, https:\/\/www.hoteltucblancbaqueira.com\/wp-content\/uploads\/2025\/01\/moet-chandon-baqueira-550x413.webp 550w, https:\/\/www.hoteltucblancbaqueira.com\/wp-content\/uploads\/2025\/01\/moet-chandon-baqueira-370x278.webp 370w, https:\/\/www.hoteltucblancbaqueira.com\/wp-content\/uploads\/2025\/01\/moet-chandon-baqueira-255x191.webp 255w, https:\/\/www.hoteltucblancbaqueira.com\/wp-content\/uploads\/2025\/01\/moet-chandon-baqueira.webp 1360w\" sizes=\"(max-width: 1024px) 100vw, 1024px\" \/><\/figure>\n\n<h3 class=\"wp-block-heading\"><strong>H\u00f4tel Tuc Blanc<\/strong><\/h3>\n\n<p>Notre h\u00f4tel est situ\u00e9 au pied des pistes de Baqueira et dispose d\u2019une terrasse panoramique. On y sert boissons, en-cas ou repas complets au <strong><a href=\"https:\/\/www.blancbaqueira.com\/fr\">restaurant<\/a><\/strong>. Des concerts et DJs sont souvent au programme, ce qui en fait l\u2019un des meilleurs lieux d\u2019apr\u00e8s-ski de Baqueira. D\u00e9couvrez aussi le circuit <strong><a href=\"https:\/\/www.hoteltucblancbaqueira.com\/fr\/restaurants-pintxo-pote-vielha\/\">pintxo pote \u00e0 Vielha<\/a><\/strong>, une s\u00e9lection de tapas locales recommand\u00e9e par l\u2019h\u00f4tel.   <\/p>\n\n<figure class=\"wp-block-image size-large is-resized\"><img decoding=\"async\" width=\"1024\" height=\"1024\" src=\"https:\/\/www.hoteltucblancbaqueira.com\/wp-content\/uploads\/2025\/01\/hotel-tuc-blanc-baqueira-1024x1024.webp\" alt=\"apres ski baqueira\" class=\"wp-image-4509\" style=\"width:397px;height:auto\" srcset=\"https:\/\/www.hoteltucblancbaqueira.com\/wp-content\/uploads\/2025\/01\/hotel-tuc-blanc-baqueira-1024x1024.webp 1024w, https:\/\/www.hoteltucblancbaqueira.com\/wp-content\/uploads\/2025\/01\/hotel-tuc-blanc-baqueira-300x300.webp 300w, https:\/\/www.hoteltucblancbaqueira.com\/wp-content\/uploads\/2025\/01\/hotel-tuc-blanc-baqueira-150x150.webp 150w, https:\/\/www.hoteltucblancbaqueira.com\/wp-content\/uploads\/2025\/01\/hotel-tuc-blanc-baqueira-768x768.webp 768w, https:\/\/www.hoteltucblancbaqueira.com\/wp-content\/uploads\/2025\/01\/hotel-tuc-blanc-baqueira-1200x1200.webp 1200w, https:\/\/www.hoteltucblancbaqueira.com\/wp-content\/uploads\/2025\/01\/hotel-tuc-blanc-baqueira-780x780.webp 780w, https:\/\/www.hoteltucblancbaqueira.com\/wp-content\/uploads\/2025\/01\/hotel-tuc-blanc-baqueira-600x600.webp 600w, https:\/\/www.hoteltucblancbaqueira.com\/wp-content\/uploads\/2025\/01\/hotel-tuc-blanc-baqueira-550x550.webp 550w, https:\/\/www.hoteltucblancbaqueira.com\/wp-content\/uploads\/2025\/01\/hotel-tuc-blanc-baqueira-370x370.webp 370w, https:\/\/www.hoteltucblancbaqueira.com\/wp-content\/uploads\/2025\/01\/hotel-tuc-blanc-baqueira-255x255.webp 255w, https:\/\/www.hoteltucblancbaqueira.com\/wp-content\/uploads\/2025\/01\/hotel-tuc-blanc-baqueira.webp 1440w\" sizes=\"(max-width: 1024px) 100vw, 1024px\" \/><\/figure>\n\n<h3 class=\"wp-block-heading\"><strong>Bar Era Cabana<\/strong><\/h3>\n\n<p>Un bar chaleureux au c\u0153ur de Baqueira. Id\u00e9al pour une bi\u00e8re fra\u00eeche ou un chocolat chaud. Sa terrasse ext\u00e9rieure offre une vue splendide sur les montagnes, et l\u2019int\u00e9rieur, avec sa chemin\u00e9e, invite \u00e0 d\u00e9guster tapas et plats typiques.  <\/p>\n\n<figure class=\"wp-block-image size-full\"><img decoding=\"async\" width=\"382\" height=\"510\" src=\"https:\/\/www.hoteltucblancbaqueira.com\/wp-content\/uploads\/2025\/01\/era-cabana-baqueira.webp\" alt=\"era cabana baqueira\" class=\"wp-image-4513\" srcset=\"https:\/\/www.hoteltucblancbaqueira.com\/wp-content\/uploads\/2025\/01\/era-cabana-baqueira.webp 382w, https:\/\/www.hoteltucblancbaqueira.com\/wp-content\/uploads\/2025\/01\/era-cabana-baqueira-225x300.webp 225w, https:\/\/www.hoteltucblancbaqueira.com\/wp-content\/uploads\/2025\/01\/era-cabana-baqueira-370x494.webp 370w, https:\/\/www.hoteltucblancbaqueira.com\/wp-content\/uploads\/2025\/01\/era-cabana-baqueira-255x340.webp 255w\" sizes=\"(max-width: 382px) 100vw, 382px\" \/><\/figure>\n\n<h3 class=\"wp-block-heading\"><strong>Baqueira Bar 1500<\/strong><\/h3>\n\n<p>Juste \u00e0 c\u00f4t\u00e9 du t\u00e9l\u00e9si\u00e8ge et en face de l\u2019h\u00f4tel Tuc Blanc, ce bar propose un large choix de boissons, ap\u00e9ritifs et plats pour se restaurer pendant ou apr\u00e8s le ski. Un incontournable de l\u2019apr\u00e8s-ski au pied des pistes.  <\/p>\n\n<figure class=\"wp-block-image size-full is-resized\"><img loading=\"lazy\" decoding=\"async\" width=\"680\" height=\"510\" src=\"https:\/\/www.hoteltucblancbaqueira.com\/wp-content\/uploads\/2025\/01\/baqueira-bar-1500.webp\" alt=\"baqueira bar 1500\" class=\"wp-image-4517\" style=\"width:381px;height:auto\" srcset=\"https:\/\/www.hoteltucblancbaqueira.com\/wp-content\/uploads\/2025\/01\/baqueira-bar-1500.webp 680w, https:\/\/www.hoteltucblancbaqueira.com\/wp-content\/uploads\/2025\/01\/baqueira-bar-1500-300x225.webp 300w, https:\/\/www.hoteltucblancbaqueira.com\/wp-content\/uploads\/2025\/01\/baqueira-bar-1500-600x450.webp 600w, https:\/\/www.hoteltucblancbaqueira.com\/wp-content\/uploads\/2025\/01\/baqueira-bar-1500-550x413.webp 550w, https:\/\/www.hoteltucblancbaqueira.com\/wp-content\/uploads\/2025\/01\/baqueira-bar-1500-370x278.webp 370w, https:\/\/www.hoteltucblancbaqueira.com\/wp-content\/uploads\/2025\/01\/baqueira-bar-1500-255x191.webp 255w\" sizes=\"(max-width: 680px) 100vw, 680px\" \/><\/figure>\n\n<h3 class=\"wp-block-heading\"><strong><a href=\"https:\/\/besobeach.com\/beso-baqueira\/\">Restaurant Beso Beach<\/a><\/strong><\/h3>\n\n<p>Situ\u00e9 \u00e0 proximit\u00e9 de la zone de restauration \u00e0 Baqueira 1500, il est accessible aussi bien aux skieurs apr\u00e8s leur journ\u00e9e sur les pistes qu\u2019aux visiteurs qui ne skient pas. L\u2019espace allie un restaurant de cuisine basco-m\u00e9diterran\u00e9enne aux influences aran\u00e8se et fran\u00e7aise, un apr\u00e8s-ski anim\u00e9, de la musique et une atmosph\u00e8re conviviale. <\/p>\n\n<p><\/p>\n","protected":false},"excerpt":{"rendered":"<p>Si vous s\u00e9journez \u2014 ou pr\u00e9voyez de s\u00e9journer \u2014 \u00e0 Baqueira pour la saison hivernale 2025-2026 et que vous cherchez les meilleurs endroits pour profiter de l\u2019apr\u00e8s-ski \u00e0 Baqueira Beret, cet article est fait pour vous. Nous vous pr\u00e9sentons ici les meilleurs bars et lieux d\u2019apr\u00e8s-ski \u00e0 Baqueira Beret, un village situ\u00e9 dans la magnifique &#8230;<\/p>\n","protected":false},"author":3,"featured_media":4503,"comment_status":"closed","ping_status":"closed","sticky":false,"template":"","format":"standard","meta":{"loftocean_post_format_gallery":"","loftocean_post_format_gallery_ids":"","loftocean_post_format_gallery_urls":"","loftocean_post_format_video_id":0,"loftocean_post_format_video_url":"","loftocean_post_format_video_type":"","loftocean_post_format_video":"","loftocean_post_format_audio_type":"","loftocean_post_format_audio_url":"","loftocean_post_format_audio_id":0,"loftocean_post_format_audio":"","loftocean-like-count":0,"cozystay_single_post_hide_site_header":"","cozystay_single_post_site_header_source":"","cozystay_single_post_custom_site_header":"0","cozystay_single_post_custom_sticky_site_header":"0","cozystay_single_post_hide_page_title":"","cozystay_single_post_site_footer_hide_main":"","cozystay_single_custom_site_footer_main_source":"","cozystay_single_custom_site_footer_main":"0","cozystay_single_post_site_footer_hide_above":"","cozystay_single_custom_site_footer_above_source":"","cozystay_single_custom_site_footer_above":"0","cozystay_single_post_site_footer_hide_instagram":"","cozystay_single_post_site_footer_hide_bottom":"","cozystay_single_custom_mobile_menu_source":"","cozystay_single_custom_mobile_menu":"0","cozystay_single_custom_mobile_menu_animation":"","cozystay_single_custom_mobile_menu_width":"","cozystay_single_custom_mobile_menu_custom_width":375,"cozystay_single_post_template":"","footnotes":""},"categories":[135],"tags":[136],"class_list":["post-5875","post","type-post","status-publish","format-standard","has-post-thumbnail","hentry","category-lhiver","tag-apres-ski-baqueira-fr"],"yoast_head":"<!-- This site is optimized with the Yoast SEO plugin v27.4 - https:\/\/yoast.com\/product\/yoast-seo-wordpress\/ -->\n<title>Apr\u00e8s-ski \u00e0 Baqueira Beret (Mise \u00e0 jour 2026) | Hotel Tuc Blanc Baqueira<\/title>\n<meta name=\"description\" content=\"D\u00e9couvrez les meilleurs endroits pour profiter de l\u2019apr\u00e8s-ski \u00e0 Baqueira Beret. D\u00e9tendez-vous apr\u00e8s le ski autour d\u2019un verre et d\u2019un peu de musique !\" \/>\n<meta name=\"robots\" content=\"index, follow, max-snippet:-1, max-image-preview:large, max-video-preview:-1\" \/>\n<link rel=\"canonical\" href=\"https:\/\/www.hoteltucblancbaqueira.com\/fr\/apres-ski-a-baqueira-beret-2025\/\" \/>\n<meta property=\"og:locale\" content=\"fr_FR\" \/>\n<meta property=\"og:type\" content=\"article\" \/>\n<meta property=\"og:title\" content=\"Apr\u00e8s-ski \u00e0 Baqueira Beret (Mise \u00e0 jour 2026) | Hotel Tuc Blanc Baqueira\" \/>\n<meta property=\"og:description\" content=\"D\u00e9couvrez les meilleurs endroits pour profiter de l\u2019apr\u00e8s-ski \u00e0 Baqueira Beret. D\u00e9tendez-vous apr\u00e8s le ski autour d\u2019un verre et d\u2019un peu de musique !\" \/>\n<meta property=\"og:url\" content=\"https:\/\/www.hoteltucblancbaqueira.com\/fr\/apres-ski-a-baqueira-beret-2025\/\" \/>\n<meta property=\"og:site_name\" content=\"Hotel Tuc Blanc Baqueira\" \/>\n<meta property=\"article:published_time\" content=\"2026-02-05T12:14:50+00:00\" \/>\n<meta property=\"article:modified_time\" content=\"2026-02-05T12:31:15+00:00\" \/>\n<meta property=\"og:image\" content=\"https:\/\/www.hoteltucblancbaqueira.com\/wp-content\/uploads\/2025\/01\/apres-ski-baqueira-scaled.webp\" \/>\n\t<meta property=\"og:image:width\" content=\"2560\" \/>\n\t<meta property=\"og:image:height\" content=\"1707\" \/>\n\t<meta property=\"og:image:type\" content=\"image\/webp\" \/>\n<meta name=\"author\" content=\"alojapro_mkt\" \/>\n<meta name=\"twitter:card\" content=\"summary_large_image\" \/>\n<meta name=\"twitter:label1\" content=\"\u00c9crit par\" \/>\n\t<meta name=\"twitter:data1\" content=\"alojapro_mkt\" \/>\n\t<meta name=\"twitter:label2\" content=\"Dur\u00e9e de lecture estim\u00e9e\" \/>\n\t<meta name=\"twitter:data2\" content=\"2 minutes\" \/>\n<script type=\"application\/ld+json\" class=\"yoast-schema-graph\">{\"@context\":\"https:\\\/\\\/schema.org\",\"@graph\":[{\"@type\":\"Article\",\"@id\":\"https:\\\/\\\/www.hoteltucblancbaqueira.com\\\/fr\\\/apres-ski-a-baqueira-beret-2025\\\/#article\",\"isPartOf\":{\"@id\":\"https:\\\/\\\/www.hoteltucblancbaqueira.com\\\/fr\\\/apres-ski-a-baqueira-beret-2025\\\/\"},\"author\":{\"name\":\"alojapro_mkt\",\"@id\":\"https:\\\/\\\/www.hoteltucblancbaqueira.com\\\/fr\\\/#\\\/schema\\\/person\\\/18a0f8b4813ee9544e861e9777b27696\"},\"headline\":\"Apr\u00e8s-ski \u00e0 Baqueira Beret (Mise \u00e0 jour 2026)\",\"datePublished\":\"2026-02-05T12:14:50+00:00\",\"dateModified\":\"2026-02-05T12:31:15+00:00\",\"mainEntityOfPage\":{\"@id\":\"https:\\\/\\\/www.hoteltucblancbaqueira.com\\\/fr\\\/apres-ski-a-baqueira-beret-2025\\\/\"},\"wordCount\":472,\"publisher\":{\"@id\":\"https:\\\/\\\/www.hoteltucblancbaqueira.com\\\/fr\\\/#organization\"},\"image\":{\"@id\":\"https:\\\/\\\/www.hoteltucblancbaqueira.com\\\/fr\\\/apres-ski-a-baqueira-beret-2025\\\/#primaryimage\"},\"thumbnailUrl\":\"https:\\\/\\\/www.hoteltucblancbaqueira.com\\\/wp-content\\\/uploads\\\/2025\\\/01\\\/apres-ski-baqueira-scaled.webp\",\"keywords\":[\"apres ski baqueira\"],\"articleSection\":[\"L'hiver\"],\"inLanguage\":\"fr-FR\"},{\"@type\":\"WebPage\",\"@id\":\"https:\\\/\\\/www.hoteltucblancbaqueira.com\\\/fr\\\/apres-ski-a-baqueira-beret-2025\\\/\",\"url\":\"https:\\\/\\\/www.hoteltucblancbaqueira.com\\\/fr\\\/apres-ski-a-baqueira-beret-2025\\\/\",\"name\":\"Apr\u00e8s-ski \u00e0 Baqueira Beret (Mise \u00e0 jour 2026) | Hotel Tuc Blanc Baqueira\",\"isPartOf\":{\"@id\":\"https:\\\/\\\/www.hoteltucblancbaqueira.com\\\/fr\\\/#website\"},\"primaryImageOfPage\":{\"@id\":\"https:\\\/\\\/www.hoteltucblancbaqueira.com\\\/fr\\\/apres-ski-a-baqueira-beret-2025\\\/#primaryimage\"},\"image\":{\"@id\":\"https:\\\/\\\/www.hoteltucblancbaqueira.com\\\/fr\\\/apres-ski-a-baqueira-beret-2025\\\/#primaryimage\"},\"thumbnailUrl\":\"https:\\\/\\\/www.hoteltucblancbaqueira.com\\\/wp-content\\\/uploads\\\/2025\\\/01\\\/apres-ski-baqueira-scaled.webp\",\"datePublished\":\"2026-02-05T12:14:50+00:00\",\"dateModified\":\"2026-02-05T12:31:15+00:00\",\"description\":\"D\u00e9couvrez les meilleurs endroits pour profiter de l\u2019apr\u00e8s-ski \u00e0 Baqueira Beret. D\u00e9tendez-vous apr\u00e8s le ski autour d\u2019un verre et d\u2019un peu de musique !\",\"breadcrumb\":{\"@id\":\"https:\\\/\\\/www.hoteltucblancbaqueira.com\\\/fr\\\/apres-ski-a-baqueira-beret-2025\\\/#breadcrumb\"},\"inLanguage\":\"fr-FR\",\"potentialAction\":[{\"@type\":\"ReadAction\",\"target\":[\"https:\\\/\\\/www.hoteltucblancbaqueira.com\\\/fr\\\/apres-ski-a-baqueira-beret-2025\\\/\"]}]},{\"@type\":\"ImageObject\",\"inLanguage\":\"fr-FR\",\"@id\":\"https:\\\/\\\/www.hoteltucblancbaqueira.com\\\/fr\\\/apres-ski-a-baqueira-beret-2025\\\/#primaryimage\",\"url\":\"https:\\\/\\\/www.hoteltucblancbaqueira.com\\\/wp-content\\\/uploads\\\/2025\\\/01\\\/apres-ski-baqueira-scaled.webp\",\"contentUrl\":\"https:\\\/\\\/www.hoteltucblancbaqueira.com\\\/wp-content\\\/uploads\\\/2025\\\/01\\\/apres-ski-baqueira-scaled.webp\",\"width\":2560,\"height\":1707,\"caption\":\"apres ski baqueira\"},{\"@type\":\"BreadcrumbList\",\"@id\":\"https:\\\/\\\/www.hoteltucblancbaqueira.com\\\/fr\\\/apres-ski-a-baqueira-beret-2025\\\/#breadcrumb\",\"itemListElement\":[{\"@type\":\"ListItem\",\"position\":1,\"name\":\"Portada\",\"item\":\"https:\\\/\\\/www.hoteltucblancbaqueira.com\\\/fr\\\/home\\\/\"},{\"@type\":\"ListItem\",\"position\":2,\"name\":\"Apr\u00e8s-ski \u00e0 Baqueira Beret (Mise \u00e0 jour 2026)\"}]},{\"@type\":\"WebSite\",\"@id\":\"https:\\\/\\\/www.hoteltucblancbaqueira.com\\\/fr\\\/#website\",\"url\":\"https:\\\/\\\/www.hoteltucblancbaqueira.com\\\/fr\\\/\",\"name\":\"Hotel Tuc Blanc Baqueira\",\"description\":\"Hotel en Baqueira a pie de pistas\",\"publisher\":{\"@id\":\"https:\\\/\\\/www.hoteltucblancbaqueira.com\\\/fr\\\/#organization\"},\"potentialAction\":[{\"@type\":\"SearchAction\",\"target\":{\"@type\":\"EntryPoint\",\"urlTemplate\":\"https:\\\/\\\/www.hoteltucblancbaqueira.com\\\/fr\\\/?s={search_term_string}\"},\"query-input\":{\"@type\":\"PropertyValueSpecification\",\"valueRequired\":true,\"valueName\":\"search_term_string\"}}],\"inLanguage\":\"fr-FR\"},{\"@type\":\"Organization\",\"@id\":\"https:\\\/\\\/www.hoteltucblancbaqueira.com\\\/fr\\\/#organization\",\"name\":\"Hotel Tuc Blanc Baqueira\",\"url\":\"https:\\\/\\\/www.hoteltucblancbaqueira.com\\\/fr\\\/\",\"logo\":{\"@type\":\"ImageObject\",\"inLanguage\":\"fr-FR\",\"@id\":\"https:\\\/\\\/www.hoteltucblancbaqueira.com\\\/fr\\\/#\\\/schema\\\/logo\\\/image\\\/\",\"url\":\"https:\\\/\\\/www.hoteltucblancbaqueira.com\\\/wp-content\\\/uploads\\\/2025\\\/05\\\/logo_header.svg\",\"contentUrl\":\"https:\\\/\\\/www.hoteltucblancbaqueira.com\\\/wp-content\\\/uploads\\\/2025\\\/05\\\/logo_header.svg\",\"width\":398,\"height\":101,\"caption\":\"Hotel Tuc Blanc Baqueira\"},\"image\":{\"@id\":\"https:\\\/\\\/www.hoteltucblancbaqueira.com\\\/fr\\\/#\\\/schema\\\/logo\\\/image\\\/\"}},{\"@type\":\"Person\",\"@id\":\"https:\\\/\\\/www.hoteltucblancbaqueira.com\\\/fr\\\/#\\\/schema\\\/person\\\/18a0f8b4813ee9544e861e9777b27696\",\"name\":\"alojapro_mkt\"}]}<\/script>\n<!-- \/ Yoast SEO plugin. -->","yoast_head_json":{"title":"Apr\u00e8s-ski \u00e0 Baqueira Beret (Mise \u00e0 jour 2026) | Hotel Tuc Blanc Baqueira","description":"D\u00e9couvrez les meilleurs endroits pour profiter de l\u2019apr\u00e8s-ski \u00e0 Baqueira Beret. D\u00e9tendez-vous apr\u00e8s le ski autour d\u2019un verre et d\u2019un peu de musique !","robots":{"index":"index","follow":"follow","max-snippet":"max-snippet:-1","max-image-preview":"max-image-preview:large","max-video-preview":"max-video-preview:-1"},"canonical":"https:\/\/www.hoteltucblancbaqueira.com\/fr\/apres-ski-a-baqueira-beret-2025\/","og_locale":"fr_FR","og_type":"article","og_title":"Apr\u00e8s-ski \u00e0 Baqueira Beret (Mise \u00e0 jour 2026) | Hotel Tuc Blanc Baqueira","og_description":"D\u00e9couvrez les meilleurs endroits pour profiter de l\u2019apr\u00e8s-ski \u00e0 Baqueira Beret. D\u00e9tendez-vous apr\u00e8s le ski autour d\u2019un verre et d\u2019un peu de musique !","og_url":"https:\/\/www.hoteltucblancbaqueira.com\/fr\/apres-ski-a-baqueira-beret-2025\/","og_site_name":"Hotel Tuc Blanc Baqueira","article_published_time":"2026-02-05T12:14:50+00:00","article_modified_time":"2026-02-05T12:31:15+00:00","og_image":[{"width":2560,"height":1707,"url":"https:\/\/www.hoteltucblancbaqueira.com\/wp-content\/uploads\/2025\/01\/apres-ski-baqueira-scaled.webp","type":"image\/webp"}],"author":"alojapro_mkt","twitter_card":"summary_large_image","twitter_misc":{"\u00c9crit par":"alojapro_mkt","Dur\u00e9e de lecture estim\u00e9e":"2 minutes"},"schema":{"@context":"https:\/\/schema.org","@graph":[{"@type":"Article","@id":"https:\/\/www.hoteltucblancbaqueira.com\/fr\/apres-ski-a-baqueira-beret-2025\/#article","isPartOf":{"@id":"https:\/\/www.hoteltucblancbaqueira.com\/fr\/apres-ski-a-baqueira-beret-2025\/"},"author":{"name":"alojapro_mkt","@id":"https:\/\/www.hoteltucblancbaqueira.com\/fr\/#\/schema\/person\/18a0f8b4813ee9544e861e9777b27696"},"headline":"Apr\u00e8s-ski \u00e0 Baqueira Beret (Mise \u00e0 jour 2026)","datePublished":"2026-02-05T12:14:50+00:00","dateModified":"2026-02-05T12:31:15+00:00","mainEntityOfPage":{"@id":"https:\/\/www.hoteltucblancbaqueira.com\/fr\/apres-ski-a-baqueira-beret-2025\/"},"wordCount":472,"publisher":{"@id":"https:\/\/www.hoteltucblancbaqueira.com\/fr\/#organization"},"image":{"@id":"https:\/\/www.hoteltucblancbaqueira.com\/fr\/apres-ski-a-baqueira-beret-2025\/#primaryimage"},"thumbnailUrl":"https:\/\/www.hoteltucblancbaqueira.com\/wp-content\/uploads\/2025\/01\/apres-ski-baqueira-scaled.webp","keywords":["apres ski baqueira"],"articleSection":["L'hiver"],"inLanguage":"fr-FR"},{"@type":"WebPage","@id":"https:\/\/www.hoteltucblancbaqueira.com\/fr\/apres-ski-a-baqueira-beret-2025\/","url":"https:\/\/www.hoteltucblancbaqueira.com\/fr\/apres-ski-a-baqueira-beret-2025\/","name":"Apr\u00e8s-ski \u00e0 Baqueira Beret (Mise \u00e0 jour 2026) | Hotel Tuc Blanc Baqueira","isPartOf":{"@id":"https:\/\/www.hoteltucblancbaqueira.com\/fr\/#website"},"primaryImageOfPage":{"@id":"https:\/\/www.hoteltucblancbaqueira.com\/fr\/apres-ski-a-baqueira-beret-2025\/#primaryimage"},"image":{"@id":"https:\/\/www.hoteltucblancbaqueira.com\/fr\/apres-ski-a-baqueira-beret-2025\/#primaryimage"},"thumbnailUrl":"https:\/\/www.hoteltucblancbaqueira.com\/wp-content\/uploads\/2025\/01\/apres-ski-baqueira-scaled.webp","datePublished":"2026-02-05T12:14:50+00:00","dateModified":"2026-02-05T12:31:15+00:00","description":"D\u00e9couvrez les meilleurs endroits pour profiter de l\u2019apr\u00e8s-ski \u00e0 Baqueira Beret. D\u00e9tendez-vous apr\u00e8s le ski autour d\u2019un verre et d\u2019un peu de musique !","breadcrumb":{"@id":"https:\/\/www.hoteltucblancbaqueira.com\/fr\/apres-ski-a-baqueira-beret-2025\/#breadcrumb"},"inLanguage":"fr-FR","potentialAction":[{"@type":"ReadAction","target":["https:\/\/www.hoteltucblancbaqueira.com\/fr\/apres-ski-a-baqueira-beret-2025\/"]}]},{"@type":"ImageObject","inLanguage":"fr-FR","@id":"https:\/\/www.hoteltucblancbaqueira.com\/fr\/apres-ski-a-baqueira-beret-2025\/#primaryimage","url":"https:\/\/www.hoteltucblancbaqueira.com\/wp-content\/uploads\/2025\/01\/apres-ski-baqueira-scaled.webp","contentUrl":"https:\/\/www.hoteltucblancbaqueira.com\/wp-content\/uploads\/2025\/01\/apres-ski-baqueira-scaled.webp","width":2560,"height":1707,"caption":"apres ski baqueira"},{"@type":"BreadcrumbList","@id":"https:\/\/www.hoteltucblancbaqueira.com\/fr\/apres-ski-a-baqueira-beret-2025\/#breadcrumb","itemListElement":[{"@type":"ListItem","position":1,"name":"Portada","item":"https:\/\/www.hoteltucblancbaqueira.com\/fr\/home\/"},{"@type":"ListItem","position":2,"name":"Apr\u00e8s-ski \u00e0 Baqueira Beret (Mise \u00e0 jour 2026)"}]},{"@type":"WebSite","@id":"https:\/\/www.hoteltucblancbaqueira.com\/fr\/#website","url":"https:\/\/www.hoteltucblancbaqueira.com\/fr\/","name":"Hotel Tuc Blanc Baqueira","description":"Hotel en Baqueira a pie de pistas","publisher":{"@id":"https:\/\/www.hoteltucblancbaqueira.com\/fr\/#organization"},"potentialAction":[{"@type":"SearchAction","target":{"@type":"EntryPoint","urlTemplate":"https:\/\/www.hoteltucblancbaqueira.com\/fr\/?s={search_term_string}"},"query-input":{"@type":"PropertyValueSpecification","valueRequired":true,"valueName":"search_term_string"}}],"inLanguage":"fr-FR"},{"@type":"Organization","@id":"https:\/\/www.hoteltucblancbaqueira.com\/fr\/#organization","name":"Hotel Tuc Blanc Baqueira","url":"https:\/\/www.hoteltucblancbaqueira.com\/fr\/","logo":{"@type":"ImageObject","inLanguage":"fr-FR","@id":"https:\/\/www.hoteltucblancbaqueira.com\/fr\/#\/schema\/logo\/image\/","url":"https:\/\/www.hoteltucblancbaqueira.com\/wp-content\/uploads\/2025\/05\/logo_header.svg","contentUrl":"https:\/\/www.hoteltucblancbaqueira.com\/wp-content\/uploads\/2025\/05\/logo_header.svg","width":398,"height":101,"caption":"Hotel Tuc Blanc Baqueira"},"image":{"@id":"https:\/\/www.hoteltucblancbaqueira.com\/fr\/#\/schema\/logo\/image\/"}},{"@type":"Person","@id":"https:\/\/www.hoteltucblancbaqueira.com\/fr\/#\/schema\/person\/18a0f8b4813ee9544e861e9777b27696","name":"alojapro_mkt"}]}},"loftoceanMetas":{"authorName":"alojapro_mkt","categories":[{"name":"L'hiver","link":"https:\/\/www.hoteltucblancbaqueira.com\/fr\/category\/lhiver\/","count":16}],"date":"5 de f\u00e9vrier de 2026","featuredImageSRC":"https:\/\/www.hoteltucblancbaqueira.com\/wp-content\/uploads\/2025\/01\/apres-ski-baqueira-150x150.webp"},"_links":{"self":[{"href":"https:\/\/www.hoteltucblancbaqueira.com\/fr\/wp-json\/wp\/v2\/posts\/5875","targetHints":{"allow":["GET"]}}],"collection":[{"href":"https:\/\/www.hoteltucblancbaqueira.com\/fr\/wp-json\/wp\/v2\/posts"}],"about":[{"href":"https:\/\/www.hoteltucblancbaqueira.com\/fr\/wp-json\/wp\/v2\/types\/post"}],"author":[{"embeddable":true,"href":"https:\/\/www.hoteltucblancbaqueira.com\/fr\/wp-json\/wp\/v2\/users\/3"}],"replies":[{"embeddable":true,"href":"https:\/\/www.hoteltucblancbaqueira.com\/fr\/wp-json\/wp\/v2\/comments?post=5875"}],"version-history":[{"count":6,"href":"https:\/\/www.hoteltucblancbaqueira.com\/fr\/wp-json\/wp\/v2\/posts\/5875\/revisions"}],"predecessor-version":[{"id":7267,"href":"https:\/\/www.hoteltucblancbaqueira.com\/fr\/wp-json\/wp\/v2\/posts\/5875\/revisions\/7267"}],"wp:featuredmedia":[{"embeddable":true,"href":"https:\/\/www.hoteltucblancbaqueira.com\/fr\/wp-json\/wp\/v2\/media\/4503"}],"wp:attachment":[{"href":"https:\/\/www.hoteltucblancbaqueira.com\/fr\/wp-json\/wp\/v2\/media?parent=5875"}],"wp:term":[{"taxonomy":"category","embeddable":true,"href":"https:\/\/www.hoteltucblancbaqueira.com\/fr\/wp-json\/wp\/v2\/categories?post=5875"},{"taxonomy":"post_tag","embeddable":true,"href":"https:\/\/www.hoteltucblancbaqueira.com\/fr\/wp-json\/wp\/v2\/tags?post=5875"}],"curies":[{"name":"wp","href":"https:\/\/api.w.org\/{rel}","templated":true}]}}