{"id":6006,"date":"2025-07-21T15:10:55","date_gmt":"2025-07-21T13:10:55","guid":{"rendered":"https:\/\/www.hoteltucblancbaqueira.com\/reveillon-du-nouvel-an-2025-a-baqueira-que-faire\/"},"modified":"2025-11-27T10:40:27","modified_gmt":"2025-11-27T09:40:27","slug":"reveillon-du-nouvel-an-2025-a-baqueira-que-faire","status":"publish","type":"post","link":"https:\/\/www.hoteltucblancbaqueira.com\/fr\/reveillon-du-nouvel-an-2025-a-baqueira-que-faire\/","title":{"rendered":"R\u00e9veillon du Nouvel An 2025 \u00e0 Baqueira : Que faire"},"content":{"rendered":"\n<p><span style=\"font-weight: 400;\">La fin de l\u2019ann\u00e9e approche, et quoi de mieux que de la c\u00e9l\u00e9brer dans un cadre f\u00e9erique et enneig\u00e9 ? Baqueira, avec ses paysages spectaculaires et ses pistes de ski renomm\u00e9es, est la destination id\u00e9ale pour accueillir 2026. Vivez le R\u00e9veillon 2025 \u00e0 Baqueira, une exp\u00e9rience inoubliable au c\u0153ur des Pyr\u00e9n\u00e9es.  <\/span><\/p>\n\n<p><span style=\"font-weight: 400;\">Voici les \u00e9v\u00e9nements et activit\u00e9s organis\u00e9s \u00e0 Baqueira pour le Nouvel An, \u00e0 vivre en couple, en famille ou entre amis.<\/span><\/p>\n\n<h2 class=\"wp-block-heading\"><b>\u00c9v\u00e9nements Nouvel An \u00e0 Baqueira 2025<\/b><\/h2>\n\n<h3 class=\"wp-block-heading\"><b>Descente aux flambeaux<\/b><\/h3>\n\n<p><span style=\"font-weight: 400;\">Un moment magique avec plus de 300 participants descendant des pistes de 1 800 \u00e0 1 500 m\u00e8tres \u00e0 la lumi\u00e8re des torches. Le d\u00e9part a lieu au t\u00e9l\u00e9si\u00e8ge du Bosque.  <\/span><\/p>\n\n<p><span style=\"font-weight: 400;\">Inscription obligatoire sur le <a href=\"https:\/\/www.baqueira.es\/\">site officiel de Baqueira<\/a>. L\u2019\u00e9v\u00e9nement commence vers 19h30.   <\/span><\/p>\n\n<figure class=\"wp-block-image size-large is-resized\"><img fetchpriority=\"high\" decoding=\"async\" width=\"1024\" height=\"576\" src=\"https:\/\/www.hoteltucblancbaqueira.com\/wp-content\/uploads\/2024\/10\/bajada-antorchas-baqueira-1024x576.webp\" alt=\"Descente aux flambeaux baqueira\" class=\"wp-image-4622\" style=\"width:451px;height:auto\" srcset=\"https:\/\/www.hoteltucblancbaqueira.com\/wp-content\/uploads\/2024\/10\/bajada-antorchas-baqueira-1024x576.webp 1024w, https:\/\/www.hoteltucblancbaqueira.com\/wp-content\/uploads\/2024\/10\/bajada-antorchas-baqueira-300x169.webp 300w, https:\/\/www.hoteltucblancbaqueira.com\/wp-content\/uploads\/2024\/10\/bajada-antorchas-baqueira-768x432.webp 768w, https:\/\/www.hoteltucblancbaqueira.com\/wp-content\/uploads\/2024\/10\/bajada-antorchas-baqueira-1200x675.webp 1200w, https:\/\/www.hoteltucblancbaqueira.com\/wp-content\/uploads\/2024\/10\/bajada-antorchas-baqueira-780x439.webp 780w, https:\/\/www.hoteltucblancbaqueira.com\/wp-content\/uploads\/2024\/10\/bajada-antorchas-baqueira-600x338.webp 600w, https:\/\/www.hoteltucblancbaqueira.com\/wp-content\/uploads\/2024\/10\/bajada-antorchas-baqueira-550x309.webp 550w, https:\/\/www.hoteltucblancbaqueira.com\/wp-content\/uploads\/2024\/10\/bajada-antorchas-baqueira-370x208.webp 370w, https:\/\/www.hoteltucblancbaqueira.com\/wp-content\/uploads\/2024\/10\/bajada-antorchas-baqueira-255x143.webp 255w, https:\/\/www.hoteltucblancbaqueira.com\/wp-content\/uploads\/2024\/10\/bajada-antorchas-baqueira.webp 1280w\" sizes=\"(max-width: 1024px) 100vw, 1024px\" \/><\/figure>\n\n<h3 class=\"wp-block-heading\"><b>Feu d\u2019artifice \u00e0 Baqueira<\/b><\/h3>\n\n<p><span style=\"font-weight: 400;\">\u00c0 l\u2019arriv\u00e9e \u00e0 la cota 1.500, un magnifique feu d\u2019artifice est lanc\u00e9. Il est parfaitement visible depuis la terrasse de l\u2019H\u00f4tel Tuc Blanc, au pied des pistes.  <\/span><\/p>\n\n<figure class=\"wp-block-image size-large is-resized\"><img decoding=\"async\" width=\"1024\" height=\"683\" src=\"https:\/\/www.hoteltucblancbaqueira.com\/wp-content\/uploads\/2024\/10\/fuegos-artificiales-baqueira-1024x683.webp\" alt=\"Feu d&#x2019;artifice Baqueira\" class=\"wp-image-4627\" style=\"width:459px;height:auto\" srcset=\"https:\/\/www.hoteltucblancbaqueira.com\/wp-content\/uploads\/2024\/10\/fuegos-artificiales-baqueira-1024x683.webp 1024w, https:\/\/www.hoteltucblancbaqueira.com\/wp-content\/uploads\/2024\/10\/fuegos-artificiales-baqueira-300x200.webp 300w, https:\/\/www.hoteltucblancbaqueira.com\/wp-content\/uploads\/2024\/10\/fuegos-artificiales-baqueira-768x512.webp 768w, https:\/\/www.hoteltucblancbaqueira.com\/wp-content\/uploads\/2024\/10\/fuegos-artificiales-baqueira-1440x960.webp 1440w, https:\/\/www.hoteltucblancbaqueira.com\/wp-content\/uploads\/2024\/10\/fuegos-artificiales-baqueira-1200x800.webp 1200w, https:\/\/www.hoteltucblancbaqueira.com\/wp-content\/uploads\/2024\/10\/fuegos-artificiales-baqueira-780x520.webp 780w, https:\/\/www.hoteltucblancbaqueira.com\/wp-content\/uploads\/2024\/10\/fuegos-artificiales-baqueira-600x400.webp 600w, https:\/\/www.hoteltucblancbaqueira.com\/wp-content\/uploads\/2024\/10\/fuegos-artificiales-baqueira-550x367.webp 550w, https:\/\/www.hoteltucblancbaqueira.com\/wp-content\/uploads\/2024\/10\/fuegos-artificiales-baqueira-370x247.webp 370w, https:\/\/www.hoteltucblancbaqueira.com\/wp-content\/uploads\/2024\/10\/fuegos-artificiales-baqueira-255x170.webp 255w, https:\/\/www.hoteltucblancbaqueira.com\/wp-content\/uploads\/2024\/10\/fuegos-artificiales-baqueira.webp 1500w\" sizes=\"(max-width: 1024px) 100vw, 1024px\" \/><\/figure>\n\n<h3 class=\"wp-block-heading\"><b>Vin cau<\/b><\/h3>\n\n<p><span style=\"font-weight: 400;\">Pendant le spectacle, d\u00e9gustez un Vin Cau, vin chaud traditionnel de la vall\u00e9e d\u2019Aran, parfum\u00e9 \u00e0 la cannelle, muscade, clou de girofle et zeste d\u2019orange. Parfait pour se r\u00e9chauffer dans l\u2019ambiance festive.   <\/span><\/p>\n\n<figure class=\"wp-block-image size-large is-resized\"><img decoding=\"async\" width=\"1024\" height=\"618\" src=\"https:\/\/www.hoteltucblancbaqueira.com\/wp-content\/uploads\/2024\/10\/vin-cau-baqueira-1024x618.webp\" alt=\"vin cau baqueira\" class=\"wp-image-4633\" style=\"width:459px;height:auto\" srcset=\"https:\/\/www.hoteltucblancbaqueira.com\/wp-content\/uploads\/2024\/10\/vin-cau-baqueira-1024x618.webp 1024w, https:\/\/www.hoteltucblancbaqueira.com\/wp-content\/uploads\/2024\/10\/vin-cau-baqueira-300x181.webp 300w, https:\/\/www.hoteltucblancbaqueira.com\/wp-content\/uploads\/2024\/10\/vin-cau-baqueira-768x463.webp 768w, https:\/\/www.hoteltucblancbaqueira.com\/wp-content\/uploads\/2024\/10\/vin-cau-baqueira-1536x926.webp 1536w, https:\/\/www.hoteltucblancbaqueira.com\/wp-content\/uploads\/2024\/10\/vin-cau-baqueira-2048x1235.webp 2048w, https:\/\/www.hoteltucblancbaqueira.com\/wp-content\/uploads\/2024\/10\/vin-cau-baqueira-1920x1158.webp 1920w, https:\/\/www.hoteltucblancbaqueira.com\/wp-content\/uploads\/2024\/10\/vin-cau-baqueira-1440x868.webp 1440w, https:\/\/www.hoteltucblancbaqueira.com\/wp-content\/uploads\/2024\/10\/vin-cau-baqueira-1200x724.webp 1200w, https:\/\/www.hoteltucblancbaqueira.com\/wp-content\/uploads\/2024\/10\/vin-cau-baqueira-780x470.webp 780w, https:\/\/www.hoteltucblancbaqueira.com\/wp-content\/uploads\/2024\/10\/vin-cau-baqueira-600x362.webp 600w, https:\/\/www.hoteltucblancbaqueira.com\/wp-content\/uploads\/2024\/10\/vin-cau-baqueira-550x332.webp 550w, https:\/\/www.hoteltucblancbaqueira.com\/wp-content\/uploads\/2024\/10\/vin-cau-baqueira-370x223.webp 370w, https:\/\/www.hoteltucblancbaqueira.com\/wp-content\/uploads\/2024\/10\/vin-cau-baqueira-255x154.webp 255w\" sizes=\"(max-width: 1024px) 100vw, 1024px\" \/><\/figure>\n\n<h3 class=\"wp-block-heading\"><b>Soir\u00e9e du Nouvel An \u00e0 Baqueira<\/b><\/h3>\n\n<p><span style=\"font-weight: 400;\">Le soir venu, les bars et pubs de Baqueira ouvrent leurs portes pour que la nuit se termine en beaut\u00e9 : en dansant. Discoth\u00e8ques et terrasses au pied des pistes diffusent de la musique pour que les vacanciers puissent profiter pleinement de la derni\u00e8re nuit de 2025. <\/span><\/p>\n\n<figure class=\"wp-block-image size-large is-resized\"><img loading=\"lazy\" decoding=\"async\" width=\"1024\" height=\"682\" src=\"https:\/\/www.hoteltucblancbaqueira.com\/wp-content\/uploads\/2024\/10\/fiesta-baqueira-1024x682.webp\" alt=\"Soir&#xE9;e du Nouvel An Baqueira\" class=\"wp-image-4637\" style=\"width:461px;height:auto\" srcset=\"https:\/\/www.hoteltucblancbaqueira.com\/wp-content\/uploads\/2024\/10\/fiesta-baqueira-1024x682.webp 1024w, https:\/\/www.hoteltucblancbaqueira.com\/wp-content\/uploads\/2024\/10\/fiesta-baqueira-300x200.webp 300w, https:\/\/www.hoteltucblancbaqueira.com\/wp-content\/uploads\/2024\/10\/fiesta-baqueira-768x512.webp 768w, https:\/\/www.hoteltucblancbaqueira.com\/wp-content\/uploads\/2024\/10\/fiesta-baqueira-1440x960.webp 1440w, https:\/\/www.hoteltucblancbaqueira.com\/wp-content\/uploads\/2024\/10\/fiesta-baqueira-1200x800.webp 1200w, https:\/\/www.hoteltucblancbaqueira.com\/wp-content\/uploads\/2024\/10\/fiesta-baqueira-780x520.webp 780w, https:\/\/www.hoteltucblancbaqueira.com\/wp-content\/uploads\/2024\/10\/fiesta-baqueira-600x400.webp 600w, https:\/\/www.hoteltucblancbaqueira.com\/wp-content\/uploads\/2024\/10\/fiesta-baqueira-550x367.webp 550w, https:\/\/www.hoteltucblancbaqueira.com\/wp-content\/uploads\/2024\/10\/fiesta-baqueira-370x247.webp 370w, https:\/\/www.hoteltucblancbaqueira.com\/wp-content\/uploads\/2024\/10\/fiesta-baqueira-255x170.webp 255w, https:\/\/www.hoteltucblancbaqueira.com\/wp-content\/uploads\/2024\/10\/fiesta-baqueira.webp 1487w\" sizes=\"(max-width: 1024px) 100vw, 1024px\" \/><\/figure>\n\n<h3 class=\"wp-block-heading\"><b>H\u00e9bergement Nouvel An \u00e0 Baqueira<\/b><\/h3>\n\n<p><span style=\"font-weight: 400;\">Pour profiter du r\u00e9veillon du Nouvel An 2025 \u00e0 Baqueira Beret, notre <a href=\"https:\/\/hoteltucblancbaqueira.com\/fr\/\">h\u00f4tel \u00e0 Baqueira <\/a>est la meilleure option. Profitez de notre h\u00f4tel skis aux pieds, o\u00f9 vous pourrez savourer un d\u00eener exceptionnel et les meilleurs cocktails de la r\u00e9gion. L&rsquo;h\u00f4tel propose \u00e9galement une large gamme de services, dont un spa, une cuisine vari\u00e9e et des massages prodigu\u00e9s par des experts. <strong>R\u00e9servez votre s\u00e9jour dans<\/strong> <strong><a href=\"https:\/\/hoteltucblancbaqueira.com\/fr\/\">notre h\u00f4tel \u00e0 Baqueira.<\/a><\/strong> <\/span><\/p>\n\n<figure class=\"wp-block-image size-large is-resized\"><img loading=\"lazy\" decoding=\"async\" width=\"1024\" height=\"1024\" src=\"https:\/\/www.hoteltucblancbaqueira.com\/wp-content\/uploads\/2024\/10\/alojamiento-baqueira-fin-ano-1024x1024.webp\" alt=\"R&#xE9;veillon du Nouvel An Baqueira\" class=\"wp-image-4618\" style=\"width:457px;height:auto\" srcset=\"https:\/\/www.hoteltucblancbaqueira.com\/wp-content\/uploads\/2024\/10\/alojamiento-baqueira-fin-ano-1024x1024.webp 1024w, https:\/\/www.hoteltucblancbaqueira.com\/wp-content\/uploads\/2024\/10\/alojamiento-baqueira-fin-ano-300x300.webp 300w, https:\/\/www.hoteltucblancbaqueira.com\/wp-content\/uploads\/2024\/10\/alojamiento-baqueira-fin-ano-150x150.webp 150w, https:\/\/www.hoteltucblancbaqueira.com\/wp-content\/uploads\/2024\/10\/alojamiento-baqueira-fin-ano-768x768.webp 768w, https:\/\/www.hoteltucblancbaqueira.com\/wp-content\/uploads\/2024\/10\/alojamiento-baqueira-fin-ano-1200x1200.webp 1200w, https:\/\/www.hoteltucblancbaqueira.com\/wp-content\/uploads\/2024\/10\/alojamiento-baqueira-fin-ano-780x780.webp 780w, https:\/\/www.hoteltucblancbaqueira.com\/wp-content\/uploads\/2024\/10\/alojamiento-baqueira-fin-ano-600x600.webp 600w, https:\/\/www.hoteltucblancbaqueira.com\/wp-content\/uploads\/2024\/10\/alojamiento-baqueira-fin-ano-550x550.webp 550w, https:\/\/www.hoteltucblancbaqueira.com\/wp-content\/uploads\/2024\/10\/alojamiento-baqueira-fin-ano-370x370.webp 370w, https:\/\/www.hoteltucblancbaqueira.com\/wp-content\/uploads\/2024\/10\/alojamiento-baqueira-fin-ano-255x255.webp 255w, https:\/\/www.hoteltucblancbaqueira.com\/wp-content\/uploads\/2024\/10\/alojamiento-baqueira-fin-ano.webp 1440w\" sizes=\"(max-width: 1024px) 100vw, 1024px\" \/><\/figure>\n","protected":false},"excerpt":{"rendered":"<p>La fin de l\u2019ann\u00e9e approche, et quoi de mieux que de la c\u00e9l\u00e9brer dans un cadre f\u00e9erique et enneig\u00e9 ? Baqueira, avec ses paysages spectaculaires et ses pistes de ski renomm\u00e9es, est la destination id\u00e9ale pour accueillir 2026. Vivez le R\u00e9veillon 2025 \u00e0 Baqueira, une exp\u00e9rience inoubliable au c\u0153ur des Pyr\u00e9n\u00e9es. Voici les \u00e9v\u00e9nements et &#8230;<\/p>\n","protected":false},"author":3,"featured_media":4640,"comment_status":"closed","ping_status":"closed","sticky":false,"template":"","format":"standard","meta":{"loftocean_post_format_gallery":"","loftocean_post_format_gallery_ids":"","loftocean_post_format_gallery_urls":"","loftocean_post_format_video_id":0,"loftocean_post_format_video_url":"","loftocean_post_format_video_type":"","loftocean_post_format_video":"","loftocean_post_format_audio_type":"","loftocean_post_format_audio_url":"","loftocean_post_format_audio_id":0,"loftocean_post_format_audio":"","loftocean-like-count":0,"cozystay_single_post_hide_site_header":"","cozystay_single_post_site_header_source":"","cozystay_single_post_custom_site_header":"0","cozystay_single_post_custom_sticky_site_header":"0","cozystay_single_post_hide_page_title":"","cozystay_single_post_site_footer_hide_main":"","cozystay_single_custom_site_footer_main_source":"","cozystay_single_custom_site_footer_main":"0","cozystay_single_post_site_footer_hide_above":"","cozystay_single_custom_site_footer_above_source":"","cozystay_single_custom_site_footer_above":"0","cozystay_single_post_site_footer_hide_instagram":"","cozystay_single_post_site_footer_hide_bottom":"","cozystay_single_custom_mobile_menu_source":"","cozystay_single_custom_mobile_menu":"0","cozystay_single_custom_mobile_menu_animation":"","cozystay_single_custom_mobile_menu_width":"","cozystay_single_custom_mobile_menu_custom_width":375,"cozystay_single_post_template":"","footnotes":""},"categories":[135],"tags":[208,209,210,211,212],"class_list":["post-6006","post","type-post","status-publish","format-standard","has-post-thumbnail","hentry","category-lhiver","tag-descente-aux-flambeaux-baqueira","tag-nouvel-an-baqueira","tag-nouvel-an-baqueira-beret","tag-reveillon-du-nouvel-an-baqueira","tag-vin-cau-baqueira-fr"],"yoast_head":"<!-- This site is optimized with the Yoast SEO plugin v27.4 - https:\/\/yoast.com\/product\/yoast-seo-wordpress\/ -->\n<title>R\u00e9veillon du Nouvel An 2025 \u00e0 Baqueira : Que faire | Hotel Tuc Blanc Baqueira<\/title>\n<meta name=\"description\" content=\"C\u00e9l\u00e9brez le Nouvel An \u00e0 Baqueira ! D\u00e9couvrez les activit\u00e9s propos\u00e9es pour le r\u00e9veillon du Nouvel An \u00e0 Baqueira Beret : descente aux flambeaux, feu d&#039;artifice\u2026\" \/>\n<meta name=\"robots\" content=\"index, follow, max-snippet:-1, max-image-preview:large, max-video-preview:-1\" \/>\n<link rel=\"canonical\" href=\"https:\/\/www.hoteltucblancbaqueira.com\/fr\/reveillon-du-nouvel-an-2025-a-baqueira-que-faire\/\" \/>\n<meta property=\"og:locale\" content=\"fr_FR\" \/>\n<meta property=\"og:type\" content=\"article\" \/>\n<meta property=\"og:title\" content=\"R\u00e9veillon du Nouvel An 2025 \u00e0 Baqueira : Que faire | Hotel Tuc Blanc Baqueira\" \/>\n<meta property=\"og:description\" content=\"C\u00e9l\u00e9brez le Nouvel An \u00e0 Baqueira ! D\u00e9couvrez les activit\u00e9s propos\u00e9es pour le r\u00e9veillon du Nouvel An \u00e0 Baqueira Beret : descente aux flambeaux, feu d&#039;artifice\u2026\" \/>\n<meta property=\"og:url\" content=\"https:\/\/www.hoteltucblancbaqueira.com\/fr\/reveillon-du-nouvel-an-2025-a-baqueira-que-faire\/\" \/>\n<meta property=\"og:site_name\" content=\"Hotel Tuc Blanc Baqueira\" \/>\n<meta property=\"article:published_time\" content=\"2025-07-21T13:10:55+00:00\" \/>\n<meta property=\"article:modified_time\" content=\"2025-11-27T09:40:27+00:00\" \/>\n<meta property=\"og:image\" content=\"https:\/\/www.hoteltucblancbaqueira.com\/wp-content\/uploads\/2024\/10\/fiesta-baqueira.webp\" \/>\n\t<meta property=\"og:image:width\" content=\"1487\" \/>\n\t<meta property=\"og:image:height\" content=\"991\" \/>\n\t<meta property=\"og:image:type\" content=\"image\/webp\" \/>\n<meta name=\"author\" content=\"alojapro_mkt\" \/>\n<meta name=\"twitter:card\" content=\"summary_large_image\" \/>\n<meta name=\"twitter:label1\" content=\"\u00c9crit par\" \/>\n\t<meta name=\"twitter:data1\" content=\"alojapro_mkt\" \/>\n\t<meta name=\"twitter:label2\" content=\"Dur\u00e9e de lecture estim\u00e9e\" \/>\n\t<meta name=\"twitter:data2\" content=\"2 minutes\" \/>\n<script type=\"application\/ld+json\" class=\"yoast-schema-graph\">{\"@context\":\"https:\\\/\\\/schema.org\",\"@graph\":[{\"@type\":\"Article\",\"@id\":\"https:\\\/\\\/www.hoteltucblancbaqueira.com\\\/fr\\\/reveillon-du-nouvel-an-2025-a-baqueira-que-faire\\\/#article\",\"isPartOf\":{\"@id\":\"https:\\\/\\\/www.hoteltucblancbaqueira.com\\\/fr\\\/reveillon-du-nouvel-an-2025-a-baqueira-que-faire\\\/\"},\"author\":{\"name\":\"alojapro_mkt\",\"@id\":\"https:\\\/\\\/www.hoteltucblancbaqueira.com\\\/fr\\\/#\\\/schema\\\/person\\\/18a0f8b4813ee9544e861e9777b27696\"},\"headline\":\"R\u00e9veillon du Nouvel An 2025 \u00e0 Baqueira : Que faire\",\"datePublished\":\"2025-07-21T13:10:55+00:00\",\"dateModified\":\"2025-11-27T09:40:27+00:00\",\"mainEntityOfPage\":{\"@id\":\"https:\\\/\\\/www.hoteltucblancbaqueira.com\\\/fr\\\/reveillon-du-nouvel-an-2025-a-baqueira-que-faire\\\/\"},\"wordCount\":348,\"publisher\":{\"@id\":\"https:\\\/\\\/www.hoteltucblancbaqueira.com\\\/fr\\\/#organization\"},\"image\":{\"@id\":\"https:\\\/\\\/www.hoteltucblancbaqueira.com\\\/fr\\\/reveillon-du-nouvel-an-2025-a-baqueira-que-faire\\\/#primaryimage\"},\"thumbnailUrl\":\"https:\\\/\\\/www.hoteltucblancbaqueira.com\\\/wp-content\\\/uploads\\\/2024\\\/10\\\/fiesta-baqueira.webp\",\"keywords\":[\"Descente aux flambeaux baqueira\",\"Nouvel An baqueira\",\"Nouvel An baqueira beret\",\"R\u00e9veillon du Nouvel An baqueira\",\"vin cau baqueira\"],\"articleSection\":[\"L'hiver\"],\"inLanguage\":\"fr-FR\"},{\"@type\":\"WebPage\",\"@id\":\"https:\\\/\\\/www.hoteltucblancbaqueira.com\\\/fr\\\/reveillon-du-nouvel-an-2025-a-baqueira-que-faire\\\/\",\"url\":\"https:\\\/\\\/www.hoteltucblancbaqueira.com\\\/fr\\\/reveillon-du-nouvel-an-2025-a-baqueira-que-faire\\\/\",\"name\":\"R\u00e9veillon du Nouvel An 2025 \u00e0 Baqueira : Que faire | Hotel Tuc Blanc Baqueira\",\"isPartOf\":{\"@id\":\"https:\\\/\\\/www.hoteltucblancbaqueira.com\\\/fr\\\/#website\"},\"primaryImageOfPage\":{\"@id\":\"https:\\\/\\\/www.hoteltucblancbaqueira.com\\\/fr\\\/reveillon-du-nouvel-an-2025-a-baqueira-que-faire\\\/#primaryimage\"},\"image\":{\"@id\":\"https:\\\/\\\/www.hoteltucblancbaqueira.com\\\/fr\\\/reveillon-du-nouvel-an-2025-a-baqueira-que-faire\\\/#primaryimage\"},\"thumbnailUrl\":\"https:\\\/\\\/www.hoteltucblancbaqueira.com\\\/wp-content\\\/uploads\\\/2024\\\/10\\\/fiesta-baqueira.webp\",\"datePublished\":\"2025-07-21T13:10:55+00:00\",\"dateModified\":\"2025-11-27T09:40:27+00:00\",\"description\":\"C\u00e9l\u00e9brez le Nouvel An \u00e0 Baqueira ! D\u00e9couvrez les activit\u00e9s propos\u00e9es pour le r\u00e9veillon du Nouvel An \u00e0 Baqueira Beret : descente aux flambeaux, feu d'artifice\u2026\",\"breadcrumb\":{\"@id\":\"https:\\\/\\\/www.hoteltucblancbaqueira.com\\\/fr\\\/reveillon-du-nouvel-an-2025-a-baqueira-que-faire\\\/#breadcrumb\"},\"inLanguage\":\"fr-FR\",\"potentialAction\":[{\"@type\":\"ReadAction\",\"target\":[\"https:\\\/\\\/www.hoteltucblancbaqueira.com\\\/fr\\\/reveillon-du-nouvel-an-2025-a-baqueira-que-faire\\\/\"]}]},{\"@type\":\"ImageObject\",\"inLanguage\":\"fr-FR\",\"@id\":\"https:\\\/\\\/www.hoteltucblancbaqueira.com\\\/fr\\\/reveillon-du-nouvel-an-2025-a-baqueira-que-faire\\\/#primaryimage\",\"url\":\"https:\\\/\\\/www.hoteltucblancbaqueira.com\\\/wp-content\\\/uploads\\\/2024\\\/10\\\/fiesta-baqueira.webp\",\"contentUrl\":\"https:\\\/\\\/www.hoteltucblancbaqueira.com\\\/wp-content\\\/uploads\\\/2024\\\/10\\\/fiesta-baqueira.webp\",\"width\":1487,\"height\":991,\"caption\":\"fiesta fin de a\u00f1o baqueira\"},{\"@type\":\"BreadcrumbList\",\"@id\":\"https:\\\/\\\/www.hoteltucblancbaqueira.com\\\/fr\\\/reveillon-du-nouvel-an-2025-a-baqueira-que-faire\\\/#breadcrumb\",\"itemListElement\":[{\"@type\":\"ListItem\",\"position\":1,\"name\":\"Portada\",\"item\":\"https:\\\/\\\/www.hoteltucblancbaqueira.com\\\/fr\\\/home\\\/\"},{\"@type\":\"ListItem\",\"position\":2,\"name\":\"R\u00e9veillon du Nouvel An 2025 \u00e0 Baqueira : Que faire\"}]},{\"@type\":\"WebSite\",\"@id\":\"https:\\\/\\\/www.hoteltucblancbaqueira.com\\\/fr\\\/#website\",\"url\":\"https:\\\/\\\/www.hoteltucblancbaqueira.com\\\/fr\\\/\",\"name\":\"Hotel Tuc Blanc Baqueira\",\"description\":\"Hotel en Baqueira a pie de pistas\",\"publisher\":{\"@id\":\"https:\\\/\\\/www.hoteltucblancbaqueira.com\\\/fr\\\/#organization\"},\"potentialAction\":[{\"@type\":\"SearchAction\",\"target\":{\"@type\":\"EntryPoint\",\"urlTemplate\":\"https:\\\/\\\/www.hoteltucblancbaqueira.com\\\/fr\\\/?s={search_term_string}\"},\"query-input\":{\"@type\":\"PropertyValueSpecification\",\"valueRequired\":true,\"valueName\":\"search_term_string\"}}],\"inLanguage\":\"fr-FR\"},{\"@type\":\"Organization\",\"@id\":\"https:\\\/\\\/www.hoteltucblancbaqueira.com\\\/fr\\\/#organization\",\"name\":\"Hotel Tuc Blanc Baqueira\",\"url\":\"https:\\\/\\\/www.hoteltucblancbaqueira.com\\\/fr\\\/\",\"logo\":{\"@type\":\"ImageObject\",\"inLanguage\":\"fr-FR\",\"@id\":\"https:\\\/\\\/www.hoteltucblancbaqueira.com\\\/fr\\\/#\\\/schema\\\/logo\\\/image\\\/\",\"url\":\"https:\\\/\\\/www.hoteltucblancbaqueira.com\\\/wp-content\\\/uploads\\\/2025\\\/05\\\/logo_header.svg\",\"contentUrl\":\"https:\\\/\\\/www.hoteltucblancbaqueira.com\\\/wp-content\\\/uploads\\\/2025\\\/05\\\/logo_header.svg\",\"width\":398,\"height\":101,\"caption\":\"Hotel Tuc Blanc Baqueira\"},\"image\":{\"@id\":\"https:\\\/\\\/www.hoteltucblancbaqueira.com\\\/fr\\\/#\\\/schema\\\/logo\\\/image\\\/\"}},{\"@type\":\"Person\",\"@id\":\"https:\\\/\\\/www.hoteltucblancbaqueira.com\\\/fr\\\/#\\\/schema\\\/person\\\/18a0f8b4813ee9544e861e9777b27696\",\"name\":\"alojapro_mkt\"}]}<\/script>\n<!-- \/ Yoast SEO plugin. -->","yoast_head_json":{"title":"R\u00e9veillon du Nouvel An 2025 \u00e0 Baqueira : Que faire | Hotel Tuc Blanc Baqueira","description":"C\u00e9l\u00e9brez le Nouvel An \u00e0 Baqueira ! D\u00e9couvrez les activit\u00e9s propos\u00e9es pour le r\u00e9veillon du Nouvel An \u00e0 Baqueira Beret : descente aux flambeaux, feu d'artifice\u2026","robots":{"index":"index","follow":"follow","max-snippet":"max-snippet:-1","max-image-preview":"max-image-preview:large","max-video-preview":"max-video-preview:-1"},"canonical":"https:\/\/www.hoteltucblancbaqueira.com\/fr\/reveillon-du-nouvel-an-2025-a-baqueira-que-faire\/","og_locale":"fr_FR","og_type":"article","og_title":"R\u00e9veillon du Nouvel An 2025 \u00e0 Baqueira : Que faire | Hotel Tuc Blanc Baqueira","og_description":"C\u00e9l\u00e9brez le Nouvel An \u00e0 Baqueira ! D\u00e9couvrez les activit\u00e9s propos\u00e9es pour le r\u00e9veillon du Nouvel An \u00e0 Baqueira Beret : descente aux flambeaux, feu d'artifice\u2026","og_url":"https:\/\/www.hoteltucblancbaqueira.com\/fr\/reveillon-du-nouvel-an-2025-a-baqueira-que-faire\/","og_site_name":"Hotel Tuc Blanc Baqueira","article_published_time":"2025-07-21T13:10:55+00:00","article_modified_time":"2025-11-27T09:40:27+00:00","og_image":[{"width":1487,"height":991,"url":"https:\/\/www.hoteltucblancbaqueira.com\/wp-content\/uploads\/2024\/10\/fiesta-baqueira.webp","type":"image\/webp"}],"author":"alojapro_mkt","twitter_card":"summary_large_image","twitter_misc":{"\u00c9crit par":"alojapro_mkt","Dur\u00e9e de lecture estim\u00e9e":"2 minutes"},"schema":{"@context":"https:\/\/schema.org","@graph":[{"@type":"Article","@id":"https:\/\/www.hoteltucblancbaqueira.com\/fr\/reveillon-du-nouvel-an-2025-a-baqueira-que-faire\/#article","isPartOf":{"@id":"https:\/\/www.hoteltucblancbaqueira.com\/fr\/reveillon-du-nouvel-an-2025-a-baqueira-que-faire\/"},"author":{"name":"alojapro_mkt","@id":"https:\/\/www.hoteltucblancbaqueira.com\/fr\/#\/schema\/person\/18a0f8b4813ee9544e861e9777b27696"},"headline":"R\u00e9veillon du Nouvel An 2025 \u00e0 Baqueira : Que faire","datePublished":"2025-07-21T13:10:55+00:00","dateModified":"2025-11-27T09:40:27+00:00","mainEntityOfPage":{"@id":"https:\/\/www.hoteltucblancbaqueira.com\/fr\/reveillon-du-nouvel-an-2025-a-baqueira-que-faire\/"},"wordCount":348,"publisher":{"@id":"https:\/\/www.hoteltucblancbaqueira.com\/fr\/#organization"},"image":{"@id":"https:\/\/www.hoteltucblancbaqueira.com\/fr\/reveillon-du-nouvel-an-2025-a-baqueira-que-faire\/#primaryimage"},"thumbnailUrl":"https:\/\/www.hoteltucblancbaqueira.com\/wp-content\/uploads\/2024\/10\/fiesta-baqueira.webp","keywords":["Descente aux flambeaux baqueira","Nouvel An baqueira","Nouvel An baqueira beret","R\u00e9veillon du Nouvel An baqueira","vin cau baqueira"],"articleSection":["L'hiver"],"inLanguage":"fr-FR"},{"@type":"WebPage","@id":"https:\/\/www.hoteltucblancbaqueira.com\/fr\/reveillon-du-nouvel-an-2025-a-baqueira-que-faire\/","url":"https:\/\/www.hoteltucblancbaqueira.com\/fr\/reveillon-du-nouvel-an-2025-a-baqueira-que-faire\/","name":"R\u00e9veillon du Nouvel An 2025 \u00e0 Baqueira : Que faire | Hotel Tuc Blanc Baqueira","isPartOf":{"@id":"https:\/\/www.hoteltucblancbaqueira.com\/fr\/#website"},"primaryImageOfPage":{"@id":"https:\/\/www.hoteltucblancbaqueira.com\/fr\/reveillon-du-nouvel-an-2025-a-baqueira-que-faire\/#primaryimage"},"image":{"@id":"https:\/\/www.hoteltucblancbaqueira.com\/fr\/reveillon-du-nouvel-an-2025-a-baqueira-que-faire\/#primaryimage"},"thumbnailUrl":"https:\/\/www.hoteltucblancbaqueira.com\/wp-content\/uploads\/2024\/10\/fiesta-baqueira.webp","datePublished":"2025-07-21T13:10:55+00:00","dateModified":"2025-11-27T09:40:27+00:00","description":"C\u00e9l\u00e9brez le Nouvel An \u00e0 Baqueira ! D\u00e9couvrez les activit\u00e9s propos\u00e9es pour le r\u00e9veillon du Nouvel An \u00e0 Baqueira Beret : descente aux flambeaux, feu d'artifice\u2026","breadcrumb":{"@id":"https:\/\/www.hoteltucblancbaqueira.com\/fr\/reveillon-du-nouvel-an-2025-a-baqueira-que-faire\/#breadcrumb"},"inLanguage":"fr-FR","potentialAction":[{"@type":"ReadAction","target":["https:\/\/www.hoteltucblancbaqueira.com\/fr\/reveillon-du-nouvel-an-2025-a-baqueira-que-faire\/"]}]},{"@type":"ImageObject","inLanguage":"fr-FR","@id":"https:\/\/www.hoteltucblancbaqueira.com\/fr\/reveillon-du-nouvel-an-2025-a-baqueira-que-faire\/#primaryimage","url":"https:\/\/www.hoteltucblancbaqueira.com\/wp-content\/uploads\/2024\/10\/fiesta-baqueira.webp","contentUrl":"https:\/\/www.hoteltucblancbaqueira.com\/wp-content\/uploads\/2024\/10\/fiesta-baqueira.webp","width":1487,"height":991,"caption":"fiesta fin de a\u00f1o baqueira"},{"@type":"BreadcrumbList","@id":"https:\/\/www.hoteltucblancbaqueira.com\/fr\/reveillon-du-nouvel-an-2025-a-baqueira-que-faire\/#breadcrumb","itemListElement":[{"@type":"ListItem","position":1,"name":"Portada","item":"https:\/\/www.hoteltucblancbaqueira.com\/fr\/home\/"},{"@type":"ListItem","position":2,"name":"R\u00e9veillon du Nouvel An 2025 \u00e0 Baqueira : Que faire"}]},{"@type":"WebSite","@id":"https:\/\/www.hoteltucblancbaqueira.com\/fr\/#website","url":"https:\/\/www.hoteltucblancbaqueira.com\/fr\/","name":"Hotel Tuc Blanc Baqueira","description":"Hotel en Baqueira a pie de pistas","publisher":{"@id":"https:\/\/www.hoteltucblancbaqueira.com\/fr\/#organization"},"potentialAction":[{"@type":"SearchAction","target":{"@type":"EntryPoint","urlTemplate":"https:\/\/www.hoteltucblancbaqueira.com\/fr\/?s={search_term_string}"},"query-input":{"@type":"PropertyValueSpecification","valueRequired":true,"valueName":"search_term_string"}}],"inLanguage":"fr-FR"},{"@type":"Organization","@id":"https:\/\/www.hoteltucblancbaqueira.com\/fr\/#organization","name":"Hotel Tuc Blanc Baqueira","url":"https:\/\/www.hoteltucblancbaqueira.com\/fr\/","logo":{"@type":"ImageObject","inLanguage":"fr-FR","@id":"https:\/\/www.hoteltucblancbaqueira.com\/fr\/#\/schema\/logo\/image\/","url":"https:\/\/www.hoteltucblancbaqueira.com\/wp-content\/uploads\/2025\/05\/logo_header.svg","contentUrl":"https:\/\/www.hoteltucblancbaqueira.com\/wp-content\/uploads\/2025\/05\/logo_header.svg","width":398,"height":101,"caption":"Hotel Tuc Blanc Baqueira"},"image":{"@id":"https:\/\/www.hoteltucblancbaqueira.com\/fr\/#\/schema\/logo\/image\/"}},{"@type":"Person","@id":"https:\/\/www.hoteltucblancbaqueira.com\/fr\/#\/schema\/person\/18a0f8b4813ee9544e861e9777b27696","name":"alojapro_mkt"}]}},"loftoceanMetas":{"authorName":"alojapro_mkt","categories":[{"name":"L'hiver","link":"https:\/\/www.hoteltucblancbaqueira.com\/fr\/category\/lhiver\/","count":16}],"date":"21 de juillet de 2025","featuredImageSRC":"https:\/\/www.hoteltucblancbaqueira.com\/wp-content\/uploads\/2024\/10\/fiesta-baqueira-150x150.webp"},"_links":{"self":[{"href":"https:\/\/www.hoteltucblancbaqueira.com\/fr\/wp-json\/wp\/v2\/posts\/6006","targetHints":{"allow":["GET"]}}],"collection":[{"href":"https:\/\/www.hoteltucblancbaqueira.com\/fr\/wp-json\/wp\/v2\/posts"}],"about":[{"href":"https:\/\/www.hoteltucblancbaqueira.com\/fr\/wp-json\/wp\/v2\/types\/post"}],"author":[{"embeddable":true,"href":"https:\/\/www.hoteltucblancbaqueira.com\/fr\/wp-json\/wp\/v2\/users\/3"}],"replies":[{"embeddable":true,"href":"https:\/\/www.hoteltucblancbaqueira.com\/fr\/wp-json\/wp\/v2\/comments?post=6006"}],"version-history":[{"count":2,"href":"https:\/\/www.hoteltucblancbaqueira.com\/fr\/wp-json\/wp\/v2\/posts\/6006\/revisions"}],"predecessor-version":[{"id":7126,"href":"https:\/\/www.hoteltucblancbaqueira.com\/fr\/wp-json\/wp\/v2\/posts\/6006\/revisions\/7126"}],"wp:featuredmedia":[{"embeddable":true,"href":"https:\/\/www.hoteltucblancbaqueira.com\/fr\/wp-json\/wp\/v2\/media\/4640"}],"wp:attachment":[{"href":"https:\/\/www.hoteltucblancbaqueira.com\/fr\/wp-json\/wp\/v2\/media?parent=6006"}],"wp:term":[{"taxonomy":"category","embeddable":true,"href":"https:\/\/www.hoteltucblancbaqueira.com\/fr\/wp-json\/wp\/v2\/categories?post=6006"},{"taxonomy":"post_tag","embeddable":true,"href":"https:\/\/www.hoteltucblancbaqueira.com\/fr\/wp-json\/wp\/v2\/tags?post=6006"}],"curies":[{"name":"wp","href":"https:\/\/api.w.org\/{rel}","templated":true}]}}