{"id":6468,"date":"2025-08-18T17:53:07","date_gmt":"2025-08-18T15:53:07","guid":{"rendered":"https:\/\/www.hoteltucblancbaqueira.com\/?p=6468"},"modified":"2025-08-19T15:25:03","modified_gmt":"2025-08-19T13:25:03","slug":"gastronomie-de-la-vall-daran","status":"publish","type":"post","link":"https:\/\/www.hoteltucblancbaqueira.com\/fr\/gastronomie-de-la-vall-daran\/","title":{"rendered":"Gastronomie de la Vall d\u2019Aran"},"content":{"rendered":"\t\t<div data-elementor-type=\"wp-post\" data-elementor-id=\"6468\" class=\"elementor elementor-6468 elementor-1313\" data-elementor-post-type=\"post\">\n\t\t\t\t<div class=\"elementor-element elementor-element-da83ce7 e-flex e-con-boxed e-con e-parent\" data-id=\"da83ce7\" data-element_type=\"container\" data-e-type=\"container\">\n\t\t\t\t\t<div class=\"e-con-inner\">\n\t\t\t\t<div class=\"elementor-element elementor-element-bd3d1fe elementor-widget elementor-widget-text-editor\" data-id=\"bd3d1fe\" data-element_type=\"widget\" data-e-type=\"widget\" data-widget_type=\"text-editor.default\">\n\t\t\t\t\t\t\t\t\t<p>La Vall d\u2019Aran, en plein c\u0153ur des Pyr\u00e9n\u00e9es, ne captive pas seulement par ses paysages et ses villages de pierre, mais aussi par sa gastronomie unique, qui combine la cuisine de montagne avec des influences occitanes. La gastronomie de la Vall d\u2019Aran est synonyme de produits locaux, recettes ancestrales et plats r\u00e9confortants parfaits pour les jours froids. <\/p><p><strong>Cuisine traditionnelle aranesa : une exp\u00e9rience culinaire unique<\/strong><\/p><p>Explorer la gastronomie de la Val d\u2019Aran, c\u2019est plonger dans sa culture, son climat et son mode de vie. Cette cuisine de proximit\u00e9 se distingue par l\u2019utilisation d\u2019ingr\u00e9dients locaux tels que fromages artisanaux, miel de montagne, charcuteries traditionnelles et liqueurs maison \u00e9labor\u00e9es avec des herbes et des fruits sauvages du terroir. <\/p><p>Beaucoup de ces produits peuvent \u00eatre d\u00e9gust\u00e9s dans des march\u00e9s locaux, des foires gastronomiques ou directement dans des restaurants de la Vall d\u2019Aran qui r\u00e9interpr\u00e8tent les recettes traditionnelles avec une approche moderne.<\/p>\t\t\t\t\t\t\t\t<\/div>\n\t\t\t\t\t<\/div>\n\t\t\t\t<\/div>\n\t\t<div class=\"elementor-element elementor-element-5f6a4d8 e-flex e-con-boxed e-con e-parent\" data-id=\"5f6a4d8\" data-element_type=\"container\" data-e-type=\"container\">\n\t\t\t\t\t<div class=\"e-con-inner\">\n\t\t\t\t<div class=\"elementor-element elementor-element-06a011f elementor-widget elementor-widget-text-editor\" data-id=\"06a011f\" data-element_type=\"widget\" data-e-type=\"widget\" data-widget_type=\"text-editor.default\">\n\t\t\t\t\t\t\t\t\t<p><strong>Plats typiques de la Vall d\u2019Aran \u00e0 ne pas manquer<\/strong><\/p><ul><li><strong>Fromage de tup\u00ed :<\/strong> fromage ferment\u00e9, tartinable et au go\u00fbt intense. Fabriqu\u00e9 artisanalement, il est un symbole du patrimoine culinaire pyr\u00e9n\u00e9en. <\/li><li><strong>Charcuteries et p\u00e2t\u00e9s artisanaux <\/strong>: la <em>langoissa,<\/em> la saucisse typique de la r\u00e9gion, incontournable sur toute table aranesa.<\/li><li><strong>\u00d2lha aranesa :<\/strong> le plat le plus embl\u00e9matique de la vall\u00e9e. Une soupe \u00e9paisse de viande, l\u00e9gumineuses, l\u00e9gumes et charcuteries qui r\u00e9conforte le corps et l\u2019\u00e2me. <\/li><li><strong>Civet de sanglier <\/strong>: viande de chasse cuite lentement avec du vin rouge et des \u00e9pices. Un classique d\u2019automne et d\u2019hiver. <\/li><li><strong>Truite \u00e0 la aranesa :<\/strong> poisson frais de rivi\u00e8re, souvent accompagn\u00e9 de jambon ou cuit au four avec des herbes.<\/li><li> <strong style=\"font-size: inherit;\">La Pierrade <\/strong>: <span style=\"font-size: inherit;\">une exp\u00e9rience interactive o\u00f9 la viande ou le poisson sont cuits sur une pierre chaude plac\u00e9e au centre de la table.<\/span><\/li><li> <strong style=\"font-size: inherit;\">Coquilhons :<\/strong> <span style=\"font-size: inherit;\">p\u00e2te frit\u00e9e traditionnelle qui \u00e9tait autrefois pr\u00e9par\u00e9e lors des f\u00eates locales, parfaite en dessert ou pour accompagner le caf\u00e9.<\/span><\/li><\/ul>\t\t\t\t\t\t\t\t<\/div>\n\t\t\t\t\t<\/div>\n\t\t\t\t<\/div>\n\t\t<div class=\"elementor-element elementor-element-b46145c e-flex e-con-boxed e-con e-parent\" data-id=\"b46145c\" data-element_type=\"container\" data-e-type=\"container\">\n\t\t\t\t\t<div class=\"e-con-inner\">\n\t\t<div class=\"elementor-element elementor-element-c4addd0 e-con-full e-flex e-con e-child\" data-id=\"c4addd0\" data-element_type=\"container\" data-e-type=\"container\">\n\t\t\t\t<div class=\"elementor-element elementor-element-7e92a06 elementor-widget elementor-widget-image\" data-id=\"7e92a06\" data-element_type=\"widget\" data-e-type=\"widget\" data-widget_type=\"image.default\">\n\t\t\t\t\t\t\t\t\t\t\t\t\t\t\t<img fetchpriority=\"high\" decoding=\"async\" width=\"1000\" height=\"1000\" src=\"https:\/\/www.hoteltucblancbaqueira.com\/wp-content\/uploads\/2025\/07\/Formatge-Tupi.webp\" class=\"attachment-large size-large wp-image-6267\" alt=\"Formatge Tup\u00ed\" srcset=\"https:\/\/www.hoteltucblancbaqueira.com\/wp-content\/uploads\/2025\/07\/Formatge-Tupi.webp 1000w, https:\/\/www.hoteltucblancbaqueira.com\/wp-content\/uploads\/2025\/07\/Formatge-Tupi-300x300.webp 300w, https:\/\/www.hoteltucblancbaqueira.com\/wp-content\/uploads\/2025\/07\/Formatge-Tupi-150x150.webp 150w, https:\/\/www.hoteltucblancbaqueira.com\/wp-content\/uploads\/2025\/07\/Formatge-Tupi-768x768.webp 768w, https:\/\/www.hoteltucblancbaqueira.com\/wp-content\/uploads\/2025\/07\/Formatge-Tupi-780x780.webp 780w, https:\/\/www.hoteltucblancbaqueira.com\/wp-content\/uploads\/2025\/07\/Formatge-Tupi-600x600.webp 600w, https:\/\/www.hoteltucblancbaqueira.com\/wp-content\/uploads\/2025\/07\/Formatge-Tupi-550x550.webp 550w, https:\/\/www.hoteltucblancbaqueira.com\/wp-content\/uploads\/2025\/07\/Formatge-Tupi-370x370.webp 370w, https:\/\/www.hoteltucblancbaqueira.com\/wp-content\/uploads\/2025\/07\/Formatge-Tupi-255x255.webp 255w\" sizes=\"(max-width: 1000px) 100vw, 1000px\" \/>\t\t\t\t\t\t\t\t\t\t\t\t\t\t\t<\/div>\n\t\t\t\t<\/div>\n\t\t<div class=\"elementor-element elementor-element-c98b717 e-con-full e-flex e-con e-child\" data-id=\"c98b717\" data-element_type=\"container\" data-e-type=\"container\">\n\t\t\t\t<div class=\"elementor-element elementor-element-10324a1 elementor-widget elementor-widget-image\" data-id=\"10324a1\" data-element_type=\"widget\" data-e-type=\"widget\" data-widget_type=\"image.default\">\n\t\t\t\t\t\t\t\t\t\t\t\t\t\t\t<img decoding=\"async\" width=\"1000\" height=\"1000\" src=\"https:\/\/www.hoteltucblancbaqueira.com\/wp-content\/uploads\/2025\/07\/Embotits-Artesanals.webp\" class=\"attachment-large size-large wp-image-6263\" alt=\"Embotits Artesanals\" srcset=\"https:\/\/www.hoteltucblancbaqueira.com\/wp-content\/uploads\/2025\/07\/Embotits-Artesanals.webp 1000w, https:\/\/www.hoteltucblancbaqueira.com\/wp-content\/uploads\/2025\/07\/Embotits-Artesanals-300x300.webp 300w, https:\/\/www.hoteltucblancbaqueira.com\/wp-content\/uploads\/2025\/07\/Embotits-Artesanals-150x150.webp 150w, https:\/\/www.hoteltucblancbaqueira.com\/wp-content\/uploads\/2025\/07\/Embotits-Artesanals-768x768.webp 768w, https:\/\/www.hoteltucblancbaqueira.com\/wp-content\/uploads\/2025\/07\/Embotits-Artesanals-780x780.webp 780w, https:\/\/www.hoteltucblancbaqueira.com\/wp-content\/uploads\/2025\/07\/Embotits-Artesanals-600x600.webp 600w, https:\/\/www.hoteltucblancbaqueira.com\/wp-content\/uploads\/2025\/07\/Embotits-Artesanals-550x550.webp 550w, https:\/\/www.hoteltucblancbaqueira.com\/wp-content\/uploads\/2025\/07\/Embotits-Artesanals-370x370.webp 370w, https:\/\/www.hoteltucblancbaqueira.com\/wp-content\/uploads\/2025\/07\/Embotits-Artesanals-255x255.webp 255w\" sizes=\"(max-width: 1000px) 100vw, 1000px\" \/>\t\t\t\t\t\t\t\t\t\t\t\t\t\t\t<\/div>\n\t\t\t\t<\/div>\n\t\t<div class=\"elementor-element elementor-element-94e41f3 e-con-full e-flex e-con e-child\" data-id=\"94e41f3\" data-element_type=\"container\" data-e-type=\"container\">\n\t\t\t\t<div class=\"elementor-element elementor-element-1cb71ff elementor-widget elementor-widget-image\" data-id=\"1cb71ff\" data-element_type=\"widget\" data-e-type=\"widget\" data-widget_type=\"image.default\">\n\t\t\t\t\t\t\t\t\t\t\t\t\t\t\t<img decoding=\"async\" width=\"1000\" height=\"1000\" src=\"https:\/\/www.hoteltucblancbaqueira.com\/wp-content\/uploads\/2025\/07\/Olla-Aranesa.webp\" class=\"attachment-large size-large wp-image-6275\" alt=\"Olla Aranesa\" srcset=\"https:\/\/www.hoteltucblancbaqueira.com\/wp-content\/uploads\/2025\/07\/Olla-Aranesa.webp 1000w, https:\/\/www.hoteltucblancbaqueira.com\/wp-content\/uploads\/2025\/07\/Olla-Aranesa-300x300.webp 300w, https:\/\/www.hoteltucblancbaqueira.com\/wp-content\/uploads\/2025\/07\/Olla-Aranesa-150x150.webp 150w, https:\/\/www.hoteltucblancbaqueira.com\/wp-content\/uploads\/2025\/07\/Olla-Aranesa-768x768.webp 768w, https:\/\/www.hoteltucblancbaqueira.com\/wp-content\/uploads\/2025\/07\/Olla-Aranesa-780x780.webp 780w, https:\/\/www.hoteltucblancbaqueira.com\/wp-content\/uploads\/2025\/07\/Olla-Aranesa-600x600.webp 600w, https:\/\/www.hoteltucblancbaqueira.com\/wp-content\/uploads\/2025\/07\/Olla-Aranesa-550x550.webp 550w, https:\/\/www.hoteltucblancbaqueira.com\/wp-content\/uploads\/2025\/07\/Olla-Aranesa-370x370.webp 370w, https:\/\/www.hoteltucblancbaqueira.com\/wp-content\/uploads\/2025\/07\/Olla-Aranesa-255x255.webp 255w\" sizes=\"(max-width: 1000px) 100vw, 1000px\" \/>\t\t\t\t\t\t\t\t\t\t\t\t\t\t\t<\/div>\n\t\t\t\t<\/div>\n\t\t<div class=\"elementor-element elementor-element-b07753d e-con-full e-flex e-con e-child\" data-id=\"b07753d\" data-element_type=\"container\" data-e-type=\"container\">\n\t\t\t\t<div class=\"elementor-element elementor-element-1ce0365 elementor-widget elementor-widget-image\" data-id=\"1ce0365\" data-element_type=\"widget\" data-e-type=\"widget\" data-widget_type=\"image.default\">\n\t\t\t\t\t\t\t\t\t\t\t\t\t\t\t<img loading=\"lazy\" decoding=\"async\" width=\"1000\" height=\"1000\" src=\"https:\/\/www.hoteltucblancbaqueira.com\/wp-content\/uploads\/2025\/07\/Trucha-Aranesa.webp\" class=\"attachment-large size-large wp-image-6279\" alt=\"Trucha Aranesa\" srcset=\"https:\/\/www.hoteltucblancbaqueira.com\/wp-content\/uploads\/2025\/07\/Trucha-Aranesa.webp 1000w, https:\/\/www.hoteltucblancbaqueira.com\/wp-content\/uploads\/2025\/07\/Trucha-Aranesa-300x300.webp 300w, https:\/\/www.hoteltucblancbaqueira.com\/wp-content\/uploads\/2025\/07\/Trucha-Aranesa-150x150.webp 150w, https:\/\/www.hoteltucblancbaqueira.com\/wp-content\/uploads\/2025\/07\/Trucha-Aranesa-768x768.webp 768w, https:\/\/www.hoteltucblancbaqueira.com\/wp-content\/uploads\/2025\/07\/Trucha-Aranesa-780x780.webp 780w, https:\/\/www.hoteltucblancbaqueira.com\/wp-content\/uploads\/2025\/07\/Trucha-Aranesa-600x600.webp 600w, https:\/\/www.hoteltucblancbaqueira.com\/wp-content\/uploads\/2025\/07\/Trucha-Aranesa-550x550.webp 550w, https:\/\/www.hoteltucblancbaqueira.com\/wp-content\/uploads\/2025\/07\/Trucha-Aranesa-370x370.webp 370w, https:\/\/www.hoteltucblancbaqueira.com\/wp-content\/uploads\/2025\/07\/Trucha-Aranesa-255x255.webp 255w\" sizes=\"(max-width: 1000px) 100vw, 1000px\" \/>\t\t\t\t\t\t\t\t\t\t\t\t\t\t\t<\/div>\n\t\t\t\t<\/div>\n\t\t<div class=\"elementor-element elementor-element-a977f11 e-con-full e-flex e-con e-child\" data-id=\"a977f11\" data-element_type=\"container\" data-e-type=\"container\">\n\t\t\t\t<div class=\"elementor-element elementor-element-dd58dd8 elementor-widget elementor-widget-image\" data-id=\"dd58dd8\" data-element_type=\"widget\" data-e-type=\"widget\" data-widget_type=\"image.default\">\n\t\t\t\t\t\t\t\t\t\t\t\t\t\t\t<img loading=\"lazy\" decoding=\"async\" width=\"1000\" height=\"1000\" src=\"https:\/\/www.hoteltucblancbaqueira.com\/wp-content\/uploads\/2025\/07\/Civet-de-jabali.webp\" class=\"attachment-large size-large wp-image-6255\" alt=\"Civet de jabal\u00ed\" srcset=\"https:\/\/www.hoteltucblancbaqueira.com\/wp-content\/uploads\/2025\/07\/Civet-de-jabali.webp 1000w, https:\/\/www.hoteltucblancbaqueira.com\/wp-content\/uploads\/2025\/07\/Civet-de-jabali-300x300.webp 300w, https:\/\/www.hoteltucblancbaqueira.com\/wp-content\/uploads\/2025\/07\/Civet-de-jabali-150x150.webp 150w, https:\/\/www.hoteltucblancbaqueira.com\/wp-content\/uploads\/2025\/07\/Civet-de-jabali-768x768.webp 768w, https:\/\/www.hoteltucblancbaqueira.com\/wp-content\/uploads\/2025\/07\/Civet-de-jabali-780x780.webp 780w, https:\/\/www.hoteltucblancbaqueira.com\/wp-content\/uploads\/2025\/07\/Civet-de-jabali-600x600.webp 600w, https:\/\/www.hoteltucblancbaqueira.com\/wp-content\/uploads\/2025\/07\/Civet-de-jabali-550x550.webp 550w, https:\/\/www.hoteltucblancbaqueira.com\/wp-content\/uploads\/2025\/07\/Civet-de-jabali-370x370.webp 370w, https:\/\/www.hoteltucblancbaqueira.com\/wp-content\/uploads\/2025\/07\/Civet-de-jabali-255x255.webp 255w\" sizes=\"(max-width: 1000px) 100vw, 1000px\" \/>\t\t\t\t\t\t\t\t\t\t\t\t\t\t\t<\/div>\n\t\t\t\t<\/div>\n\t\t<div class=\"elementor-element elementor-element-0c05762 e-con-full e-flex e-con e-child\" data-id=\"0c05762\" data-element_type=\"container\" data-e-type=\"container\">\n\t\t\t\t<div class=\"elementor-element elementor-element-0fba33b elementor-widget elementor-widget-image\" data-id=\"0fba33b\" data-element_type=\"widget\" data-e-type=\"widget\" data-widget_type=\"image.default\">\n\t\t\t\t\t\t\t\t\t\t\t\t\t\t\t<img loading=\"lazy\" decoding=\"async\" width=\"1000\" height=\"1000\" src=\"https:\/\/www.hoteltucblancbaqueira.com\/wp-content\/uploads\/2025\/07\/Coquilhons.webp\" class=\"attachment-large size-large wp-image-6259\" alt=\"\" srcset=\"https:\/\/www.hoteltucblancbaqueira.com\/wp-content\/uploads\/2025\/07\/Coquilhons.webp 1000w, https:\/\/www.hoteltucblancbaqueira.com\/wp-content\/uploads\/2025\/07\/Coquilhons-300x300.webp 300w, https:\/\/www.hoteltucblancbaqueira.com\/wp-content\/uploads\/2025\/07\/Coquilhons-150x150.webp 150w, https:\/\/www.hoteltucblancbaqueira.com\/wp-content\/uploads\/2025\/07\/Coquilhons-768x768.webp 768w, https:\/\/www.hoteltucblancbaqueira.com\/wp-content\/uploads\/2025\/07\/Coquilhons-780x780.webp 780w, https:\/\/www.hoteltucblancbaqueira.com\/wp-content\/uploads\/2025\/07\/Coquilhons-600x600.webp 600w, https:\/\/www.hoteltucblancbaqueira.com\/wp-content\/uploads\/2025\/07\/Coquilhons-550x550.webp 550w, https:\/\/www.hoteltucblancbaqueira.com\/wp-content\/uploads\/2025\/07\/Coquilhons-370x370.webp 370w, https:\/\/www.hoteltucblancbaqueira.com\/wp-content\/uploads\/2025\/07\/Coquilhons-255x255.webp 255w\" sizes=\"(max-width: 1000px) 100vw, 1000px\" \/>\t\t\t\t\t\t\t\t\t\t\t\t\t\t\t<\/div>\n\t\t\t\t<\/div>\n\t\t\t\t\t<\/div>\n\t\t\t\t<\/div>\n\t\t<div class=\"elementor-element elementor-element-01a5d51 e-flex e-con-boxed e-con e-parent\" data-id=\"01a5d51\" data-element_type=\"container\" data-e-type=\"container\">\n\t\t\t\t\t<div class=\"e-con-inner\">\n\t\t\t\t<div class=\"elementor-element elementor-element-cb63598 elementor-widget elementor-widget-text-editor\" data-id=\"cb63598\" data-element_type=\"widget\" data-e-type=\"widget\" data-widget_type=\"text-editor.default\">\n\t\t\t\t\t\t\t\t\t<p><strong>Caviar Nacarii : un luxe des Pyr\u00e9n\u00e9es<\/strong><\/p><p>Pour ceux qui recherchent des exp\u00e9riences gastronomiques, la Vall d\u2019Aran produit \u00e9galement le <strong>caviar Nacarii<\/strong>, exclusif. Les esturgeons vivent dans les eaux pures de la rivi\u00e8re Garonne, donnant naissance \u00e0 un caviar de tr\u00e8s haute qualit\u00e9, id\u00e9al pour les palais les plus exigeants. De plus, vous pouvez profiter d\u2019une <strong>visite guid\u00e9e de la pisciculture<\/strong>, une activit\u00e9 unique dans la r\u00e9gion.  <br><a href=\"https:\/\/www.caviarnacarii.com\/visitas-guiadas\/\">R\u00e9servez votre visite \u00e0 Caviar Nacarii ici<\/a><\/p><p><strong>Une destination id\u00e9ale pour les gourmets de montagne<\/strong><\/p><p>Que ce soit apr\u00e8s une journ\u00e9e de ski ou une randonn\u00e9e, s\u2019asseoir \u00e0 la table en Vall d\u2019Aran fait partie de l\u2019exp\u00e9rience. Si vous aimez la vraie cuisine, celle qui r\u00e9conforte, surprend et connecte avec le territoire, ce coin des Pyr\u00e9n\u00e9es catalanes vous s\u00e9duira. <\/p><p><strong>D\u00e9couvrez les meilleurs restaurants et refuges traditionnels<\/strong>, o\u00f9 les chefs r\u00e9inventent les recettes classiques avec cr\u00e9ativit\u00e9, tout en respectant le produit local et de saison.<\/p><p><strong>Vous osez go\u00fbter la Vall d\u2019Aran ?<\/strong><\/p><p>Rendez votre escapade encore plus sp\u00e9ciale en r\u00e9servant dans notre <a href=\"https:\/\/hoteltucblancbaqueira.com\/fr\/\"><strong>h\u00f4tel avec spa \u00e0 Baqueira<\/strong> <\/a>et profitez d&rsquo;une exp\u00e9rience gastronomique inoubliable dans le Val d&rsquo;Aran.<\/p>\t\t\t\t\t\t\t\t<\/div>\n\t\t\t\t\t<\/div>\n\t\t\t\t<\/div>\n\t\t\t\t<\/div>\n\t\t","protected":false},"excerpt":{"rendered":"<p>La Vall d\u2019Aran, en plein c\u0153ur des Pyr\u00e9n\u00e9es, ne captive pas seulement par ses paysages et ses villages de pierre, mais aussi par sa gastronomie unique, qui combine la cuisine de montagne avec des influences occitanes. La gastronomie de la Vall d\u2019Aran est synonyme de produits locaux, recettes ancestrales et plats r\u00e9confortants parfaits pour les &#8230;<\/p>\n","protected":false},"author":3,"featured_media":6271,"comment_status":"closed","ping_status":"closed","sticky":false,"template":"","format":"standard","meta":{"loftocean_post_format_gallery":"","loftocean_post_format_gallery_ids":"","loftocean_post_format_gallery_urls":"","loftocean_post_format_video_id":0,"loftocean_post_format_video_url":"","loftocean_post_format_video_type":"","loftocean_post_format_video":"","loftocean_post_format_audio_type":"","loftocean_post_format_audio_url":"","loftocean_post_format_audio_id":0,"loftocean_post_format_audio":"","loftocean-like-count":0,"cozystay_single_post_hide_site_header":"","cozystay_single_post_site_header_source":"","cozystay_single_post_custom_site_header":"0","cozystay_single_post_custom_sticky_site_header":"0","cozystay_single_post_hide_page_title":"","cozystay_single_post_site_footer_hide_main":"","cozystay_single_custom_site_footer_main_source":"","cozystay_single_custom_site_footer_main":"0","cozystay_single_post_site_footer_hide_above":"","cozystay_single_custom_site_footer_above_source":"","cozystay_single_custom_site_footer_above":"0","cozystay_single_post_site_footer_hide_instagram":"","cozystay_single_post_site_footer_hide_bottom":"","cozystay_single_custom_mobile_menu_source":"","cozystay_single_custom_mobile_menu":"0","cozystay_single_custom_mobile_menu_animation":"","cozystay_single_custom_mobile_menu_width":"","cozystay_single_custom_mobile_menu_custom_width":375,"cozystay_single_post_template":"","footnotes":""},"categories":[225,220,135],"tags":[221,226,222],"class_list":["post-6468","post","type-post","status-publish","format-standard","has-post-thumbnail","hentry","category-gastronomie","category-lete-a-baqueira","category-lhiver","tag-ete-a-baqueira","tag-gastronomie","tag-lete-dans-le-val-daran"],"yoast_head":"<!-- This site is optimized with the Yoast SEO plugin v27.4 - https:\/\/yoast.com\/product\/yoast-seo-wordpress\/ -->\n<title>Gastronomie de la Vall d\u2019Aran | Hotel Tuc Blanc Baqueira<\/title>\n<meta name=\"description\" content=\"Gastronomie du Val d&#039;Aran : saveurs authentiques des Pyr\u00e9n\u00e9es catalanes. Impr\u00e9gnez-vous de sa culture, de son climat et de son art de vivre.\" \/>\n<meta name=\"robots\" content=\"index, follow, max-snippet:-1, max-image-preview:large, max-video-preview:-1\" \/>\n<link rel=\"canonical\" href=\"https:\/\/www.hoteltucblancbaqueira.com\/fr\/gastronomie-de-la-vall-daran\/\" \/>\n<meta property=\"og:locale\" content=\"fr_FR\" \/>\n<meta property=\"og:type\" content=\"article\" \/>\n<meta property=\"og:title\" content=\"Gastronomie de la Vall d\u2019Aran | Hotel Tuc Blanc Baqueira\" \/>\n<meta property=\"og:description\" content=\"Gastronomie du Val d&#039;Aran : saveurs authentiques des Pyr\u00e9n\u00e9es catalanes. Impr\u00e9gnez-vous de sa culture, de son climat et de son art de vivre.\" \/>\n<meta property=\"og:url\" content=\"https:\/\/www.hoteltucblancbaqueira.com\/fr\/gastronomie-de-la-vall-daran\/\" \/>\n<meta property=\"og:site_name\" content=\"Hotel Tuc Blanc Baqueira\" \/>\n<meta property=\"article:published_time\" content=\"2025-08-18T15:53:07+00:00\" \/>\n<meta property=\"article:modified_time\" content=\"2025-08-19T13:25:03+00:00\" \/>\n<meta property=\"og:image\" content=\"https:\/\/www.hoteltucblancbaqueira.com\/wp-content\/uploads\/2025\/07\/Gastronomia-Val-dAran-scaled.webp\" \/>\n\t<meta property=\"og:image:width\" content=\"2560\" \/>\n\t<meta property=\"og:image:height\" content=\"1280\" \/>\n\t<meta property=\"og:image:type\" content=\"image\/webp\" \/>\n<meta name=\"author\" content=\"alojapro_mkt\" \/>\n<meta name=\"twitter:card\" content=\"summary_large_image\" \/>\n<meta name=\"twitter:label1\" content=\"\u00c9crit par\" \/>\n\t<meta name=\"twitter:data1\" content=\"alojapro_mkt\" \/>\n\t<meta name=\"twitter:label2\" content=\"Dur\u00e9e de lecture estim\u00e9e\" \/>\n\t<meta name=\"twitter:data2\" content=\"3 minutes\" \/>\n<script type=\"application\/ld+json\" class=\"yoast-schema-graph\">{\"@context\":\"https:\\\/\\\/schema.org\",\"@graph\":[{\"@type\":\"Article\",\"@id\":\"https:\\\/\\\/www.hoteltucblancbaqueira.com\\\/fr\\\/gastronomie-de-la-vall-daran\\\/#article\",\"isPartOf\":{\"@id\":\"https:\\\/\\\/www.hoteltucblancbaqueira.com\\\/fr\\\/gastronomie-de-la-vall-daran\\\/\"},\"author\":{\"name\":\"alojapro_mkt\",\"@id\":\"https:\\\/\\\/www.hoteltucblancbaqueira.com\\\/fr\\\/#\\\/schema\\\/person\\\/18a0f8b4813ee9544e861e9777b27696\"},\"headline\":\"Gastronomie de la Vall d\u2019Aran\",\"datePublished\":\"2025-08-18T15:53:07+00:00\",\"dateModified\":\"2025-08-19T13:25:03+00:00\",\"mainEntityOfPage\":{\"@id\":\"https:\\\/\\\/www.hoteltucblancbaqueira.com\\\/fr\\\/gastronomie-de-la-vall-daran\\\/\"},\"wordCount\":558,\"publisher\":{\"@id\":\"https:\\\/\\\/www.hoteltucblancbaqueira.com\\\/fr\\\/#organization\"},\"image\":{\"@id\":\"https:\\\/\\\/www.hoteltucblancbaqueira.com\\\/fr\\\/gastronomie-de-la-vall-daran\\\/#primaryimage\"},\"thumbnailUrl\":\"https:\\\/\\\/www.hoteltucblancbaqueira.com\\\/wp-content\\\/uploads\\\/2025\\\/07\\\/Gastronomia-Val-dAran-scaled.webp\",\"keywords\":[\"\u00c9t\u00e9 \u00e0 Baqueira\",\"Gastronomie\",\"L'\u00e9t\u00e9 dans le Val d'Aran\"],\"articleSection\":[\"Gastronomie\",\"L'\u00e9t\u00e9 \u00e0 Baqueira\",\"L'hiver\"],\"inLanguage\":\"fr-FR\"},{\"@type\":\"WebPage\",\"@id\":\"https:\\\/\\\/www.hoteltucblancbaqueira.com\\\/fr\\\/gastronomie-de-la-vall-daran\\\/\",\"url\":\"https:\\\/\\\/www.hoteltucblancbaqueira.com\\\/fr\\\/gastronomie-de-la-vall-daran\\\/\",\"name\":\"Gastronomie de la Vall d\u2019Aran | Hotel Tuc Blanc Baqueira\",\"isPartOf\":{\"@id\":\"https:\\\/\\\/www.hoteltucblancbaqueira.com\\\/fr\\\/#website\"},\"primaryImageOfPage\":{\"@id\":\"https:\\\/\\\/www.hoteltucblancbaqueira.com\\\/fr\\\/gastronomie-de-la-vall-daran\\\/#primaryimage\"},\"image\":{\"@id\":\"https:\\\/\\\/www.hoteltucblancbaqueira.com\\\/fr\\\/gastronomie-de-la-vall-daran\\\/#primaryimage\"},\"thumbnailUrl\":\"https:\\\/\\\/www.hoteltucblancbaqueira.com\\\/wp-content\\\/uploads\\\/2025\\\/07\\\/Gastronomia-Val-dAran-scaled.webp\",\"datePublished\":\"2025-08-18T15:53:07+00:00\",\"dateModified\":\"2025-08-19T13:25:03+00:00\",\"description\":\"Gastronomie du Val d'Aran : saveurs authentiques des Pyr\u00e9n\u00e9es catalanes. Impr\u00e9gnez-vous de sa culture, de son climat et de son art de vivre.\",\"breadcrumb\":{\"@id\":\"https:\\\/\\\/www.hoteltucblancbaqueira.com\\\/fr\\\/gastronomie-de-la-vall-daran\\\/#breadcrumb\"},\"inLanguage\":\"fr-FR\",\"potentialAction\":[{\"@type\":\"ReadAction\",\"target\":[\"https:\\\/\\\/www.hoteltucblancbaqueira.com\\\/fr\\\/gastronomie-de-la-vall-daran\\\/\"]}]},{\"@type\":\"ImageObject\",\"inLanguage\":\"fr-FR\",\"@id\":\"https:\\\/\\\/www.hoteltucblancbaqueira.com\\\/fr\\\/gastronomie-de-la-vall-daran\\\/#primaryimage\",\"url\":\"https:\\\/\\\/www.hoteltucblancbaqueira.com\\\/wp-content\\\/uploads\\\/2025\\\/07\\\/Gastronomia-Val-dAran-scaled.webp\",\"contentUrl\":\"https:\\\/\\\/www.hoteltucblancbaqueira.com\\\/wp-content\\\/uploads\\\/2025\\\/07\\\/Gastronomia-Val-dAran-scaled.webp\",\"width\":2560,\"height\":1280},{\"@type\":\"BreadcrumbList\",\"@id\":\"https:\\\/\\\/www.hoteltucblancbaqueira.com\\\/fr\\\/gastronomie-de-la-vall-daran\\\/#breadcrumb\",\"itemListElement\":[{\"@type\":\"ListItem\",\"position\":1,\"name\":\"Portada\",\"item\":\"https:\\\/\\\/www.hoteltucblancbaqueira.com\\\/fr\\\/home\\\/\"},{\"@type\":\"ListItem\",\"position\":2,\"name\":\"Gastronomie de la Vall d\u2019Aran\"}]},{\"@type\":\"WebSite\",\"@id\":\"https:\\\/\\\/www.hoteltucblancbaqueira.com\\\/fr\\\/#website\",\"url\":\"https:\\\/\\\/www.hoteltucblancbaqueira.com\\\/fr\\\/\",\"name\":\"Hotel Tuc Blanc Baqueira\",\"description\":\"Hotel en Baqueira a pie de pistas\",\"publisher\":{\"@id\":\"https:\\\/\\\/www.hoteltucblancbaqueira.com\\\/fr\\\/#organization\"},\"potentialAction\":[{\"@type\":\"SearchAction\",\"target\":{\"@type\":\"EntryPoint\",\"urlTemplate\":\"https:\\\/\\\/www.hoteltucblancbaqueira.com\\\/fr\\\/?s={search_term_string}\"},\"query-input\":{\"@type\":\"PropertyValueSpecification\",\"valueRequired\":true,\"valueName\":\"search_term_string\"}}],\"inLanguage\":\"fr-FR\"},{\"@type\":\"Organization\",\"@id\":\"https:\\\/\\\/www.hoteltucblancbaqueira.com\\\/fr\\\/#organization\",\"name\":\"Hotel Tuc Blanc Baqueira\",\"url\":\"https:\\\/\\\/www.hoteltucblancbaqueira.com\\\/fr\\\/\",\"logo\":{\"@type\":\"ImageObject\",\"inLanguage\":\"fr-FR\",\"@id\":\"https:\\\/\\\/www.hoteltucblancbaqueira.com\\\/fr\\\/#\\\/schema\\\/logo\\\/image\\\/\",\"url\":\"https:\\\/\\\/www.hoteltucblancbaqueira.com\\\/wp-content\\\/uploads\\\/2025\\\/05\\\/logo_header.svg\",\"contentUrl\":\"https:\\\/\\\/www.hoteltucblancbaqueira.com\\\/wp-content\\\/uploads\\\/2025\\\/05\\\/logo_header.svg\",\"width\":398,\"height\":101,\"caption\":\"Hotel Tuc Blanc Baqueira\"},\"image\":{\"@id\":\"https:\\\/\\\/www.hoteltucblancbaqueira.com\\\/fr\\\/#\\\/schema\\\/logo\\\/image\\\/\"}},{\"@type\":\"Person\",\"@id\":\"https:\\\/\\\/www.hoteltucblancbaqueira.com\\\/fr\\\/#\\\/schema\\\/person\\\/18a0f8b4813ee9544e861e9777b27696\",\"name\":\"alojapro_mkt\"}]}<\/script>\n<!-- \/ Yoast SEO plugin. -->","yoast_head_json":{"title":"Gastronomie de la Vall d\u2019Aran | Hotel Tuc Blanc Baqueira","description":"Gastronomie du Val d'Aran : saveurs authentiques des Pyr\u00e9n\u00e9es catalanes. Impr\u00e9gnez-vous de sa culture, de son climat et de son art de vivre.","robots":{"index":"index","follow":"follow","max-snippet":"max-snippet:-1","max-image-preview":"max-image-preview:large","max-video-preview":"max-video-preview:-1"},"canonical":"https:\/\/www.hoteltucblancbaqueira.com\/fr\/gastronomie-de-la-vall-daran\/","og_locale":"fr_FR","og_type":"article","og_title":"Gastronomie de la Vall d\u2019Aran | Hotel Tuc Blanc Baqueira","og_description":"Gastronomie du Val d'Aran : saveurs authentiques des Pyr\u00e9n\u00e9es catalanes. Impr\u00e9gnez-vous de sa culture, de son climat et de son art de vivre.","og_url":"https:\/\/www.hoteltucblancbaqueira.com\/fr\/gastronomie-de-la-vall-daran\/","og_site_name":"Hotel Tuc Blanc Baqueira","article_published_time":"2025-08-18T15:53:07+00:00","article_modified_time":"2025-08-19T13:25:03+00:00","og_image":[{"width":2560,"height":1280,"url":"https:\/\/www.hoteltucblancbaqueira.com\/wp-content\/uploads\/2025\/07\/Gastronomia-Val-dAran-scaled.webp","type":"image\/webp"}],"author":"alojapro_mkt","twitter_card":"summary_large_image","twitter_misc":{"\u00c9crit par":"alojapro_mkt","Dur\u00e9e de lecture estim\u00e9e":"3 minutes"},"schema":{"@context":"https:\/\/schema.org","@graph":[{"@type":"Article","@id":"https:\/\/www.hoteltucblancbaqueira.com\/fr\/gastronomie-de-la-vall-daran\/#article","isPartOf":{"@id":"https:\/\/www.hoteltucblancbaqueira.com\/fr\/gastronomie-de-la-vall-daran\/"},"author":{"name":"alojapro_mkt","@id":"https:\/\/www.hoteltucblancbaqueira.com\/fr\/#\/schema\/person\/18a0f8b4813ee9544e861e9777b27696"},"headline":"Gastronomie de la Vall d\u2019Aran","datePublished":"2025-08-18T15:53:07+00:00","dateModified":"2025-08-19T13:25:03+00:00","mainEntityOfPage":{"@id":"https:\/\/www.hoteltucblancbaqueira.com\/fr\/gastronomie-de-la-vall-daran\/"},"wordCount":558,"publisher":{"@id":"https:\/\/www.hoteltucblancbaqueira.com\/fr\/#organization"},"image":{"@id":"https:\/\/www.hoteltucblancbaqueira.com\/fr\/gastronomie-de-la-vall-daran\/#primaryimage"},"thumbnailUrl":"https:\/\/www.hoteltucblancbaqueira.com\/wp-content\/uploads\/2025\/07\/Gastronomia-Val-dAran-scaled.webp","keywords":["\u00c9t\u00e9 \u00e0 Baqueira","Gastronomie","L'\u00e9t\u00e9 dans le Val d'Aran"],"articleSection":["Gastronomie","L'\u00e9t\u00e9 \u00e0 Baqueira","L'hiver"],"inLanguage":"fr-FR"},{"@type":"WebPage","@id":"https:\/\/www.hoteltucblancbaqueira.com\/fr\/gastronomie-de-la-vall-daran\/","url":"https:\/\/www.hoteltucblancbaqueira.com\/fr\/gastronomie-de-la-vall-daran\/","name":"Gastronomie de la Vall d\u2019Aran | Hotel Tuc Blanc Baqueira","isPartOf":{"@id":"https:\/\/www.hoteltucblancbaqueira.com\/fr\/#website"},"primaryImageOfPage":{"@id":"https:\/\/www.hoteltucblancbaqueira.com\/fr\/gastronomie-de-la-vall-daran\/#primaryimage"},"image":{"@id":"https:\/\/www.hoteltucblancbaqueira.com\/fr\/gastronomie-de-la-vall-daran\/#primaryimage"},"thumbnailUrl":"https:\/\/www.hoteltucblancbaqueira.com\/wp-content\/uploads\/2025\/07\/Gastronomia-Val-dAran-scaled.webp","datePublished":"2025-08-18T15:53:07+00:00","dateModified":"2025-08-19T13:25:03+00:00","description":"Gastronomie du Val d'Aran : saveurs authentiques des Pyr\u00e9n\u00e9es catalanes. Impr\u00e9gnez-vous de sa culture, de son climat et de son art de vivre.","breadcrumb":{"@id":"https:\/\/www.hoteltucblancbaqueira.com\/fr\/gastronomie-de-la-vall-daran\/#breadcrumb"},"inLanguage":"fr-FR","potentialAction":[{"@type":"ReadAction","target":["https:\/\/www.hoteltucblancbaqueira.com\/fr\/gastronomie-de-la-vall-daran\/"]}]},{"@type":"ImageObject","inLanguage":"fr-FR","@id":"https:\/\/www.hoteltucblancbaqueira.com\/fr\/gastronomie-de-la-vall-daran\/#primaryimage","url":"https:\/\/www.hoteltucblancbaqueira.com\/wp-content\/uploads\/2025\/07\/Gastronomia-Val-dAran-scaled.webp","contentUrl":"https:\/\/www.hoteltucblancbaqueira.com\/wp-content\/uploads\/2025\/07\/Gastronomia-Val-dAran-scaled.webp","width":2560,"height":1280},{"@type":"BreadcrumbList","@id":"https:\/\/www.hoteltucblancbaqueira.com\/fr\/gastronomie-de-la-vall-daran\/#breadcrumb","itemListElement":[{"@type":"ListItem","position":1,"name":"Portada","item":"https:\/\/www.hoteltucblancbaqueira.com\/fr\/home\/"},{"@type":"ListItem","position":2,"name":"Gastronomie de la Vall d\u2019Aran"}]},{"@type":"WebSite","@id":"https:\/\/www.hoteltucblancbaqueira.com\/fr\/#website","url":"https:\/\/www.hoteltucblancbaqueira.com\/fr\/","name":"Hotel Tuc Blanc Baqueira","description":"Hotel en Baqueira a pie de pistas","publisher":{"@id":"https:\/\/www.hoteltucblancbaqueira.com\/fr\/#organization"},"potentialAction":[{"@type":"SearchAction","target":{"@type":"EntryPoint","urlTemplate":"https:\/\/www.hoteltucblancbaqueira.com\/fr\/?s={search_term_string}"},"query-input":{"@type":"PropertyValueSpecification","valueRequired":true,"valueName":"search_term_string"}}],"inLanguage":"fr-FR"},{"@type":"Organization","@id":"https:\/\/www.hoteltucblancbaqueira.com\/fr\/#organization","name":"Hotel Tuc Blanc Baqueira","url":"https:\/\/www.hoteltucblancbaqueira.com\/fr\/","logo":{"@type":"ImageObject","inLanguage":"fr-FR","@id":"https:\/\/www.hoteltucblancbaqueira.com\/fr\/#\/schema\/logo\/image\/","url":"https:\/\/www.hoteltucblancbaqueira.com\/wp-content\/uploads\/2025\/05\/logo_header.svg","contentUrl":"https:\/\/www.hoteltucblancbaqueira.com\/wp-content\/uploads\/2025\/05\/logo_header.svg","width":398,"height":101,"caption":"Hotel Tuc Blanc Baqueira"},"image":{"@id":"https:\/\/www.hoteltucblancbaqueira.com\/fr\/#\/schema\/logo\/image\/"}},{"@type":"Person","@id":"https:\/\/www.hoteltucblancbaqueira.com\/fr\/#\/schema\/person\/18a0f8b4813ee9544e861e9777b27696","name":"alojapro_mkt"}]}},"loftoceanMetas":{"authorName":"alojapro_mkt","categories":[{"name":"Gastronomie","link":"https:\/\/www.hoteltucblancbaqueira.com\/fr\/category\/gastronomie\/","count":6},{"name":"L'\u00e9t\u00e9 \u00e0 Baqueira","link":"https:\/\/www.hoteltucblancbaqueira.com\/fr\/category\/lete-a-baqueira\/","count":8},{"name":"L'hiver","link":"https:\/\/www.hoteltucblancbaqueira.com\/fr\/category\/lhiver\/","count":16}],"date":"18 de ao\u00fbt de 2025","featuredImageSRC":"https:\/\/www.hoteltucblancbaqueira.com\/wp-content\/uploads\/2025\/07\/Gastronomia-Val-dAran-150x150.webp"},"_links":{"self":[{"href":"https:\/\/www.hoteltucblancbaqueira.com\/fr\/wp-json\/wp\/v2\/posts\/6468","targetHints":{"allow":["GET"]}}],"collection":[{"href":"https:\/\/www.hoteltucblancbaqueira.com\/fr\/wp-json\/wp\/v2\/posts"}],"about":[{"href":"https:\/\/www.hoteltucblancbaqueira.com\/fr\/wp-json\/wp\/v2\/types\/post"}],"author":[{"embeddable":true,"href":"https:\/\/www.hoteltucblancbaqueira.com\/fr\/wp-json\/wp\/v2\/users\/3"}],"replies":[{"embeddable":true,"href":"https:\/\/www.hoteltucblancbaqueira.com\/fr\/wp-json\/wp\/v2\/comments?post=6468"}],"version-history":[{"count":0,"href":"https:\/\/www.hoteltucblancbaqueira.com\/fr\/wp-json\/wp\/v2\/posts\/6468\/revisions"}],"wp:featuredmedia":[{"embeddable":true,"href":"https:\/\/www.hoteltucblancbaqueira.com\/fr\/wp-json\/wp\/v2\/media\/6271"}],"wp:attachment":[{"href":"https:\/\/www.hoteltucblancbaqueira.com\/fr\/wp-json\/wp\/v2\/media?parent=6468"}],"wp:term":[{"taxonomy":"category","embeddable":true,"href":"https:\/\/www.hoteltucblancbaqueira.com\/fr\/wp-json\/wp\/v2\/categories?post=6468"},{"taxonomy":"post_tag","embeddable":true,"href":"https:\/\/www.hoteltucblancbaqueira.com\/fr\/wp-json\/wp\/v2\/tags?post=6468"}],"curies":[{"name":"wp","href":"https:\/\/api.w.org\/{rel}","templated":true}]}}