{"id":6507,"date":"2025-07-21T15:16:02","date_gmt":"2025-07-21T13:16:02","guid":{"rendered":"https:\/\/www.hoteltucblancbaqueira.com\/itineraires-du-val-daran-en-ete-2025\/"},"modified":"2025-08-13T13:59:48","modified_gmt":"2025-08-13T11:59:48","slug":"itineraires-du-val-daran-en-ete-2025","status":"publish","type":"post","link":"https:\/\/www.hoteltucblancbaqueira.com\/fr\/itineraires-du-val-daran-en-ete-2025\/","title":{"rendered":"Itin\u00e9raires du Val d&rsquo;Aran en \u00e9t\u00e9 [2025]"},"content":{"rendered":"<h3><strong>Bassa d&rsquo;Oles<\/strong><\/h3>\n<p>La Bassa d\u2019Oles est un coin de nature d\u2019une beaut\u00e9 exceptionnelle, situ\u00e9 \u00e0 quelques kilom\u00e8tres de Vielha, au c\u0153ur des Pyr\u00e9n\u00e9es. C\u2019est l\u2019endroit parfait pour passer une journ\u00e9e en famille, o\u00f9 petits et grands trouveront leur bonheur.<br \/>L\u2019itin\u00e9raire propose une agr\u00e9able boucle autour du lac, entour\u00e9 d\u2019une for\u00eat de sapins et de pins sylvestres, avec de nombreux gen\u00e9vriers et myrtilliers. La faune y est abondante : il est facile d\u2019y rep\u00e9rer des traces d\u2019animaux, et avec un peu de chance (et en se levant t\u00f4t), d\u2019apercevoir un chevreuil.<br \/>La piste d\u2019acc\u00e8s traverse le c\u00e9l\u00e8bre B\u00f2sc de Varicauba, et m\u00e8ne \u00e9galement \u00e0 l\u2019Artiga de Lin, en passant par le Plan Batalher et le Guardad\u00e8r de Betlan.<br \/><strong><a href=\"https:\/\/www.rutaspirineos.org\/rutas\/bassa-d-oles\">D\u00e9couvrez la randonn\u00e9e de la Bassa d\u2019Ole<\/a><\/strong>s, un incontournable pour les amoureux de la nature et de la randonn\u00e9e en Val d\u2019Aran.      <\/p>\n\n<figure class=\"wp-block-image size-full is-resized\"><img fetchpriority=\"high\" decoding=\"async\" width=\"816\" height=\"816\" src=\"https:\/\/www.hoteltucblancbaqueira.com\/wp-content\/uploads\/2025\/03\/BASSA-OLES.webp\" alt=\"bassa d'Oles\" class=\"wp-image-3825\" style=\"width:361px;height:auto\" srcset=\"https:\/\/www.hoteltucblancbaqueira.com\/wp-content\/uploads\/2025\/03\/BASSA-OLES.webp 816w, https:\/\/www.hoteltucblancbaqueira.com\/wp-content\/uploads\/2025\/03\/BASSA-OLES-300x300.webp 300w, https:\/\/www.hoteltucblancbaqueira.com\/wp-content\/uploads\/2025\/03\/BASSA-OLES-150x150.webp 150w, https:\/\/www.hoteltucblancbaqueira.com\/wp-content\/uploads\/2025\/03\/BASSA-OLES-768x768.webp 768w, https:\/\/www.hoteltucblancbaqueira.com\/wp-content\/uploads\/2025\/03\/BASSA-OLES-780x780.webp 780w, https:\/\/www.hoteltucblancbaqueira.com\/wp-content\/uploads\/2025\/03\/BASSA-OLES-600x600.webp 600w, https:\/\/www.hoteltucblancbaqueira.com\/wp-content\/uploads\/2025\/03\/BASSA-OLES-550x550.webp 550w, https:\/\/www.hoteltucblancbaqueira.com\/wp-content\/uploads\/2025\/03\/BASSA-OLES-370x370.webp 370w, https:\/\/www.hoteltucblancbaqueira.com\/wp-content\/uploads\/2025\/03\/BASSA-OLES-255x255.webp 255w\" sizes=\"(max-width: 816px) 100vw, 816px\" \/><\/figure>\n<h3><strong>Artiga de Lin \u2013 Un joyau naturel au c\u0153ur de la Val d\u2019Aran<\/strong><\/h3>\n<p>La r\u00e9gion de l\u2019Artiga de Lin est consid\u00e9r\u00e9e comme l\u2019une des plus belles zones de la Val d\u2019Aran en \u00e9t\u00e9. Ce splendide coin de nature est entour\u00e9 de montagnes escarp\u00e9es, de prairies verdoyantes et de for\u00eats luxuriantes.<br \/>Cet incroyable sentier de randonn\u00e9e, long de seulement 3 km, forme une boucle facile et accessible \u00e0 toute la famille. Une promenade parfaite pour profiter de l\u2019air pur des Pyr\u00e9n\u00e9es et d\u00e9couvrir la richesse naturelle de la r\u00e9gion.<br \/>D\u00e9couvrez la randonn\u00e9e de l\u2019<a href=\"https:\/\/www.rutaspirineos.org\/rutas\/uelhs-deth-joeu-era-artiga-de-lin\"><strong>Artiga de Lin et des Uelhs deth Jo\u00e8u<\/strong><\/a>, un incontournable pour les amoureux de la nature et de la randonn\u00e9e dans les Pyr\u00e9n\u00e9es aranaises. <\/p>\n\n<figure class=\"wp-block-image size-large is-resized\"><img decoding=\"async\" width=\"1024\" height=\"868\" src=\"https:\/\/www.hoteltucblancbaqueira.com\/wp-content\/uploads\/2025\/03\/artiga-de-lin-1024x868.webp\" alt=\"Itin&#xE9;raires du Val d'Aran en &#xE9;t&#xE9;\" class=\"wp-image-3823\" style=\"width:362px;height:auto\" srcset=\"https:\/\/www.hoteltucblancbaqueira.com\/wp-content\/uploads\/2025\/03\/artiga-de-lin-1024x868.webp 1024w, https:\/\/www.hoteltucblancbaqueira.com\/wp-content\/uploads\/2025\/03\/artiga-de-lin-300x254.webp 300w, https:\/\/www.hoteltucblancbaqueira.com\/wp-content\/uploads\/2025\/03\/artiga-de-lin-768x651.webp 768w, https:\/\/www.hoteltucblancbaqueira.com\/wp-content\/uploads\/2025\/03\/artiga-de-lin-1536x1302.webp 1536w, https:\/\/www.hoteltucblancbaqueira.com\/wp-content\/uploads\/2025\/03\/artiga-de-lin-1440x1220.webp 1440w, https:\/\/www.hoteltucblancbaqueira.com\/wp-content\/uploads\/2025\/03\/artiga-de-lin-1200x1017.webp 1200w, https:\/\/www.hoteltucblancbaqueira.com\/wp-content\/uploads\/2025\/03\/artiga-de-lin-780x661.webp 780w, https:\/\/www.hoteltucblancbaqueira.com\/wp-content\/uploads\/2025\/03\/artiga-de-lin-600x508.webp 600w, https:\/\/www.hoteltucblancbaqueira.com\/wp-content\/uploads\/2025\/03\/artiga-de-lin-550x466.webp 550w, https:\/\/www.hoteltucblancbaqueira.com\/wp-content\/uploads\/2025\/03\/artiga-de-lin-370x314.webp 370w, https:\/\/www.hoteltucblancbaqueira.com\/wp-content\/uploads\/2025\/03\/artiga-de-lin-255x216.webp 255w, https:\/\/www.hoteltucblancbaqueira.com\/wp-content\/uploads\/2025\/03\/artiga-de-lin.webp 1625w\" sizes=\"(max-width: 1024px) 100vw, 1024px\" \/><\/figure>\n<h3><strong>Route des 7 Lacs du Cirque de Colom\u00e8rs<\/strong><\/h3>\n<p>La Route des 7 Lacs du Cirque de Colom\u00e8rs est l\u2019une des randonn\u00e9es les plus c\u00e9l\u00e8bres du Parc National d\u2019Aig\u00fcestortes i Estany de Sant Maurici. Ce parcours circulaire de 16 km, de niveau moyen \u00e0 \u00e9lev\u00e9, permet de d\u00e9couvrir une s\u00e9rie de magnifiques lacs entour\u00e9s de paysages \u00e0 couper le souffle.<br \/>Ces lacs se sont form\u00e9s \u00e0 partir d\u2019anciens glaciers, qui ont \u00e9rod\u00e9 la roche au fil du temps pour cr\u00e9er de grands \u00e9tangs d\u2019altitude.<br \/>D\u00e9couvrez la <a href=\"https:\/\/www.rutaspirineos.org\/rutas\/circ-estanys-de-colomers-ruta-dels-7-llacs-val-aran\"><strong>randonn\u00e9e des 7 Lacs de Colom\u00e8rs<\/strong><\/a>, un must pour les passionn\u00e9s de montagne et de nature sauvage dans les Pyr\u00e9n\u00e9es catalanes.  <\/p>\n\n<figure class=\"wp-block-image size-full is-resized\"><img decoding=\"async\" width=\"729\" height=\"729\" src=\"https:\/\/www.hoteltucblancbaqueira.com\/wp-content\/uploads\/2025\/03\/CIRC-DE-COLOMERS.webp\" alt=\"circ colomers\" class=\"wp-image-3826\" style=\"width:370px;height:auto\" srcset=\"https:\/\/www.hoteltucblancbaqueira.com\/wp-content\/uploads\/2025\/03\/CIRC-DE-COLOMERS.webp 729w, https:\/\/www.hoteltucblancbaqueira.com\/wp-content\/uploads\/2025\/03\/CIRC-DE-COLOMERS-300x300.webp 300w, https:\/\/www.hoteltucblancbaqueira.com\/wp-content\/uploads\/2025\/03\/CIRC-DE-COLOMERS-150x150.webp 150w, https:\/\/www.hoteltucblancbaqueira.com\/wp-content\/uploads\/2025\/03\/CIRC-DE-COLOMERS-600x600.webp 600w, https:\/\/www.hoteltucblancbaqueira.com\/wp-content\/uploads\/2025\/03\/CIRC-DE-COLOMERS-550x550.webp 550w, https:\/\/www.hoteltucblancbaqueira.com\/wp-content\/uploads\/2025\/03\/CIRC-DE-COLOMERS-370x370.webp 370w, https:\/\/www.hoteltucblancbaqueira.com\/wp-content\/uploads\/2025\/03\/CIRC-DE-COLOMERS-255x255.webp 255w\" sizes=\"(max-width: 729px) 100vw, 729px\" \/><\/figure>\n<h2><strong>H\u00f4tel avec SPA \u00e0 Baqueira en \u00e9t\u00e9<\/strong><\/h2>\n\n<p>L\u2019H\u00f4tel Tuc Blanc ouvre ses portes en \u00e9t\u00e9, durant tout le mois d\u2019ao\u00fbt. Si vous souhaitez vous d\u00e9tendre et partager de bons moments en famille en pleine nature, ne cherchez plus : le Tuc Blanc est votre meilleur choix.<br\/>Apr\u00e8s une randonn\u00e9e ou une sortie en VTT, offrez-vous un massage relaxant dans notre <a href=\"https:\/\/www.hoteltucblancbaqueira.com\/fr\/spa-baqueira\/\"><strong>Spa \u00e0 Baqueir<\/strong><\/a>a, ou savourez les d\u00e9lices de notre restaurant et de notre caf\u00e9t\u00e9ria.<br\/>Vivez un \u00e9t\u00e9 inoubliable \u00e0 Baqueira et profitez du charme unique des Pyr\u00e9n\u00e9es.   <\/p>\n\n<p>R\u00e9servez d\u00e8s maintenant votre <strong><a href=\"https:\/\/hoteltucblancbaqueira.com\/fr\/\">h\u00f4tel \u00e0 Baqueira<\/a><\/strong>, id\u00e9alement situ\u00e9 au pied des pistes.<\/p>\n\n<figure class=\"wp-block-image size-large is-resized\"><img loading=\"lazy\" decoding=\"async\" width=\"1024\" height=\"683\" src=\"https:\/\/www.hoteltucblancbaqueira.com\/wp-content\/uploads\/2025\/07\/restaurante-baqueira-1-1024x683.webp\" alt=\"baqueira beret restaurante\" class=\"wp-image-3777\" style=\"width:378px;height:auto\" srcset=\"https:\/\/www.hoteltucblancbaqueira.com\/wp-content\/uploads\/2025\/07\/restaurante-baqueira-1-1024x683.webp 1024w, https:\/\/www.hoteltucblancbaqueira.com\/wp-content\/uploads\/2025\/07\/restaurante-baqueira-1-300x200.webp 300w, https:\/\/www.hoteltucblancbaqueira.com\/wp-content\/uploads\/2025\/07\/restaurante-baqueira-1-768x512.webp 768w, https:\/\/www.hoteltucblancbaqueira.com\/wp-content\/uploads\/2025\/07\/restaurante-baqueira-1-1536x1024.webp 1536w, https:\/\/www.hoteltucblancbaqueira.com\/wp-content\/uploads\/2025\/07\/restaurante-baqueira-1-1920x1280.webp 1920w, https:\/\/www.hoteltucblancbaqueira.com\/wp-content\/uploads\/2025\/07\/restaurante-baqueira-1-1440x960.webp 1440w, https:\/\/www.hoteltucblancbaqueira.com\/wp-content\/uploads\/2025\/07\/restaurante-baqueira-1-1200x800.webp 1200w, https:\/\/www.hoteltucblancbaqueira.com\/wp-content\/uploads\/2025\/07\/restaurante-baqueira-1-780x520.webp 780w, https:\/\/www.hoteltucblancbaqueira.com\/wp-content\/uploads\/2025\/07\/restaurante-baqueira-1-600x400.webp 600w, https:\/\/www.hoteltucblancbaqueira.com\/wp-content\/uploads\/2025\/07\/restaurante-baqueira-1-550x367.webp 550w, https:\/\/www.hoteltucblancbaqueira.com\/wp-content\/uploads\/2025\/07\/restaurante-baqueira-1-370x247.webp 370w, https:\/\/www.hoteltucblancbaqueira.com\/wp-content\/uploads\/2025\/07\/restaurante-baqueira-1-255x170.webp 255w, https:\/\/www.hoteltucblancbaqueira.com\/wp-content\/uploads\/2025\/07\/restaurante-baqueira-1.webp 2048w\" sizes=\"(max-width: 1024px) 100vw, 1024px\" \/><\/figure>\n<h2><strong>Station de Baqueira en \u00e9t\u00e9 \u2013 Val d\u2019Aran<\/strong><\/h2>\n\n<p>\u00c0 partir du 7 juillet et pendant tout le mois d\u2019ao\u00fbt, Baqueira Beret propose des exp\u00e9riences uniques en haute montagne, adapt\u00e9es \u00e0 tous les publics. <a href=\"https:\/\/www.baqueira.es\/mapa-de-pistas-verano-baqueira-beret\"><strong>Randonn\u00e9es p\u00e9destres, VTT<\/strong><\/a>, gastronomie d\u2019exception et \u00e9v\u00e9nements culturels de premier plan vous attendent \u00e0 travers la Val d\u2019Aran et le Pallars.<br\/><br\/><\/p>\n\n<p>Vivez l\u2019esprit Baqueira, m\u00eame en \u00e9t\u00e9, au c\u0153ur des Pyr\u00e9n\u00e9es !<\/p>\n\n<figure class=\"wp-block-image size-full is-resized\"><img loading=\"lazy\" decoding=\"async\" width=\"816\" height=\"816\" src=\"https:\/\/www.hoteltucblancbaqueira.com\/wp-content\/uploads\/2025\/03\/UELHS-DETH-JOEU.webp\" alt=\"&#xC9;t&#xE9; &#xE0; Baqueira\" class=\"wp-image-4448\" style=\"width:384px;height:auto\" srcset=\"https:\/\/www.hoteltucblancbaqueira.com\/wp-content\/uploads\/2025\/03\/UELHS-DETH-JOEU.webp 816w, https:\/\/www.hoteltucblancbaqueira.com\/wp-content\/uploads\/2025\/03\/UELHS-DETH-JOEU-300x300.webp 300w, https:\/\/www.hoteltucblancbaqueira.com\/wp-content\/uploads\/2025\/03\/UELHS-DETH-JOEU-150x150.webp 150w, https:\/\/www.hoteltucblancbaqueira.com\/wp-content\/uploads\/2025\/03\/UELHS-DETH-JOEU-768x768.webp 768w, https:\/\/www.hoteltucblancbaqueira.com\/wp-content\/uploads\/2025\/03\/UELHS-DETH-JOEU-780x780.webp 780w, https:\/\/www.hoteltucblancbaqueira.com\/wp-content\/uploads\/2025\/03\/UELHS-DETH-JOEU-600x600.webp 600w, https:\/\/www.hoteltucblancbaqueira.com\/wp-content\/uploads\/2025\/03\/UELHS-DETH-JOEU-550x550.webp 550w, https:\/\/www.hoteltucblancbaqueira.com\/wp-content\/uploads\/2025\/03\/UELHS-DETH-JOEU-370x370.webp 370w, https:\/\/www.hoteltucblancbaqueira.com\/wp-content\/uploads\/2025\/03\/UELHS-DETH-JOEU-255x255.webp 255w\" sizes=\"(max-width: 816px) 100vw, 816px\" \/><\/figure>\n<h2><strong>Un \u00e9t\u00e9 dans la Val d\u2019Aran<\/strong><\/h2>\n\n<p>Venez profiter de la Val d\u2019Aran en \u00e9t\u00e9, avec une infinit\u00e9 d\u2019activit\u00e9s parmi lesquelles :<\/p>\n\n<p><a href=\"https:\/\/www.visitvaldaran.com\/ruta-para-descubrir-el-romanico-de-la-val-daran\/\"><strong>Route du Roman<\/strong><\/a> &#8211; Randonn\u00e9e \u2013 Rom\u00e0nic Musicau \u2013 Ascensions en montagne \u2013 Ultra Trail Val d\u2019Aran \u2013 Descente de canyons \u2013 Cyclotourisme \u2013 Rafting sur la rivi\u00e8re Garona \u2013 H\u00e8t a man H\u00e8t aciu \u2013 Tourisme \u00e9questre \u2013 Commerce local \u2013 VTT &#8211; <a href=\"https:\/\/www.salarducountryrockfestival.es\/\"><strong>Country Rock Festival<\/strong> <\/a>&#8211; <a href=\"https:\/\/www.visitvaldaran.com\/item\/safari-fauna-flora-frutos-del-bosque\/\"><strong>Safaris Photographiques<\/strong><\/a> &#8211; Canyoning \u2013 Tir \u00e0 l\u2019arc &#8211; <strong><a href=\"https:\/\/www.visitvaldaran.com\/item\/hormatgeria-tarrau\/\">Era Hormatgeria Tarrau<\/a> <\/strong>\u2013 Hipic Aran \u2013 Palai de Geu \u2013 Mus\u00e8u dera Nh\u00e8u \u2013 Mus\u00e8u eth Corrau \u2013 Mus\u00e8u Tor deth Generau Martinhon \u2013 \u00c9comus\u00e9e \u00c7o de Joanchiquet \u2013 Pedals de Foc \u2013 Mines Victoria d\u2019Arres \u2013 Setau Sageth.<\/p>\n\n<p>Venez d\u00e9couvrir la Val d\u2019Aran !<\/p>\n","protected":false},"excerpt":{"rendered":"<p>Bassa d&rsquo;Oles La Bassa d\u2019Oles est un coin de nature d\u2019une beaut\u00e9 exceptionnelle, situ\u00e9 \u00e0 quelques kilom\u00e8tres de Vielha, au c\u0153ur des Pyr\u00e9n\u00e9es. C\u2019est l\u2019endroit parfait pour passer une journ\u00e9e en famille, o\u00f9 petits et grands trouveront leur bonheur.L\u2019itin\u00e9raire propose une agr\u00e9able boucle autour du lac, entour\u00e9 d\u2019une for\u00eat de sapins et de pins sylvestres, &#8230;<\/p>\n","protected":false},"author":3,"featured_media":6289,"comment_status":"closed","ping_status":"closed","sticky":false,"template":"","format":"standard","meta":{"loftocean_post_format_gallery":"","loftocean_post_format_gallery_ids":"","loftocean_post_format_gallery_urls":"","loftocean_post_format_video_id":0,"loftocean_post_format_video_url":"","loftocean_post_format_video_type":"","loftocean_post_format_video":"","loftocean_post_format_audio_type":"","loftocean_post_format_audio_url":"","loftocean_post_format_audio_id":0,"loftocean_post_format_audio":"","loftocean-like-count":0,"cozystay_single_post_hide_site_header":"","cozystay_single_post_site_header_source":"","cozystay_single_post_custom_site_header":"0","cozystay_single_post_custom_sticky_site_header":"0","cozystay_single_post_hide_page_title":"","cozystay_single_post_site_footer_hide_main":"","cozystay_single_custom_site_footer_main_source":"","cozystay_single_custom_site_footer_main":"0","cozystay_single_post_site_footer_hide_above":"","cozystay_single_custom_site_footer_above_source":"","cozystay_single_custom_site_footer_above":"0","cozystay_single_post_site_footer_hide_instagram":"","cozystay_single_post_site_footer_hide_bottom":"","cozystay_single_custom_mobile_menu_source":"","cozystay_single_custom_mobile_menu":"0","cozystay_single_custom_mobile_menu_animation":"","cozystay_single_custom_mobile_menu_width":"","cozystay_single_custom_mobile_menu_custom_width":375,"cozystay_single_post_template":"","footnotes":""},"categories":[220],"tags":[246,102,221,222,241,244,242],"class_list":["post-6507","post","type-post","status-publish","format-standard","has-post-thumbnail","hentry","category-lete-a-baqueira","tag-activites-dete-a-baqueira","tag-bar-baqueira","tag-ete-a-baqueira","tag-lete-dans-le-val-daran","tag-meilleurs-restaurants-de-baqueira","tag-spa-du-val-daran","tag-val-daran-en-ete"],"yoast_head":"<!-- This site is optimized with the Yoast SEO plugin v27.4 - https:\/\/yoast.com\/product\/yoast-seo-wordpress\/ -->\n<title>Itin\u00e9raires du Val d&#039;Aran en \u00e9t\u00e9 [2025] | Hotel Tuc Blanc en verano<\/title>\n<meta name=\"description\" content=\"D\u00e9couvrez les randonn\u00e9es et sentiers du Val d&#039;Aran en \u00e9t\u00e9. Profitez des paysages, des lacs et des randonn\u00e9es dans la vall\u00e9e.\" \/>\n<meta name=\"robots\" content=\"index, follow, max-snippet:-1, max-image-preview:large, max-video-preview:-1\" \/>\n<link rel=\"canonical\" href=\"https:\/\/www.hoteltucblancbaqueira.com\/fr\/itineraires-du-val-daran-en-ete-2025\/\" \/>\n<meta property=\"og:locale\" content=\"fr_FR\" \/>\n<meta property=\"og:type\" content=\"article\" \/>\n<meta property=\"og:title\" content=\"Itin\u00e9raires du Val d&#039;Aran en \u00e9t\u00e9 [2025] | Hotel Tuc Blanc en verano\" \/>\n<meta property=\"og:description\" content=\"D\u00e9couvrez les randonn\u00e9es et sentiers du Val d&#039;Aran en \u00e9t\u00e9. Profitez des paysages, des lacs et des randonn\u00e9es dans la vall\u00e9e.\" \/>\n<meta property=\"og:url\" content=\"https:\/\/www.hoteltucblancbaqueira.com\/fr\/itineraires-du-val-daran-en-ete-2025\/\" \/>\n<meta property=\"og:site_name\" content=\"Hotel Tuc Blanc Baqueira\" \/>\n<meta property=\"article:published_time\" content=\"2025-07-21T13:16:02+00:00\" \/>\n<meta property=\"article:modified_time\" content=\"2025-08-13T11:59:48+00:00\" \/>\n<meta property=\"og:image\" content=\"https:\/\/www.hoteltucblancbaqueira.com\/wp-content\/uploads\/2025\/07\/Arties_Vall-dAran-estiu-scaled.webp\" \/>\n\t<meta property=\"og:image:width\" content=\"2560\" \/>\n\t<meta property=\"og:image:height\" content=\"1280\" \/>\n\t<meta property=\"og:image:type\" content=\"image\/webp\" \/>\n<meta name=\"author\" content=\"alojapro_mkt\" \/>\n<meta name=\"twitter:card\" content=\"summary_large_image\" \/>\n<meta name=\"twitter:label1\" content=\"\u00c9crit par\" \/>\n\t<meta name=\"twitter:data1\" content=\"alojapro_mkt\" \/>\n\t<meta name=\"twitter:label2\" content=\"Dur\u00e9e de lecture estim\u00e9e\" \/>\n\t<meta name=\"twitter:data2\" content=\"4 minutes\" \/>\n<script type=\"application\/ld+json\" class=\"yoast-schema-graph\">{\"@context\":\"https:\\\/\\\/schema.org\",\"@graph\":[{\"@type\":\"Article\",\"@id\":\"https:\\\/\\\/www.hoteltucblancbaqueira.com\\\/fr\\\/itineraires-du-val-daran-en-ete-2025\\\/#article\",\"isPartOf\":{\"@id\":\"https:\\\/\\\/www.hoteltucblancbaqueira.com\\\/fr\\\/itineraires-du-val-daran-en-ete-2025\\\/\"},\"author\":{\"name\":\"alojapro_mkt\",\"@id\":\"https:\\\/\\\/www.hoteltucblancbaqueira.com\\\/fr\\\/#\\\/schema\\\/person\\\/18a0f8b4813ee9544e861e9777b27696\"},\"headline\":\"Itin\u00e9raires du Val d&rsquo;Aran en \u00e9t\u00e9 [2025]\",\"datePublished\":\"2025-07-21T13:16:02+00:00\",\"dateModified\":\"2025-08-13T11:59:48+00:00\",\"mainEntityOfPage\":{\"@id\":\"https:\\\/\\\/www.hoteltucblancbaqueira.com\\\/fr\\\/itineraires-du-val-daran-en-ete-2025\\\/\"},\"wordCount\":742,\"publisher\":{\"@id\":\"https:\\\/\\\/www.hoteltucblancbaqueira.com\\\/fr\\\/#organization\"},\"image\":{\"@id\":\"https:\\\/\\\/www.hoteltucblancbaqueira.com\\\/fr\\\/itineraires-du-val-daran-en-ete-2025\\\/#primaryimage\"},\"thumbnailUrl\":\"https:\\\/\\\/www.hoteltucblancbaqueira.com\\\/wp-content\\\/uploads\\\/2025\\\/07\\\/Arties_Vall-dAran-estiu-scaled.webp\",\"keywords\":[\"Activit\u00e9s d'\u00e9t\u00e9 \u00e0 Baqueira\\\/\\\/\",\"bar baqueira\",\"\u00c9t\u00e9 \u00e0 Baqueira\",\"L'\u00e9t\u00e9 dans le Val d'Aran\",\"meilleurs restaurants de Baqueira\",\"Spa du Val d'Aran\",\"Val d'Aran en \u00e9t\u00e9\"],\"articleSection\":[\"L'\u00e9t\u00e9 \u00e0 Baqueira\"],\"inLanguage\":\"fr-FR\"},{\"@type\":\"WebPage\",\"@id\":\"https:\\\/\\\/www.hoteltucblancbaqueira.com\\\/fr\\\/itineraires-du-val-daran-en-ete-2025\\\/\",\"url\":\"https:\\\/\\\/www.hoteltucblancbaqueira.com\\\/fr\\\/itineraires-du-val-daran-en-ete-2025\\\/\",\"name\":\"Itin\u00e9raires du Val d'Aran en \u00e9t\u00e9 [2025] | Hotel Tuc Blanc en verano\",\"isPartOf\":{\"@id\":\"https:\\\/\\\/www.hoteltucblancbaqueira.com\\\/fr\\\/#website\"},\"primaryImageOfPage\":{\"@id\":\"https:\\\/\\\/www.hoteltucblancbaqueira.com\\\/fr\\\/itineraires-du-val-daran-en-ete-2025\\\/#primaryimage\"},\"image\":{\"@id\":\"https:\\\/\\\/www.hoteltucblancbaqueira.com\\\/fr\\\/itineraires-du-val-daran-en-ete-2025\\\/#primaryimage\"},\"thumbnailUrl\":\"https:\\\/\\\/www.hoteltucblancbaqueira.com\\\/wp-content\\\/uploads\\\/2025\\\/07\\\/Arties_Vall-dAran-estiu-scaled.webp\",\"datePublished\":\"2025-07-21T13:16:02+00:00\",\"dateModified\":\"2025-08-13T11:59:48+00:00\",\"description\":\"D\u00e9couvrez les randonn\u00e9es et sentiers du Val d'Aran en \u00e9t\u00e9. Profitez des paysages, des lacs et des randonn\u00e9es dans la vall\u00e9e.\",\"breadcrumb\":{\"@id\":\"https:\\\/\\\/www.hoteltucblancbaqueira.com\\\/fr\\\/itineraires-du-val-daran-en-ete-2025\\\/#breadcrumb\"},\"inLanguage\":\"fr-FR\",\"potentialAction\":[{\"@type\":\"ReadAction\",\"target\":[\"https:\\\/\\\/www.hoteltucblancbaqueira.com\\\/fr\\\/itineraires-du-val-daran-en-ete-2025\\\/\"]}]},{\"@type\":\"ImageObject\",\"inLanguage\":\"fr-FR\",\"@id\":\"https:\\\/\\\/www.hoteltucblancbaqueira.com\\\/fr\\\/itineraires-du-val-daran-en-ete-2025\\\/#primaryimage\",\"url\":\"https:\\\/\\\/www.hoteltucblancbaqueira.com\\\/wp-content\\\/uploads\\\/2025\\\/07\\\/Arties_Vall-dAran-estiu-scaled.webp\",\"contentUrl\":\"https:\\\/\\\/www.hoteltucblancbaqueira.com\\\/wp-content\\\/uploads\\\/2025\\\/07\\\/Arties_Vall-dAran-estiu-scaled.webp\",\"width\":2560,\"height\":1280,\"caption\":\"Arties_Vall d'Aran estiu\"},{\"@type\":\"BreadcrumbList\",\"@id\":\"https:\\\/\\\/www.hoteltucblancbaqueira.com\\\/fr\\\/itineraires-du-val-daran-en-ete-2025\\\/#breadcrumb\",\"itemListElement\":[{\"@type\":\"ListItem\",\"position\":1,\"name\":\"Portada\",\"item\":\"https:\\\/\\\/www.hoteltucblancbaqueira.com\\\/fr\\\/home\\\/\"},{\"@type\":\"ListItem\",\"position\":2,\"name\":\"Itin\u00e9raires du Val d&#8217;Aran en \u00e9t\u00e9 [2025]\"}]},{\"@type\":\"WebSite\",\"@id\":\"https:\\\/\\\/www.hoteltucblancbaqueira.com\\\/fr\\\/#website\",\"url\":\"https:\\\/\\\/www.hoteltucblancbaqueira.com\\\/fr\\\/\",\"name\":\"Hotel Tuc Blanc Baqueira\",\"description\":\"Hotel en Baqueira a pie de pistas\",\"publisher\":{\"@id\":\"https:\\\/\\\/www.hoteltucblancbaqueira.com\\\/fr\\\/#organization\"},\"potentialAction\":[{\"@type\":\"SearchAction\",\"target\":{\"@type\":\"EntryPoint\",\"urlTemplate\":\"https:\\\/\\\/www.hoteltucblancbaqueira.com\\\/fr\\\/?s={search_term_string}\"},\"query-input\":{\"@type\":\"PropertyValueSpecification\",\"valueRequired\":true,\"valueName\":\"search_term_string\"}}],\"inLanguage\":\"fr-FR\"},{\"@type\":\"Organization\",\"@id\":\"https:\\\/\\\/www.hoteltucblancbaqueira.com\\\/fr\\\/#organization\",\"name\":\"Hotel Tuc Blanc Baqueira\",\"url\":\"https:\\\/\\\/www.hoteltucblancbaqueira.com\\\/fr\\\/\",\"logo\":{\"@type\":\"ImageObject\",\"inLanguage\":\"fr-FR\",\"@id\":\"https:\\\/\\\/www.hoteltucblancbaqueira.com\\\/fr\\\/#\\\/schema\\\/logo\\\/image\\\/\",\"url\":\"https:\\\/\\\/www.hoteltucblancbaqueira.com\\\/wp-content\\\/uploads\\\/2025\\\/05\\\/logo_header.svg\",\"contentUrl\":\"https:\\\/\\\/www.hoteltucblancbaqueira.com\\\/wp-content\\\/uploads\\\/2025\\\/05\\\/logo_header.svg\",\"width\":398,\"height\":101,\"caption\":\"Hotel Tuc Blanc Baqueira\"},\"image\":{\"@id\":\"https:\\\/\\\/www.hoteltucblancbaqueira.com\\\/fr\\\/#\\\/schema\\\/logo\\\/image\\\/\"}},{\"@type\":\"Person\",\"@id\":\"https:\\\/\\\/www.hoteltucblancbaqueira.com\\\/fr\\\/#\\\/schema\\\/person\\\/18a0f8b4813ee9544e861e9777b27696\",\"name\":\"alojapro_mkt\"}]}<\/script>\n<!-- \/ Yoast SEO plugin. -->","yoast_head_json":{"title":"Itin\u00e9raires du Val d'Aran en \u00e9t\u00e9 [2025] | Hotel Tuc Blanc en verano","description":"D\u00e9couvrez les randonn\u00e9es et sentiers du Val d'Aran en \u00e9t\u00e9. Profitez des paysages, des lacs et des randonn\u00e9es dans la vall\u00e9e.","robots":{"index":"index","follow":"follow","max-snippet":"max-snippet:-1","max-image-preview":"max-image-preview:large","max-video-preview":"max-video-preview:-1"},"canonical":"https:\/\/www.hoteltucblancbaqueira.com\/fr\/itineraires-du-val-daran-en-ete-2025\/","og_locale":"fr_FR","og_type":"article","og_title":"Itin\u00e9raires du Val d'Aran en \u00e9t\u00e9 [2025] | Hotel Tuc Blanc en verano","og_description":"D\u00e9couvrez les randonn\u00e9es et sentiers du Val d'Aran en \u00e9t\u00e9. Profitez des paysages, des lacs et des randonn\u00e9es dans la vall\u00e9e.","og_url":"https:\/\/www.hoteltucblancbaqueira.com\/fr\/itineraires-du-val-daran-en-ete-2025\/","og_site_name":"Hotel Tuc Blanc Baqueira","article_published_time":"2025-07-21T13:16:02+00:00","article_modified_time":"2025-08-13T11:59:48+00:00","og_image":[{"width":2560,"height":1280,"url":"https:\/\/www.hoteltucblancbaqueira.com\/wp-content\/uploads\/2025\/07\/Arties_Vall-dAran-estiu-scaled.webp","type":"image\/webp"}],"author":"alojapro_mkt","twitter_card":"summary_large_image","twitter_misc":{"\u00c9crit par":"alojapro_mkt","Dur\u00e9e de lecture estim\u00e9e":"4 minutes"},"schema":{"@context":"https:\/\/schema.org","@graph":[{"@type":"Article","@id":"https:\/\/www.hoteltucblancbaqueira.com\/fr\/itineraires-du-val-daran-en-ete-2025\/#article","isPartOf":{"@id":"https:\/\/www.hoteltucblancbaqueira.com\/fr\/itineraires-du-val-daran-en-ete-2025\/"},"author":{"name":"alojapro_mkt","@id":"https:\/\/www.hoteltucblancbaqueira.com\/fr\/#\/schema\/person\/18a0f8b4813ee9544e861e9777b27696"},"headline":"Itin\u00e9raires du Val d&rsquo;Aran en \u00e9t\u00e9 [2025]","datePublished":"2025-07-21T13:16:02+00:00","dateModified":"2025-08-13T11:59:48+00:00","mainEntityOfPage":{"@id":"https:\/\/www.hoteltucblancbaqueira.com\/fr\/itineraires-du-val-daran-en-ete-2025\/"},"wordCount":742,"publisher":{"@id":"https:\/\/www.hoteltucblancbaqueira.com\/fr\/#organization"},"image":{"@id":"https:\/\/www.hoteltucblancbaqueira.com\/fr\/itineraires-du-val-daran-en-ete-2025\/#primaryimage"},"thumbnailUrl":"https:\/\/www.hoteltucblancbaqueira.com\/wp-content\/uploads\/2025\/07\/Arties_Vall-dAran-estiu-scaled.webp","keywords":["Activit\u00e9s d'\u00e9t\u00e9 \u00e0 Baqueira\/\/","bar baqueira","\u00c9t\u00e9 \u00e0 Baqueira","L'\u00e9t\u00e9 dans le Val d'Aran","meilleurs restaurants de Baqueira","Spa du Val d'Aran","Val d'Aran en \u00e9t\u00e9"],"articleSection":["L'\u00e9t\u00e9 \u00e0 Baqueira"],"inLanguage":"fr-FR"},{"@type":"WebPage","@id":"https:\/\/www.hoteltucblancbaqueira.com\/fr\/itineraires-du-val-daran-en-ete-2025\/","url":"https:\/\/www.hoteltucblancbaqueira.com\/fr\/itineraires-du-val-daran-en-ete-2025\/","name":"Itin\u00e9raires du Val d'Aran en \u00e9t\u00e9 [2025] | Hotel Tuc Blanc en verano","isPartOf":{"@id":"https:\/\/www.hoteltucblancbaqueira.com\/fr\/#website"},"primaryImageOfPage":{"@id":"https:\/\/www.hoteltucblancbaqueira.com\/fr\/itineraires-du-val-daran-en-ete-2025\/#primaryimage"},"image":{"@id":"https:\/\/www.hoteltucblancbaqueira.com\/fr\/itineraires-du-val-daran-en-ete-2025\/#primaryimage"},"thumbnailUrl":"https:\/\/www.hoteltucblancbaqueira.com\/wp-content\/uploads\/2025\/07\/Arties_Vall-dAran-estiu-scaled.webp","datePublished":"2025-07-21T13:16:02+00:00","dateModified":"2025-08-13T11:59:48+00:00","description":"D\u00e9couvrez les randonn\u00e9es et sentiers du Val d'Aran en \u00e9t\u00e9. Profitez des paysages, des lacs et des randonn\u00e9es dans la vall\u00e9e.","breadcrumb":{"@id":"https:\/\/www.hoteltucblancbaqueira.com\/fr\/itineraires-du-val-daran-en-ete-2025\/#breadcrumb"},"inLanguage":"fr-FR","potentialAction":[{"@type":"ReadAction","target":["https:\/\/www.hoteltucblancbaqueira.com\/fr\/itineraires-du-val-daran-en-ete-2025\/"]}]},{"@type":"ImageObject","inLanguage":"fr-FR","@id":"https:\/\/www.hoteltucblancbaqueira.com\/fr\/itineraires-du-val-daran-en-ete-2025\/#primaryimage","url":"https:\/\/www.hoteltucblancbaqueira.com\/wp-content\/uploads\/2025\/07\/Arties_Vall-dAran-estiu-scaled.webp","contentUrl":"https:\/\/www.hoteltucblancbaqueira.com\/wp-content\/uploads\/2025\/07\/Arties_Vall-dAran-estiu-scaled.webp","width":2560,"height":1280,"caption":"Arties_Vall d'Aran estiu"},{"@type":"BreadcrumbList","@id":"https:\/\/www.hoteltucblancbaqueira.com\/fr\/itineraires-du-val-daran-en-ete-2025\/#breadcrumb","itemListElement":[{"@type":"ListItem","position":1,"name":"Portada","item":"https:\/\/www.hoteltucblancbaqueira.com\/fr\/home\/"},{"@type":"ListItem","position":2,"name":"Itin\u00e9raires du Val d&#8217;Aran en \u00e9t\u00e9 [2025]"}]},{"@type":"WebSite","@id":"https:\/\/www.hoteltucblancbaqueira.com\/fr\/#website","url":"https:\/\/www.hoteltucblancbaqueira.com\/fr\/","name":"Hotel Tuc Blanc Baqueira","description":"Hotel en Baqueira a pie de pistas","publisher":{"@id":"https:\/\/www.hoteltucblancbaqueira.com\/fr\/#organization"},"potentialAction":[{"@type":"SearchAction","target":{"@type":"EntryPoint","urlTemplate":"https:\/\/www.hoteltucblancbaqueira.com\/fr\/?s={search_term_string}"},"query-input":{"@type":"PropertyValueSpecification","valueRequired":true,"valueName":"search_term_string"}}],"inLanguage":"fr-FR"},{"@type":"Organization","@id":"https:\/\/www.hoteltucblancbaqueira.com\/fr\/#organization","name":"Hotel Tuc Blanc Baqueira","url":"https:\/\/www.hoteltucblancbaqueira.com\/fr\/","logo":{"@type":"ImageObject","inLanguage":"fr-FR","@id":"https:\/\/www.hoteltucblancbaqueira.com\/fr\/#\/schema\/logo\/image\/","url":"https:\/\/www.hoteltucblancbaqueira.com\/wp-content\/uploads\/2025\/05\/logo_header.svg","contentUrl":"https:\/\/www.hoteltucblancbaqueira.com\/wp-content\/uploads\/2025\/05\/logo_header.svg","width":398,"height":101,"caption":"Hotel Tuc Blanc Baqueira"},"image":{"@id":"https:\/\/www.hoteltucblancbaqueira.com\/fr\/#\/schema\/logo\/image\/"}},{"@type":"Person","@id":"https:\/\/www.hoteltucblancbaqueira.com\/fr\/#\/schema\/person\/18a0f8b4813ee9544e861e9777b27696","name":"alojapro_mkt"}]}},"loftoceanMetas":{"authorName":"alojapro_mkt","categories":[{"name":"L'\u00e9t\u00e9 \u00e0 Baqueira","link":"https:\/\/www.hoteltucblancbaqueira.com\/fr\/category\/lete-a-baqueira\/","count":8}],"date":"21 de juillet de 2025","featuredImageSRC":"https:\/\/www.hoteltucblancbaqueira.com\/wp-content\/uploads\/2025\/07\/Arties_Vall-dAran-estiu-150x150.webp"},"_links":{"self":[{"href":"https:\/\/www.hoteltucblancbaqueira.com\/fr\/wp-json\/wp\/v2\/posts\/6507","targetHints":{"allow":["GET"]}}],"collection":[{"href":"https:\/\/www.hoteltucblancbaqueira.com\/fr\/wp-json\/wp\/v2\/posts"}],"about":[{"href":"https:\/\/www.hoteltucblancbaqueira.com\/fr\/wp-json\/wp\/v2\/types\/post"}],"author":[{"embeddable":true,"href":"https:\/\/www.hoteltucblancbaqueira.com\/fr\/wp-json\/wp\/v2\/users\/3"}],"replies":[{"embeddable":true,"href":"https:\/\/www.hoteltucblancbaqueira.com\/fr\/wp-json\/wp\/v2\/comments?post=6507"}],"version-history":[{"count":0,"href":"https:\/\/www.hoteltucblancbaqueira.com\/fr\/wp-json\/wp\/v2\/posts\/6507\/revisions"}],"wp:featuredmedia":[{"embeddable":true,"href":"https:\/\/www.hoteltucblancbaqueira.com\/fr\/wp-json\/wp\/v2\/media\/6289"}],"wp:attachment":[{"href":"https:\/\/www.hoteltucblancbaqueira.com\/fr\/wp-json\/wp\/v2\/media?parent=6507"}],"wp:term":[{"taxonomy":"category","embeddable":true,"href":"https:\/\/www.hoteltucblancbaqueira.com\/fr\/wp-json\/wp\/v2\/categories?post=6507"},{"taxonomy":"post_tag","embeddable":true,"href":"https:\/\/www.hoteltucblancbaqueira.com\/fr\/wp-json\/wp\/v2\/tags?post=6507"}],"curies":[{"name":"wp","href":"https:\/\/api.w.org\/{rel}","templated":true}]}}