{"id":6801,"date":"2025-07-21T15:06:53","date_gmt":"2025-07-21T13:06:53","guid":{"rendered":"https:\/\/www.hoteltucblancbaqueira.com\/defile-des-rois-mages-a-baqueira-2026\/"},"modified":"2025-08-28T13:07:36","modified_gmt":"2025-08-28T11:07:36","slug":"defile-des-rois-mages-a-baqueira-2026","status":"publish","type":"post","link":"https:\/\/www.hoteltucblancbaqueira.com\/fr\/defile-des-rois-mages-a-baqueira-2026\/","title":{"rendered":"D\u00e9fil\u00e9 des Rois Mages \u00e0 Baqueira 2026"},"content":{"rendered":"\n<p><span style=\"font-weight: 400;\">L\u2019ann\u00e9e 2025 touche \u00e0 sa fin et l\u2019un des \u00e9v\u00e9nements les plus attendus pour les enfants approche : le d\u00e9fil\u00e9 des Rois Mages. \u00c0 Baqueira, les Rois d\u2019Orient arriveront en dameuses \u00e0 la cota 1500 l\u2019apr\u00e8s-midi du 5 janvier. <\/span><\/p>\n\n<p><span style=\"font-weight: 400;\">Avant leur arriv\u00e9e, Baqueira Beret proposera chocolat chaud et brioches \u00e0 tous les participants..<\/span><\/p>\n\n<p><span style=\"font-weight: 400;\">Vers 18h30, les Rois Mages feront leur entr\u00e9e et seront accueillis par les familles. Ils distribueront des bonbons, recueilleront les lettres des enfants et prendront des photos. Ils prononceront \u00e9galement un discours festif.<br\/>La c\u00e9l\u00e9bration se terminera par une messe dans l\u2019\u00e9glise de Baqueira.  <\/span><\/p>\n\n<p><span style=\"font-weight: 400;\">Un moment magique et inoubliable, id\u00e9al pour les enfants et les familles, au c\u0153ur des montagnes enneig\u00e9es prestigieuses de Baqueira.<\/span><\/p>\n\n<h2 class=\"wp-block-heading\"><b>Horaires du D\u00e9fil\u00e9 des Rois Mages \u00e0 Baqueira 2026<\/b><\/h2>\n\n<p><span style=\"font-weight: 400;\"><strong>Date <\/strong>: 5 janvier<\/span><\/p>\n\n<p><span style=\"font-weight: 400;\"><strong>Lieu <\/strong>: Bureaux de ski de Baqueira 1500<\/span><\/p>\n\n<p><span style=\"font-weight: 400;\"><strong>18:15h:<\/strong> Distribution de chocolat chaud et brioches aux participants.<\/span><\/p>\n\n<p><span style=\"font-weight: 400;\"><strong>18:30h:<\/strong> Arriv\u00e9e des Rois Mages en dameuses.<\/span><\/p>\n\n<p><span style=\"font-weight: 400;\"><strong>19:00h:<\/strong> Messe \u00e0 l\u2019\u00e9glise de Baqueira.<\/span><\/p>\n\n<figure class=\"wp-block-image size-large is-resized\"><img fetchpriority=\"high\" decoding=\"async\" width=\"1024\" height=\"768\" src=\"https:\/\/www.hoteltucblancbaqueira.com\/wp-content\/uploads\/2023\/12\/cabalgata-reyes-baqueira-1024x768.webp\" alt=\"rois baqueira\" class=\"wp-image-4697\" style=\"width:429px;height:auto\" srcset=\"https:\/\/www.hoteltucblancbaqueira.com\/wp-content\/uploads\/2023\/12\/cabalgata-reyes-baqueira-1024x768.webp 1024w, https:\/\/www.hoteltucblancbaqueira.com\/wp-content\/uploads\/2023\/12\/cabalgata-reyes-baqueira-300x225.webp 300w, https:\/\/www.hoteltucblancbaqueira.com\/wp-content\/uploads\/2023\/12\/cabalgata-reyes-baqueira-768x576.webp 768w, https:\/\/www.hoteltucblancbaqueira.com\/wp-content\/uploads\/2023\/12\/cabalgata-reyes-baqueira-1536x1152.webp 1536w, https:\/\/www.hoteltucblancbaqueira.com\/wp-content\/uploads\/2023\/12\/cabalgata-reyes-baqueira-1920x1440.webp 1920w, https:\/\/www.hoteltucblancbaqueira.com\/wp-content\/uploads\/2023\/12\/cabalgata-reyes-baqueira-1440x1080.webp 1440w, https:\/\/www.hoteltucblancbaqueira.com\/wp-content\/uploads\/2023\/12\/cabalgata-reyes-baqueira-1200x900.webp 1200w, https:\/\/www.hoteltucblancbaqueira.com\/wp-content\/uploads\/2023\/12\/cabalgata-reyes-baqueira-780x585.webp 780w, https:\/\/www.hoteltucblancbaqueira.com\/wp-content\/uploads\/2023\/12\/cabalgata-reyes-baqueira-600x450.webp 600w, https:\/\/www.hoteltucblancbaqueira.com\/wp-content\/uploads\/2023\/12\/cabalgata-reyes-baqueira-550x413.webp 550w, https:\/\/www.hoteltucblancbaqueira.com\/wp-content\/uploads\/2023\/12\/cabalgata-reyes-baqueira-370x278.webp 370w, https:\/\/www.hoteltucblancbaqueira.com\/wp-content\/uploads\/2023\/12\/cabalgata-reyes-baqueira-255x191.webp 255w, https:\/\/www.hoteltucblancbaqueira.com\/wp-content\/uploads\/2023\/12\/cabalgata-reyes-baqueira.webp 2048w\" sizes=\"(max-width: 1024px) 100vw, 1024px\" \/><\/figure>\n\n<h2 class=\"wp-block-heading\"><b>H\u00e9bergement pour la Nuit des Rois Mages dans la Vall\u00e9e d\u2019Aran<\/b><\/h2>\n\n<p><span style=\"font-weight: 400;\">Si vous souhaitez s\u00e9journer au pied des pistes et profiter \u00e0 la fois de la neige et du d\u00e9fil\u00e9 des Rois Mages, le meilleur choix est l\u2019H\u00f4tel Tuc Blanc. En plus de sa proximit\u00e9 avec les pistes, l\u2019h\u00f4tel propose un espace spa, une terrasse panoramique, un local \u00e0 skis, des activit\u00e9s pour enfants, un guide de pistes, une mini-disco, et bien plus encore.  <\/span><b>R\u00e9servez<\/b><span style=\"font-weight: 400;\"><strong> votre s\u00e9jour<\/strong> \u00e0 prix r\u00e9duit dans notre <a href=\"https:\/\/hoteltucblancbaqueira.com\/fr\/\">h\u00f4tel \u00e0 Baqueira<\/a><\/span>.<\/p>\n\n<p class=\"has-medium-font-size\">Pr\u00eat \u00e0 d\u00e9couvrir l\u2019arriv\u00e9e des Rois dans la neige ?<\/p>\n\n<figure class=\"wp-block-image size-large is-resized\"><img decoding=\"async\" width=\"1024\" height=\"1024\" src=\"https:\/\/www.hoteltucblancbaqueira.com\/wp-content\/uploads\/2025\/01\/hotel-tuc-blanc-baqueira-1024x1024.webp\" alt=\"apres ski baqueira\" class=\"wp-image-4509\" style=\"width:341px;height:auto\" srcset=\"https:\/\/www.hoteltucblancbaqueira.com\/wp-content\/uploads\/2025\/01\/hotel-tuc-blanc-baqueira-1024x1024.webp 1024w, https:\/\/www.hoteltucblancbaqueira.com\/wp-content\/uploads\/2025\/01\/hotel-tuc-blanc-baqueira-300x300.webp 300w, https:\/\/www.hoteltucblancbaqueira.com\/wp-content\/uploads\/2025\/01\/hotel-tuc-blanc-baqueira-150x150.webp 150w, https:\/\/www.hoteltucblancbaqueira.com\/wp-content\/uploads\/2025\/01\/hotel-tuc-blanc-baqueira-768x768.webp 768w, https:\/\/www.hoteltucblancbaqueira.com\/wp-content\/uploads\/2025\/01\/hotel-tuc-blanc-baqueira-1200x1200.webp 1200w, https:\/\/www.hoteltucblancbaqueira.com\/wp-content\/uploads\/2025\/01\/hotel-tuc-blanc-baqueira-780x780.webp 780w, https:\/\/www.hoteltucblancbaqueira.com\/wp-content\/uploads\/2025\/01\/hotel-tuc-blanc-baqueira-600x600.webp 600w, https:\/\/www.hoteltucblancbaqueira.com\/wp-content\/uploads\/2025\/01\/hotel-tuc-blanc-baqueira-550x550.webp 550w, https:\/\/www.hoteltucblancbaqueira.com\/wp-content\/uploads\/2025\/01\/hotel-tuc-blanc-baqueira-370x370.webp 370w, https:\/\/www.hoteltucblancbaqueira.com\/wp-content\/uploads\/2025\/01\/hotel-tuc-blanc-baqueira-255x255.webp 255w, https:\/\/www.hoteltucblancbaqueira.com\/wp-content\/uploads\/2025\/01\/hotel-tuc-blanc-baqueira.webp 1440w\" sizes=\"(max-width: 1024px) 100vw, 1024px\" \/><\/figure>\n","protected":false},"excerpt":{"rendered":"<p>L\u2019ann\u00e9e 2025 touche \u00e0 sa fin et l\u2019un des \u00e9v\u00e9nements les plus attendus pour les enfants approche : le d\u00e9fil\u00e9 des Rois Mages. \u00c0 Baqueira, les Rois d\u2019Orient arriveront en dameuses \u00e0 la cota 1500 l\u2019apr\u00e8s-midi du 5 janvier. Avant leur arriv\u00e9e, Baqueira Beret proposera chocolat chaud et brioches \u00e0 tous les participants.. Vers 18h30, &#8230;<\/p>\n","protected":false},"author":3,"featured_media":4696,"comment_status":"closed","ping_status":"closed","sticky":false,"template":"","format":"standard","meta":{"loftocean_post_format_gallery":"","loftocean_post_format_gallery_ids":"","loftocean_post_format_gallery_urls":"","loftocean_post_format_video_id":0,"loftocean_post_format_video_url":"","loftocean_post_format_video_type":"","loftocean_post_format_video":"","loftocean_post_format_audio_type":"","loftocean_post_format_audio_url":"","loftocean_post_format_audio_id":0,"loftocean_post_format_audio":"","loftocean-like-count":0,"cozystay_single_post_hide_site_header":"","cozystay_single_post_site_header_source":"","cozystay_single_post_custom_site_header":"0","cozystay_single_post_custom_sticky_site_header":"0","cozystay_single_post_hide_page_title":"","cozystay_single_post_site_footer_hide_main":"","cozystay_single_custom_site_footer_main_source":"","cozystay_single_custom_site_footer_main":"0","cozystay_single_post_site_footer_hide_above":"","cozystay_single_custom_site_footer_above_source":"","cozystay_single_custom_site_footer_above":"0","cozystay_single_post_site_footer_hide_instagram":"","cozystay_single_post_site_footer_hide_bottom":"","cozystay_single_custom_mobile_menu_source":"","cozystay_single_custom_mobile_menu":"0","cozystay_single_custom_mobile_menu_animation":"","cozystay_single_custom_mobile_menu_width":"","cozystay_single_custom_mobile_menu_custom_width":375,"cozystay_single_post_template":"","footnotes":""},"categories":[135],"tags":[136,308,310,309,181],"class_list":["post-6801","post","type-post","status-publish","format-standard","has-post-thumbnail","hentry","category-lhiver","tag-apres-ski-baqueira-fr","tag-defile-rois-mages-baqueira","tag-nuit-des-rois-baqueira","tag-skier-la-nuit-des-rois-a-baqueira","tag-spa-baqueira-fr"],"yoast_head":"<!-- This site is optimized with the Yoast SEO plugin v27.4 - https:\/\/yoast.com\/product\/yoast-seo-wordpress\/ -->\n<title>D\u00e9fil\u00e9 des Rois Mages \u00e0 Baqueira 2026 | Hotel Tuc Blanc Baqueira<\/title>\n<meta name=\"description\" content=\"Profitez du D\u00e9fil\u00e9 des Rois Mages \u00e0 Baqueira. D\u00e9couvrez les horaires, le lieu et toutes les activit\u00e9s pr\u00e9vues pour cet \u00e9v\u00e9nement f\u00e9erique.\" \/>\n<meta name=\"robots\" content=\"index, follow, max-snippet:-1, max-image-preview:large, max-video-preview:-1\" \/>\n<link rel=\"canonical\" href=\"https:\/\/www.hoteltucblancbaqueira.com\/fr\/defile-des-rois-mages-a-baqueira-2026\/\" \/>\n<meta property=\"og:locale\" content=\"fr_FR\" \/>\n<meta property=\"og:type\" content=\"article\" \/>\n<meta property=\"og:title\" content=\"D\u00e9fil\u00e9 des Rois Mages \u00e0 Baqueira 2026 | Hotel Tuc Blanc Baqueira\" \/>\n<meta property=\"og:description\" content=\"Profitez du D\u00e9fil\u00e9 des Rois Mages \u00e0 Baqueira. D\u00e9couvrez les horaires, le lieu et toutes les activit\u00e9s pr\u00e9vues pour cet \u00e9v\u00e9nement f\u00e9erique.\" \/>\n<meta property=\"og:url\" content=\"https:\/\/www.hoteltucblancbaqueira.com\/fr\/defile-des-rois-mages-a-baqueira-2026\/\" \/>\n<meta property=\"og:site_name\" content=\"Hotel Tuc Blanc Baqueira\" \/>\n<meta property=\"article:published_time\" content=\"2025-07-21T13:06:53+00:00\" \/>\n<meta property=\"article:modified_time\" content=\"2025-08-28T11:07:36+00:00\" \/>\n<meta property=\"og:image\" content=\"https:\/\/www.hoteltucblancbaqueira.com\/wp-content\/uploads\/2023\/12\/noche-reyes-baqueira.webp\" \/>\n\t<meta property=\"og:image:width\" content=\"2048\" \/>\n\t<meta property=\"og:image:height\" content=\"1365\" \/>\n\t<meta property=\"og:image:type\" content=\"image\/webp\" \/>\n<meta name=\"author\" content=\"alojapro_mkt\" \/>\n<meta name=\"twitter:card\" content=\"summary_large_image\" \/>\n<meta name=\"twitter:label1\" content=\"\u00c9crit par\" \/>\n\t<meta name=\"twitter:data1\" content=\"alojapro_mkt\" \/>\n\t<meta name=\"twitter:label2\" content=\"Dur\u00e9e de lecture estim\u00e9e\" \/>\n\t<meta name=\"twitter:data2\" content=\"1 minute\" \/>\n<script type=\"application\/ld+json\" class=\"yoast-schema-graph\">{\"@context\":\"https:\\\/\\\/schema.org\",\"@graph\":[{\"@type\":\"Article\",\"@id\":\"https:\\\/\\\/www.hoteltucblancbaqueira.com\\\/fr\\\/defile-des-rois-mages-a-baqueira-2026\\\/#article\",\"isPartOf\":{\"@id\":\"https:\\\/\\\/www.hoteltucblancbaqueira.com\\\/fr\\\/defile-des-rois-mages-a-baqueira-2026\\\/\"},\"author\":{\"name\":\"alojapro_mkt\",\"@id\":\"https:\\\/\\\/www.hoteltucblancbaqueira.com\\\/fr\\\/#\\\/schema\\\/person\\\/18a0f8b4813ee9544e861e9777b27696\"},\"headline\":\"D\u00e9fil\u00e9 des Rois Mages \u00e0 Baqueira 2026\",\"datePublished\":\"2025-07-21T13:06:53+00:00\",\"dateModified\":\"2025-08-28T11:07:36+00:00\",\"mainEntityOfPage\":{\"@id\":\"https:\\\/\\\/www.hoteltucblancbaqueira.com\\\/fr\\\/defile-des-rois-mages-a-baqueira-2026\\\/\"},\"wordCount\":277,\"publisher\":{\"@id\":\"https:\\\/\\\/www.hoteltucblancbaqueira.com\\\/fr\\\/#organization\"},\"image\":{\"@id\":\"https:\\\/\\\/www.hoteltucblancbaqueira.com\\\/fr\\\/defile-des-rois-mages-a-baqueira-2026\\\/#primaryimage\"},\"thumbnailUrl\":\"https:\\\/\\\/www.hoteltucblancbaqueira.com\\\/wp-content\\\/uploads\\\/2023\\\/12\\\/noche-reyes-baqueira.webp\",\"keywords\":[\"apres ski baqueira\",\"D\u00e9fil\u00e9 Rois Mages Baqueira\",\"nuit des Rois Baqueira\",\"skier la nuit des Rois \u00e0 Baqueira\",\"spa baqueira\"],\"articleSection\":[\"L'hiver\"],\"inLanguage\":\"fr-FR\"},{\"@type\":\"WebPage\",\"@id\":\"https:\\\/\\\/www.hoteltucblancbaqueira.com\\\/fr\\\/defile-des-rois-mages-a-baqueira-2026\\\/\",\"url\":\"https:\\\/\\\/www.hoteltucblancbaqueira.com\\\/fr\\\/defile-des-rois-mages-a-baqueira-2026\\\/\",\"name\":\"D\u00e9fil\u00e9 des Rois Mages \u00e0 Baqueira 2026 | Hotel Tuc Blanc Baqueira\",\"isPartOf\":{\"@id\":\"https:\\\/\\\/www.hoteltucblancbaqueira.com\\\/fr\\\/#website\"},\"primaryImageOfPage\":{\"@id\":\"https:\\\/\\\/www.hoteltucblancbaqueira.com\\\/fr\\\/defile-des-rois-mages-a-baqueira-2026\\\/#primaryimage\"},\"image\":{\"@id\":\"https:\\\/\\\/www.hoteltucblancbaqueira.com\\\/fr\\\/defile-des-rois-mages-a-baqueira-2026\\\/#primaryimage\"},\"thumbnailUrl\":\"https:\\\/\\\/www.hoteltucblancbaqueira.com\\\/wp-content\\\/uploads\\\/2023\\\/12\\\/noche-reyes-baqueira.webp\",\"datePublished\":\"2025-07-21T13:06:53+00:00\",\"dateModified\":\"2025-08-28T11:07:36+00:00\",\"description\":\"Profitez du D\u00e9fil\u00e9 des Rois Mages \u00e0 Baqueira. D\u00e9couvrez les horaires, le lieu et toutes les activit\u00e9s pr\u00e9vues pour cet \u00e9v\u00e9nement f\u00e9erique.\",\"breadcrumb\":{\"@id\":\"https:\\\/\\\/www.hoteltucblancbaqueira.com\\\/fr\\\/defile-des-rois-mages-a-baqueira-2026\\\/#breadcrumb\"},\"inLanguage\":\"fr-FR\",\"potentialAction\":[{\"@type\":\"ReadAction\",\"target\":[\"https:\\\/\\\/www.hoteltucblancbaqueira.com\\\/fr\\\/defile-des-rois-mages-a-baqueira-2026\\\/\"]}]},{\"@type\":\"ImageObject\",\"inLanguage\":\"fr-FR\",\"@id\":\"https:\\\/\\\/www.hoteltucblancbaqueira.com\\\/fr\\\/defile-des-rois-mages-a-baqueira-2026\\\/#primaryimage\",\"url\":\"https:\\\/\\\/www.hoteltucblancbaqueira.com\\\/wp-content\\\/uploads\\\/2023\\\/12\\\/noche-reyes-baqueira.webp\",\"contentUrl\":\"https:\\\/\\\/www.hoteltucblancbaqueira.com\\\/wp-content\\\/uploads\\\/2023\\\/12\\\/noche-reyes-baqueira.webp\",\"width\":2048,\"height\":1365,\"caption\":\"cabalgata reyes baqueira\"},{\"@type\":\"BreadcrumbList\",\"@id\":\"https:\\\/\\\/www.hoteltucblancbaqueira.com\\\/fr\\\/defile-des-rois-mages-a-baqueira-2026\\\/#breadcrumb\",\"itemListElement\":[{\"@type\":\"ListItem\",\"position\":1,\"name\":\"Portada\",\"item\":\"https:\\\/\\\/www.hoteltucblancbaqueira.com\\\/fr\\\/home\\\/\"},{\"@type\":\"ListItem\",\"position\":2,\"name\":\"D\u00e9fil\u00e9 des Rois Mages \u00e0 Baqueira 2026\"}]},{\"@type\":\"WebSite\",\"@id\":\"https:\\\/\\\/www.hoteltucblancbaqueira.com\\\/fr\\\/#website\",\"url\":\"https:\\\/\\\/www.hoteltucblancbaqueira.com\\\/fr\\\/\",\"name\":\"Hotel Tuc Blanc Baqueira\",\"description\":\"Hotel en Baqueira a pie de pistas\",\"publisher\":{\"@id\":\"https:\\\/\\\/www.hoteltucblancbaqueira.com\\\/fr\\\/#organization\"},\"potentialAction\":[{\"@type\":\"SearchAction\",\"target\":{\"@type\":\"EntryPoint\",\"urlTemplate\":\"https:\\\/\\\/www.hoteltucblancbaqueira.com\\\/fr\\\/?s={search_term_string}\"},\"query-input\":{\"@type\":\"PropertyValueSpecification\",\"valueRequired\":true,\"valueName\":\"search_term_string\"}}],\"inLanguage\":\"fr-FR\"},{\"@type\":\"Organization\",\"@id\":\"https:\\\/\\\/www.hoteltucblancbaqueira.com\\\/fr\\\/#organization\",\"name\":\"Hotel Tuc Blanc Baqueira\",\"url\":\"https:\\\/\\\/www.hoteltucblancbaqueira.com\\\/fr\\\/\",\"logo\":{\"@type\":\"ImageObject\",\"inLanguage\":\"fr-FR\",\"@id\":\"https:\\\/\\\/www.hoteltucblancbaqueira.com\\\/fr\\\/#\\\/schema\\\/logo\\\/image\\\/\",\"url\":\"https:\\\/\\\/www.hoteltucblancbaqueira.com\\\/wp-content\\\/uploads\\\/2025\\\/05\\\/logo_header.svg\",\"contentUrl\":\"https:\\\/\\\/www.hoteltucblancbaqueira.com\\\/wp-content\\\/uploads\\\/2025\\\/05\\\/logo_header.svg\",\"width\":398,\"height\":101,\"caption\":\"Hotel Tuc Blanc Baqueira\"},\"image\":{\"@id\":\"https:\\\/\\\/www.hoteltucblancbaqueira.com\\\/fr\\\/#\\\/schema\\\/logo\\\/image\\\/\"}},{\"@type\":\"Person\",\"@id\":\"https:\\\/\\\/www.hoteltucblancbaqueira.com\\\/fr\\\/#\\\/schema\\\/person\\\/18a0f8b4813ee9544e861e9777b27696\",\"name\":\"alojapro_mkt\"}]}<\/script>\n<!-- \/ Yoast SEO plugin. -->","yoast_head_json":{"title":"D\u00e9fil\u00e9 des Rois Mages \u00e0 Baqueira 2026 | Hotel Tuc Blanc Baqueira","description":"Profitez du D\u00e9fil\u00e9 des Rois Mages \u00e0 Baqueira. D\u00e9couvrez les horaires, le lieu et toutes les activit\u00e9s pr\u00e9vues pour cet \u00e9v\u00e9nement f\u00e9erique.","robots":{"index":"index","follow":"follow","max-snippet":"max-snippet:-1","max-image-preview":"max-image-preview:large","max-video-preview":"max-video-preview:-1"},"canonical":"https:\/\/www.hoteltucblancbaqueira.com\/fr\/defile-des-rois-mages-a-baqueira-2026\/","og_locale":"fr_FR","og_type":"article","og_title":"D\u00e9fil\u00e9 des Rois Mages \u00e0 Baqueira 2026 | Hotel Tuc Blanc Baqueira","og_description":"Profitez du D\u00e9fil\u00e9 des Rois Mages \u00e0 Baqueira. D\u00e9couvrez les horaires, le lieu et toutes les activit\u00e9s pr\u00e9vues pour cet \u00e9v\u00e9nement f\u00e9erique.","og_url":"https:\/\/www.hoteltucblancbaqueira.com\/fr\/defile-des-rois-mages-a-baqueira-2026\/","og_site_name":"Hotel Tuc Blanc Baqueira","article_published_time":"2025-07-21T13:06:53+00:00","article_modified_time":"2025-08-28T11:07:36+00:00","og_image":[{"width":2048,"height":1365,"url":"https:\/\/www.hoteltucblancbaqueira.com\/wp-content\/uploads\/2023\/12\/noche-reyes-baqueira.webp","type":"image\/webp"}],"author":"alojapro_mkt","twitter_card":"summary_large_image","twitter_misc":{"\u00c9crit par":"alojapro_mkt","Dur\u00e9e de lecture estim\u00e9e":"1 minute"},"schema":{"@context":"https:\/\/schema.org","@graph":[{"@type":"Article","@id":"https:\/\/www.hoteltucblancbaqueira.com\/fr\/defile-des-rois-mages-a-baqueira-2026\/#article","isPartOf":{"@id":"https:\/\/www.hoteltucblancbaqueira.com\/fr\/defile-des-rois-mages-a-baqueira-2026\/"},"author":{"name":"alojapro_mkt","@id":"https:\/\/www.hoteltucblancbaqueira.com\/fr\/#\/schema\/person\/18a0f8b4813ee9544e861e9777b27696"},"headline":"D\u00e9fil\u00e9 des Rois Mages \u00e0 Baqueira 2026","datePublished":"2025-07-21T13:06:53+00:00","dateModified":"2025-08-28T11:07:36+00:00","mainEntityOfPage":{"@id":"https:\/\/www.hoteltucblancbaqueira.com\/fr\/defile-des-rois-mages-a-baqueira-2026\/"},"wordCount":277,"publisher":{"@id":"https:\/\/www.hoteltucblancbaqueira.com\/fr\/#organization"},"image":{"@id":"https:\/\/www.hoteltucblancbaqueira.com\/fr\/defile-des-rois-mages-a-baqueira-2026\/#primaryimage"},"thumbnailUrl":"https:\/\/www.hoteltucblancbaqueira.com\/wp-content\/uploads\/2023\/12\/noche-reyes-baqueira.webp","keywords":["apres ski baqueira","D\u00e9fil\u00e9 Rois Mages Baqueira","nuit des Rois Baqueira","skier la nuit des Rois \u00e0 Baqueira","spa baqueira"],"articleSection":["L'hiver"],"inLanguage":"fr-FR"},{"@type":"WebPage","@id":"https:\/\/www.hoteltucblancbaqueira.com\/fr\/defile-des-rois-mages-a-baqueira-2026\/","url":"https:\/\/www.hoteltucblancbaqueira.com\/fr\/defile-des-rois-mages-a-baqueira-2026\/","name":"D\u00e9fil\u00e9 des Rois Mages \u00e0 Baqueira 2026 | Hotel Tuc Blanc Baqueira","isPartOf":{"@id":"https:\/\/www.hoteltucblancbaqueira.com\/fr\/#website"},"primaryImageOfPage":{"@id":"https:\/\/www.hoteltucblancbaqueira.com\/fr\/defile-des-rois-mages-a-baqueira-2026\/#primaryimage"},"image":{"@id":"https:\/\/www.hoteltucblancbaqueira.com\/fr\/defile-des-rois-mages-a-baqueira-2026\/#primaryimage"},"thumbnailUrl":"https:\/\/www.hoteltucblancbaqueira.com\/wp-content\/uploads\/2023\/12\/noche-reyes-baqueira.webp","datePublished":"2025-07-21T13:06:53+00:00","dateModified":"2025-08-28T11:07:36+00:00","description":"Profitez du D\u00e9fil\u00e9 des Rois Mages \u00e0 Baqueira. D\u00e9couvrez les horaires, le lieu et toutes les activit\u00e9s pr\u00e9vues pour cet \u00e9v\u00e9nement f\u00e9erique.","breadcrumb":{"@id":"https:\/\/www.hoteltucblancbaqueira.com\/fr\/defile-des-rois-mages-a-baqueira-2026\/#breadcrumb"},"inLanguage":"fr-FR","potentialAction":[{"@type":"ReadAction","target":["https:\/\/www.hoteltucblancbaqueira.com\/fr\/defile-des-rois-mages-a-baqueira-2026\/"]}]},{"@type":"ImageObject","inLanguage":"fr-FR","@id":"https:\/\/www.hoteltucblancbaqueira.com\/fr\/defile-des-rois-mages-a-baqueira-2026\/#primaryimage","url":"https:\/\/www.hoteltucblancbaqueira.com\/wp-content\/uploads\/2023\/12\/noche-reyes-baqueira.webp","contentUrl":"https:\/\/www.hoteltucblancbaqueira.com\/wp-content\/uploads\/2023\/12\/noche-reyes-baqueira.webp","width":2048,"height":1365,"caption":"cabalgata reyes baqueira"},{"@type":"BreadcrumbList","@id":"https:\/\/www.hoteltucblancbaqueira.com\/fr\/defile-des-rois-mages-a-baqueira-2026\/#breadcrumb","itemListElement":[{"@type":"ListItem","position":1,"name":"Portada","item":"https:\/\/www.hoteltucblancbaqueira.com\/fr\/home\/"},{"@type":"ListItem","position":2,"name":"D\u00e9fil\u00e9 des Rois Mages \u00e0 Baqueira 2026"}]},{"@type":"WebSite","@id":"https:\/\/www.hoteltucblancbaqueira.com\/fr\/#website","url":"https:\/\/www.hoteltucblancbaqueira.com\/fr\/","name":"Hotel Tuc Blanc Baqueira","description":"Hotel en Baqueira a pie de pistas","publisher":{"@id":"https:\/\/www.hoteltucblancbaqueira.com\/fr\/#organization"},"potentialAction":[{"@type":"SearchAction","target":{"@type":"EntryPoint","urlTemplate":"https:\/\/www.hoteltucblancbaqueira.com\/fr\/?s={search_term_string}"},"query-input":{"@type":"PropertyValueSpecification","valueRequired":true,"valueName":"search_term_string"}}],"inLanguage":"fr-FR"},{"@type":"Organization","@id":"https:\/\/www.hoteltucblancbaqueira.com\/fr\/#organization","name":"Hotel Tuc Blanc Baqueira","url":"https:\/\/www.hoteltucblancbaqueira.com\/fr\/","logo":{"@type":"ImageObject","inLanguage":"fr-FR","@id":"https:\/\/www.hoteltucblancbaqueira.com\/fr\/#\/schema\/logo\/image\/","url":"https:\/\/www.hoteltucblancbaqueira.com\/wp-content\/uploads\/2025\/05\/logo_header.svg","contentUrl":"https:\/\/www.hoteltucblancbaqueira.com\/wp-content\/uploads\/2025\/05\/logo_header.svg","width":398,"height":101,"caption":"Hotel Tuc Blanc Baqueira"},"image":{"@id":"https:\/\/www.hoteltucblancbaqueira.com\/fr\/#\/schema\/logo\/image\/"}},{"@type":"Person","@id":"https:\/\/www.hoteltucblancbaqueira.com\/fr\/#\/schema\/person\/18a0f8b4813ee9544e861e9777b27696","name":"alojapro_mkt"}]}},"loftoceanMetas":{"authorName":"alojapro_mkt","categories":[{"name":"L'hiver","link":"https:\/\/www.hoteltucblancbaqueira.com\/fr\/category\/lhiver\/","count":16}],"date":"21 de juillet de 2025","featuredImageSRC":"https:\/\/www.hoteltucblancbaqueira.com\/wp-content\/uploads\/2023\/12\/noche-reyes-baqueira-150x150.webp"},"_links":{"self":[{"href":"https:\/\/www.hoteltucblancbaqueira.com\/fr\/wp-json\/wp\/v2\/posts\/6801","targetHints":{"allow":["GET"]}}],"collection":[{"href":"https:\/\/www.hoteltucblancbaqueira.com\/fr\/wp-json\/wp\/v2\/posts"}],"about":[{"href":"https:\/\/www.hoteltucblancbaqueira.com\/fr\/wp-json\/wp\/v2\/types\/post"}],"author":[{"embeddable":true,"href":"https:\/\/www.hoteltucblancbaqueira.com\/fr\/wp-json\/wp\/v2\/users\/3"}],"replies":[{"embeddable":true,"href":"https:\/\/www.hoteltucblancbaqueira.com\/fr\/wp-json\/wp\/v2\/comments?post=6801"}],"version-history":[{"count":0,"href":"https:\/\/www.hoteltucblancbaqueira.com\/fr\/wp-json\/wp\/v2\/posts\/6801\/revisions"}],"wp:featuredmedia":[{"embeddable":true,"href":"https:\/\/www.hoteltucblancbaqueira.com\/fr\/wp-json\/wp\/v2\/media\/4696"}],"wp:attachment":[{"href":"https:\/\/www.hoteltucblancbaqueira.com\/fr\/wp-json\/wp\/v2\/media?parent=6801"}],"wp:term":[{"taxonomy":"category","embeddable":true,"href":"https:\/\/www.hoteltucblancbaqueira.com\/fr\/wp-json\/wp\/v2\/categories?post=6801"},{"taxonomy":"post_tag","embeddable":true,"href":"https:\/\/www.hoteltucblancbaqueira.com\/fr\/wp-json\/wp\/v2\/tags?post=6801"}],"curies":[{"name":"wp","href":"https:\/\/api.w.org\/{rel}","templated":true}]}}