{"id":6861,"date":"2025-07-21T15:07:34","date_gmt":"2025-07-21T13:07:34","guid":{"rendered":"https:\/\/www.hoteltucblancbaqueira.com\/polar-sound-festival-a-baqueira\/"},"modified":"2025-09-10T12:11:05","modified_gmt":"2025-09-10T10:11:05","slug":"polar-sound-festival-a-baqueira","status":"publish","type":"post","link":"https:\/\/www.hoteltucblancbaqueira.com\/fr\/polar-sound-festival-a-baqueira\/","title":{"rendered":"Polar Sound Festival \u00e0 Baqueira"},"content":{"rendered":"\n<p><span style=\"font-weight: 400;\">En mars 2026, le festival de musique Polar Sound Festival revient une ann\u00e9e de plus \u00e0 Baqueira. Les 13 et 14 mars 2026, vous pourrez profiter de la meilleure musique pop et \u00e9lectronique espagnole dans la vall\u00e9e d&rsquo;Aran. Lors des \u00e9ditions pr\u00e9c\u00e9dentes, des chanteurs tels que \u00c1lvaro de Luna, La Oreja de Van Gogh, Ana Mena, Danny Romero, parmi tant d&rsquo;autres, se sont produits.  <\/span><\/p>\n\n<h2 class=\"wp-block-heading\"><b>Informations sur le Polar Sound Festival<\/b><\/h2>\n\n<ul class=\"wp-block-list\">\n<li><span style=\"font-weight: 400;\">Dates : 13 et 14 mars 2026<\/span><\/li>\n\n\n\n<li><span style=\"font-weight: 400;\">Lieu : station de ski de Baqueira Beret<\/span><\/li>\n\n\n\n<li><span style=\"font-weight: 400;\">Horaires : de 17 h \u00e0 3 h environ<\/span><\/li>\n\n\n\n<li><span style=\"font-weight: 400;\">\u00c2ge : les mineurs de moins de 18 ans doivent \u00eatre munis d&rsquo;une autorisation sign\u00e9e. Les mineurs de moins de 16 ans doivent \u00eatre accompagn\u00e9s d&rsquo;un adulte. <\/span><\/li>\n\n\n\n<li><span style=\"font-weight: 400;\">Le site est accessible aux personnes \u00e0 mobilit\u00e9 r\u00e9duite.<\/span><\/li>\n<\/ul>\n\n<h2 class=\"wp-block-heading\"><strong>Que trouverez-vous dans l&rsquo;exp\u00e9rience Polar Sound ?<\/strong><\/h2>\n\n<ul class=\"wp-block-list\">\n<li>Les meilleures pistes de ski<\/li>\n\n\n\n<li>Un apr\u00e8s-ski en direct avec des artistes de renom<\/li>\n\n\n\n<li>Des DJ le soir<\/li>\n\n\n\n<li>La meilleure ambiance<\/li>\n<\/ul>\n\n<h4 class=\"wp-block-heading\"><strong>Inscrivez-vous sur la liste d&rsquo;attente pour acheter votre billet ! <\/strong><a href=\"https:\/\/polarsound.es\/#info-about\">ic\u00ed.<\/a><\/h4>\n\n<h2 class=\"wp-block-heading\"><b><strong>O\u00f9 dormir pendant le festival Polar Sound \u00e0 Baqueira ?<\/strong><\/b><\/h2>\n\n<p><span style=\"font-weight: 400;\">Si vous souhaitez s\u00e9journer \u00e0 proximit\u00e9 du festival, nous vous recommandons l&rsquo;h\u00f4tel Tuc Blanc, situ\u00e9 \u00e0 300 m\u00e8tres du festival. \u00c0 l&rsquo;h\u00f4tel Tuc Blanc, vous pourrez s\u00e9journer au pied des pistes de Baqueira et profiter d&rsquo;un petit-d\u00e9jeuner buffet, d&rsquo;un spa, d&rsquo;une terrasse panoramique, d&rsquo;un restaurant gastronomique, d&rsquo;activit\u00e9s vari\u00e9es, d&rsquo;un salon de coiffure, de massages, parmi de nombreux autres services. <\/span><\/p>\n\n<p><span style=\"font-weight: 400;\">R\u00e9servez votre chambre dans notre <a href=\"https:\/\/hoteltucblancbaqueira.com\/fr\/\">h\u00f4tel \u00e0 Baqueira<\/a>.<\/span><\/p>\n\n<h4 class=\"wp-block-heading\"><strong>Vous allez manquer \u00e7a ?<\/strong><\/h4>\n\n<figure class=\"wp-block-image size-large is-resized\"><img fetchpriority=\"high\" decoding=\"async\" width=\"1024\" height=\"683\" src=\"https:\/\/www.hoteltucblancbaqueira.com\/wp-content\/uploads\/2024\/01\/hotel-baqueira-polar-sound-1024x683.webp\" alt=\"hotel polar sound\" class=\"wp-image-4677\" style=\"width:447px;height:auto\" srcset=\"https:\/\/www.hoteltucblancbaqueira.com\/wp-content\/uploads\/2024\/01\/hotel-baqueira-polar-sound-1024x683.webp 1024w, https:\/\/www.hoteltucblancbaqueira.com\/wp-content\/uploads\/2024\/01\/hotel-baqueira-polar-sound-300x200.webp 300w, https:\/\/www.hoteltucblancbaqueira.com\/wp-content\/uploads\/2024\/01\/hotel-baqueira-polar-sound-768x512.webp 768w, https:\/\/www.hoteltucblancbaqueira.com\/wp-content\/uploads\/2024\/01\/hotel-baqueira-polar-sound-1536x1024.webp 1536w, https:\/\/www.hoteltucblancbaqueira.com\/wp-content\/uploads\/2024\/01\/hotel-baqueira-polar-sound-1440x960.webp 1440w, https:\/\/www.hoteltucblancbaqueira.com\/wp-content\/uploads\/2024\/01\/hotel-baqueira-polar-sound-1200x800.webp 1200w, https:\/\/www.hoteltucblancbaqueira.com\/wp-content\/uploads\/2024\/01\/hotel-baqueira-polar-sound-780x520.webp 780w, https:\/\/www.hoteltucblancbaqueira.com\/wp-content\/uploads\/2024\/01\/hotel-baqueira-polar-sound-600x400.webp 600w, https:\/\/www.hoteltucblancbaqueira.com\/wp-content\/uploads\/2024\/01\/hotel-baqueira-polar-sound-550x367.webp 550w, https:\/\/www.hoteltucblancbaqueira.com\/wp-content\/uploads\/2024\/01\/hotel-baqueira-polar-sound-370x247.webp 370w, https:\/\/www.hoteltucblancbaqueira.com\/wp-content\/uploads\/2024\/01\/hotel-baqueira-polar-sound-255x170.webp 255w, https:\/\/www.hoteltucblancbaqueira.com\/wp-content\/uploads\/2024\/01\/hotel-baqueira-polar-sound.webp 1602w\" sizes=\"(max-width: 1024px) 100vw, 1024px\" \/><\/figure>\n\n<p><\/p>\n\n<p>\u00a0<\/p>\n","protected":false},"excerpt":{"rendered":"<p>En mars 2026, le festival de musique Polar Sound Festival revient une ann\u00e9e de plus \u00e0 Baqueira. Les 13 et 14 mars 2026, vous pourrez profiter de la meilleure musique pop et \u00e9lectronique espagnole dans la vall\u00e9e d&rsquo;Aran. Lors des \u00e9ditions pr\u00e9c\u00e9dentes, des chanteurs tels que \u00c1lvaro de Luna, La Oreja de Van Gogh, Ana &#8230;<\/p>\n","protected":false},"author":3,"featured_media":4676,"comment_status":"closed","ping_status":"closed","sticky":false,"template":"","format":"standard","meta":{"loftocean_post_format_gallery":"","loftocean_post_format_gallery_ids":"","loftocean_post_format_gallery_urls":"","loftocean_post_format_video_id":0,"loftocean_post_format_video_url":"","loftocean_post_format_video_type":"","loftocean_post_format_video":"","loftocean_post_format_audio_type":"","loftocean_post_format_audio_url":"","loftocean_post_format_audio_id":0,"loftocean_post_format_audio":"","loftocean-like-count":0,"cozystay_single_post_hide_site_header":"","cozystay_single_post_site_header_source":"","cozystay_single_post_custom_site_header":"0","cozystay_single_post_custom_sticky_site_header":"0","cozystay_single_post_hide_page_title":"","cozystay_single_post_site_footer_hide_main":"","cozystay_single_custom_site_footer_main_source":"","cozystay_single_custom_site_footer_main":"0","cozystay_single_post_site_footer_hide_above":"","cozystay_single_custom_site_footer_above_source":"","cozystay_single_custom_site_footer_above":"0","cozystay_single_post_site_footer_hide_instagram":"","cozystay_single_post_site_footer_hide_bottom":"","cozystay_single_custom_mobile_menu_source":"","cozystay_single_custom_mobile_menu":"0","cozystay_single_custom_mobile_menu_animation":"","cozystay_single_custom_mobile_menu_width":"","cozystay_single_custom_mobile_menu_custom_width":375,"cozystay_single_post_template":"","footnotes":""},"categories":[135],"tags":[174,136,325,332,326,331,330,327,328,329],"class_list":["post-6861","post","type-post","status-publish","format-standard","has-post-thumbnail","hentry","category-lhiver","tag-activites-baqueira","tag-apres-ski-baqueira-fr","tag-festival-baqueira-fr","tag-festival-montagne","tag-festival-musique-baqueira","tag-festival-niege","tag-polar-sound-fr","tag-polar-sound-baqueira-fr","tag-polar-sound-festival-fr","tag-que-faire-a-baqueira"],"yoast_head":"<!-- This site is optimized with the Yoast SEO plugin v27.4 - https:\/\/yoast.com\/product\/yoast-seo-wordpress\/ -->\n<title>Polar Sound Festival \u00e0 Baqueira | Hotel Tuc Blanc Baqueira<\/title>\n<meta name=\"description\" content=\"Profitez du Polar Sound Festival \u00e0 Baqueira. D\u00e9couvrez les dates, les artistes, le lieu et l&#039;h\u00e9bergement.\" \/>\n<meta name=\"robots\" content=\"index, follow, max-snippet:-1, max-image-preview:large, max-video-preview:-1\" \/>\n<link rel=\"canonical\" href=\"https:\/\/www.hoteltucblancbaqueira.com\/fr\/polar-sound-festival-a-baqueira\/\" \/>\n<meta property=\"og:locale\" content=\"fr_FR\" \/>\n<meta property=\"og:type\" content=\"article\" \/>\n<meta property=\"og:title\" content=\"Polar Sound Festival \u00e0 Baqueira | Hotel Tuc Blanc Baqueira\" \/>\n<meta property=\"og:description\" content=\"Profitez du Polar Sound Festival \u00e0 Baqueira. D\u00e9couvrez les dates, les artistes, le lieu et l&#039;h\u00e9bergement.\" \/>\n<meta property=\"og:url\" content=\"https:\/\/www.hoteltucblancbaqueira.com\/fr\/polar-sound-festival-a-baqueira\/\" \/>\n<meta property=\"og:site_name\" content=\"Hotel Tuc Blanc Baqueira\" \/>\n<meta property=\"article:published_time\" content=\"2025-07-21T13:07:34+00:00\" \/>\n<meta property=\"article:modified_time\" content=\"2025-09-10T10:11:05+00:00\" \/>\n<meta property=\"og:image\" content=\"https:\/\/www.hoteltucblancbaqueira.com\/wp-content\/uploads\/2024\/01\/polar-sound-baqueira.webp\" \/>\n\t<meta property=\"og:image:width\" content=\"2560\" \/>\n\t<meta property=\"og:image:height\" content=\"1707\" \/>\n\t<meta property=\"og:image:type\" content=\"image\/webp\" \/>\n<meta name=\"author\" content=\"alojapro_mkt\" \/>\n<meta name=\"twitter:card\" content=\"summary_large_image\" \/>\n<meta name=\"twitter:label1\" content=\"\u00c9crit par\" \/>\n\t<meta name=\"twitter:data1\" content=\"alojapro_mkt\" \/>\n\t<meta name=\"twitter:label2\" content=\"Dur\u00e9e de lecture estim\u00e9e\" \/>\n\t<meta name=\"twitter:data2\" content=\"1 minute\" \/>\n<script type=\"application\/ld+json\" class=\"yoast-schema-graph\">{\"@context\":\"https:\\\/\\\/schema.org\",\"@graph\":[{\"@type\":\"Article\",\"@id\":\"https:\\\/\\\/www.hoteltucblancbaqueira.com\\\/fr\\\/polar-sound-festival-a-baqueira\\\/#article\",\"isPartOf\":{\"@id\":\"https:\\\/\\\/www.hoteltucblancbaqueira.com\\\/fr\\\/polar-sound-festival-a-baqueira\\\/\"},\"author\":{\"name\":\"alojapro_mkt\",\"@id\":\"https:\\\/\\\/www.hoteltucblancbaqueira.com\\\/fr\\\/#\\\/schema\\\/person\\\/18a0f8b4813ee9544e861e9777b27696\"},\"headline\":\"Polar Sound Festival \u00e0 Baqueira\",\"datePublished\":\"2025-07-21T13:07:34+00:00\",\"dateModified\":\"2025-09-10T10:11:05+00:00\",\"mainEntityOfPage\":{\"@id\":\"https:\\\/\\\/www.hoteltucblancbaqueira.com\\\/fr\\\/polar-sound-festival-a-baqueira\\\/\"},\"wordCount\":260,\"publisher\":{\"@id\":\"https:\\\/\\\/www.hoteltucblancbaqueira.com\\\/fr\\\/#organization\"},\"image\":{\"@id\":\"https:\\\/\\\/www.hoteltucblancbaqueira.com\\\/fr\\\/polar-sound-festival-a-baqueira\\\/#primaryimage\"},\"thumbnailUrl\":\"https:\\\/\\\/www.hoteltucblancbaqueira.com\\\/wp-content\\\/uploads\\\/2024\\\/01\\\/polar-sound-baqueira.webp\",\"keywords\":[\"activit\u00e9s baqueira\",\"apres ski baqueira\",\"festival baqueira\",\"festival montagne\",\"festival musique baqueira\",\"festival ni\u00e8ge\",\"polar sound\",\"polar sound baqueira\",\"polar sound festival\",\"Que faire \u00e0 Baqueira\"],\"articleSection\":[\"L'hiver\"],\"inLanguage\":\"fr-FR\"},{\"@type\":\"WebPage\",\"@id\":\"https:\\\/\\\/www.hoteltucblancbaqueira.com\\\/fr\\\/polar-sound-festival-a-baqueira\\\/\",\"url\":\"https:\\\/\\\/www.hoteltucblancbaqueira.com\\\/fr\\\/polar-sound-festival-a-baqueira\\\/\",\"name\":\"Polar Sound Festival \u00e0 Baqueira | Hotel Tuc Blanc Baqueira\",\"isPartOf\":{\"@id\":\"https:\\\/\\\/www.hoteltucblancbaqueira.com\\\/fr\\\/#website\"},\"primaryImageOfPage\":{\"@id\":\"https:\\\/\\\/www.hoteltucblancbaqueira.com\\\/fr\\\/polar-sound-festival-a-baqueira\\\/#primaryimage\"},\"image\":{\"@id\":\"https:\\\/\\\/www.hoteltucblancbaqueira.com\\\/fr\\\/polar-sound-festival-a-baqueira\\\/#primaryimage\"},\"thumbnailUrl\":\"https:\\\/\\\/www.hoteltucblancbaqueira.com\\\/wp-content\\\/uploads\\\/2024\\\/01\\\/polar-sound-baqueira.webp\",\"datePublished\":\"2025-07-21T13:07:34+00:00\",\"dateModified\":\"2025-09-10T10:11:05+00:00\",\"description\":\"Profitez du Polar Sound Festival \u00e0 Baqueira. D\u00e9couvrez les dates, les artistes, le lieu et l'h\u00e9bergement.\",\"breadcrumb\":{\"@id\":\"https:\\\/\\\/www.hoteltucblancbaqueira.com\\\/fr\\\/polar-sound-festival-a-baqueira\\\/#breadcrumb\"},\"inLanguage\":\"fr-FR\",\"potentialAction\":[{\"@type\":\"ReadAction\",\"target\":[\"https:\\\/\\\/www.hoteltucblancbaqueira.com\\\/fr\\\/polar-sound-festival-a-baqueira\\\/\"]}]},{\"@type\":\"ImageObject\",\"inLanguage\":\"fr-FR\",\"@id\":\"https:\\\/\\\/www.hoteltucblancbaqueira.com\\\/fr\\\/polar-sound-festival-a-baqueira\\\/#primaryimage\",\"url\":\"https:\\\/\\\/www.hoteltucblancbaqueira.com\\\/wp-content\\\/uploads\\\/2024\\\/01\\\/polar-sound-baqueira.webp\",\"contentUrl\":\"https:\\\/\\\/www.hoteltucblancbaqueira.com\\\/wp-content\\\/uploads\\\/2024\\\/01\\\/polar-sound-baqueira.webp\",\"width\":2560,\"height\":1707,\"caption\":\"polar sound baqueira\"},{\"@type\":\"BreadcrumbList\",\"@id\":\"https:\\\/\\\/www.hoteltucblancbaqueira.com\\\/fr\\\/polar-sound-festival-a-baqueira\\\/#breadcrumb\",\"itemListElement\":[{\"@type\":\"ListItem\",\"position\":1,\"name\":\"Portada\",\"item\":\"https:\\\/\\\/www.hoteltucblancbaqueira.com\\\/fr\\\/home\\\/\"},{\"@type\":\"ListItem\",\"position\":2,\"name\":\"Polar Sound Festival \u00e0 Baqueira\"}]},{\"@type\":\"WebSite\",\"@id\":\"https:\\\/\\\/www.hoteltucblancbaqueira.com\\\/fr\\\/#website\",\"url\":\"https:\\\/\\\/www.hoteltucblancbaqueira.com\\\/fr\\\/\",\"name\":\"Hotel Tuc Blanc Baqueira\",\"description\":\"Hotel en Baqueira a pie de pistas\",\"publisher\":{\"@id\":\"https:\\\/\\\/www.hoteltucblancbaqueira.com\\\/fr\\\/#organization\"},\"potentialAction\":[{\"@type\":\"SearchAction\",\"target\":{\"@type\":\"EntryPoint\",\"urlTemplate\":\"https:\\\/\\\/www.hoteltucblancbaqueira.com\\\/fr\\\/?s={search_term_string}\"},\"query-input\":{\"@type\":\"PropertyValueSpecification\",\"valueRequired\":true,\"valueName\":\"search_term_string\"}}],\"inLanguage\":\"fr-FR\"},{\"@type\":\"Organization\",\"@id\":\"https:\\\/\\\/www.hoteltucblancbaqueira.com\\\/fr\\\/#organization\",\"name\":\"Hotel Tuc Blanc Baqueira\",\"url\":\"https:\\\/\\\/www.hoteltucblancbaqueira.com\\\/fr\\\/\",\"logo\":{\"@type\":\"ImageObject\",\"inLanguage\":\"fr-FR\",\"@id\":\"https:\\\/\\\/www.hoteltucblancbaqueira.com\\\/fr\\\/#\\\/schema\\\/logo\\\/image\\\/\",\"url\":\"https:\\\/\\\/www.hoteltucblancbaqueira.com\\\/wp-content\\\/uploads\\\/2025\\\/05\\\/logo_header.svg\",\"contentUrl\":\"https:\\\/\\\/www.hoteltucblancbaqueira.com\\\/wp-content\\\/uploads\\\/2025\\\/05\\\/logo_header.svg\",\"width\":398,\"height\":101,\"caption\":\"Hotel Tuc Blanc Baqueira\"},\"image\":{\"@id\":\"https:\\\/\\\/www.hoteltucblancbaqueira.com\\\/fr\\\/#\\\/schema\\\/logo\\\/image\\\/\"}},{\"@type\":\"Person\",\"@id\":\"https:\\\/\\\/www.hoteltucblancbaqueira.com\\\/fr\\\/#\\\/schema\\\/person\\\/18a0f8b4813ee9544e861e9777b27696\",\"name\":\"alojapro_mkt\"}]}<\/script>\n<!-- \/ Yoast SEO plugin. -->","yoast_head_json":{"title":"Polar Sound Festival \u00e0 Baqueira | Hotel Tuc Blanc Baqueira","description":"Profitez du Polar Sound Festival \u00e0 Baqueira. D\u00e9couvrez les dates, les artistes, le lieu et l'h\u00e9bergement.","robots":{"index":"index","follow":"follow","max-snippet":"max-snippet:-1","max-image-preview":"max-image-preview:large","max-video-preview":"max-video-preview:-1"},"canonical":"https:\/\/www.hoteltucblancbaqueira.com\/fr\/polar-sound-festival-a-baqueira\/","og_locale":"fr_FR","og_type":"article","og_title":"Polar Sound Festival \u00e0 Baqueira | Hotel Tuc Blanc Baqueira","og_description":"Profitez du Polar Sound Festival \u00e0 Baqueira. D\u00e9couvrez les dates, les artistes, le lieu et l'h\u00e9bergement.","og_url":"https:\/\/www.hoteltucblancbaqueira.com\/fr\/polar-sound-festival-a-baqueira\/","og_site_name":"Hotel Tuc Blanc Baqueira","article_published_time":"2025-07-21T13:07:34+00:00","article_modified_time":"2025-09-10T10:11:05+00:00","og_image":[{"width":2560,"height":1707,"url":"https:\/\/www.hoteltucblancbaqueira.com\/wp-content\/uploads\/2024\/01\/polar-sound-baqueira.webp","type":"image\/webp"}],"author":"alojapro_mkt","twitter_card":"summary_large_image","twitter_misc":{"\u00c9crit par":"alojapro_mkt","Dur\u00e9e de lecture estim\u00e9e":"1 minute"},"schema":{"@context":"https:\/\/schema.org","@graph":[{"@type":"Article","@id":"https:\/\/www.hoteltucblancbaqueira.com\/fr\/polar-sound-festival-a-baqueira\/#article","isPartOf":{"@id":"https:\/\/www.hoteltucblancbaqueira.com\/fr\/polar-sound-festival-a-baqueira\/"},"author":{"name":"alojapro_mkt","@id":"https:\/\/www.hoteltucblancbaqueira.com\/fr\/#\/schema\/person\/18a0f8b4813ee9544e861e9777b27696"},"headline":"Polar Sound Festival \u00e0 Baqueira","datePublished":"2025-07-21T13:07:34+00:00","dateModified":"2025-09-10T10:11:05+00:00","mainEntityOfPage":{"@id":"https:\/\/www.hoteltucblancbaqueira.com\/fr\/polar-sound-festival-a-baqueira\/"},"wordCount":260,"publisher":{"@id":"https:\/\/www.hoteltucblancbaqueira.com\/fr\/#organization"},"image":{"@id":"https:\/\/www.hoteltucblancbaqueira.com\/fr\/polar-sound-festival-a-baqueira\/#primaryimage"},"thumbnailUrl":"https:\/\/www.hoteltucblancbaqueira.com\/wp-content\/uploads\/2024\/01\/polar-sound-baqueira.webp","keywords":["activit\u00e9s baqueira","apres ski baqueira","festival baqueira","festival montagne","festival musique baqueira","festival ni\u00e8ge","polar sound","polar sound baqueira","polar sound festival","Que faire \u00e0 Baqueira"],"articleSection":["L'hiver"],"inLanguage":"fr-FR"},{"@type":"WebPage","@id":"https:\/\/www.hoteltucblancbaqueira.com\/fr\/polar-sound-festival-a-baqueira\/","url":"https:\/\/www.hoteltucblancbaqueira.com\/fr\/polar-sound-festival-a-baqueira\/","name":"Polar Sound Festival \u00e0 Baqueira | Hotel Tuc Blanc Baqueira","isPartOf":{"@id":"https:\/\/www.hoteltucblancbaqueira.com\/fr\/#website"},"primaryImageOfPage":{"@id":"https:\/\/www.hoteltucblancbaqueira.com\/fr\/polar-sound-festival-a-baqueira\/#primaryimage"},"image":{"@id":"https:\/\/www.hoteltucblancbaqueira.com\/fr\/polar-sound-festival-a-baqueira\/#primaryimage"},"thumbnailUrl":"https:\/\/www.hoteltucblancbaqueira.com\/wp-content\/uploads\/2024\/01\/polar-sound-baqueira.webp","datePublished":"2025-07-21T13:07:34+00:00","dateModified":"2025-09-10T10:11:05+00:00","description":"Profitez du Polar Sound Festival \u00e0 Baqueira. D\u00e9couvrez les dates, les artistes, le lieu et l'h\u00e9bergement.","breadcrumb":{"@id":"https:\/\/www.hoteltucblancbaqueira.com\/fr\/polar-sound-festival-a-baqueira\/#breadcrumb"},"inLanguage":"fr-FR","potentialAction":[{"@type":"ReadAction","target":["https:\/\/www.hoteltucblancbaqueira.com\/fr\/polar-sound-festival-a-baqueira\/"]}]},{"@type":"ImageObject","inLanguage":"fr-FR","@id":"https:\/\/www.hoteltucblancbaqueira.com\/fr\/polar-sound-festival-a-baqueira\/#primaryimage","url":"https:\/\/www.hoteltucblancbaqueira.com\/wp-content\/uploads\/2024\/01\/polar-sound-baqueira.webp","contentUrl":"https:\/\/www.hoteltucblancbaqueira.com\/wp-content\/uploads\/2024\/01\/polar-sound-baqueira.webp","width":2560,"height":1707,"caption":"polar sound baqueira"},{"@type":"BreadcrumbList","@id":"https:\/\/www.hoteltucblancbaqueira.com\/fr\/polar-sound-festival-a-baqueira\/#breadcrumb","itemListElement":[{"@type":"ListItem","position":1,"name":"Portada","item":"https:\/\/www.hoteltucblancbaqueira.com\/fr\/home\/"},{"@type":"ListItem","position":2,"name":"Polar Sound Festival \u00e0 Baqueira"}]},{"@type":"WebSite","@id":"https:\/\/www.hoteltucblancbaqueira.com\/fr\/#website","url":"https:\/\/www.hoteltucblancbaqueira.com\/fr\/","name":"Hotel Tuc Blanc Baqueira","description":"Hotel en Baqueira a pie de pistas","publisher":{"@id":"https:\/\/www.hoteltucblancbaqueira.com\/fr\/#organization"},"potentialAction":[{"@type":"SearchAction","target":{"@type":"EntryPoint","urlTemplate":"https:\/\/www.hoteltucblancbaqueira.com\/fr\/?s={search_term_string}"},"query-input":{"@type":"PropertyValueSpecification","valueRequired":true,"valueName":"search_term_string"}}],"inLanguage":"fr-FR"},{"@type":"Organization","@id":"https:\/\/www.hoteltucblancbaqueira.com\/fr\/#organization","name":"Hotel Tuc Blanc Baqueira","url":"https:\/\/www.hoteltucblancbaqueira.com\/fr\/","logo":{"@type":"ImageObject","inLanguage":"fr-FR","@id":"https:\/\/www.hoteltucblancbaqueira.com\/fr\/#\/schema\/logo\/image\/","url":"https:\/\/www.hoteltucblancbaqueira.com\/wp-content\/uploads\/2025\/05\/logo_header.svg","contentUrl":"https:\/\/www.hoteltucblancbaqueira.com\/wp-content\/uploads\/2025\/05\/logo_header.svg","width":398,"height":101,"caption":"Hotel Tuc Blanc Baqueira"},"image":{"@id":"https:\/\/www.hoteltucblancbaqueira.com\/fr\/#\/schema\/logo\/image\/"}},{"@type":"Person","@id":"https:\/\/www.hoteltucblancbaqueira.com\/fr\/#\/schema\/person\/18a0f8b4813ee9544e861e9777b27696","name":"alojapro_mkt"}]}},"loftoceanMetas":{"authorName":"alojapro_mkt","categories":[{"name":"L'hiver","link":"https:\/\/www.hoteltucblancbaqueira.com\/fr\/category\/lhiver\/","count":16}],"date":"21 de juillet de 2025","featuredImageSRC":"https:\/\/www.hoteltucblancbaqueira.com\/wp-content\/uploads\/2024\/01\/polar-sound-baqueira-150x150.webp"},"_links":{"self":[{"href":"https:\/\/www.hoteltucblancbaqueira.com\/fr\/wp-json\/wp\/v2\/posts\/6861","targetHints":{"allow":["GET"]}}],"collection":[{"href":"https:\/\/www.hoteltucblancbaqueira.com\/fr\/wp-json\/wp\/v2\/posts"}],"about":[{"href":"https:\/\/www.hoteltucblancbaqueira.com\/fr\/wp-json\/wp\/v2\/types\/post"}],"author":[{"embeddable":true,"href":"https:\/\/www.hoteltucblancbaqueira.com\/fr\/wp-json\/wp\/v2\/users\/3"}],"replies":[{"embeddable":true,"href":"https:\/\/www.hoteltucblancbaqueira.com\/fr\/wp-json\/wp\/v2\/comments?post=6861"}],"version-history":[{"count":0,"href":"https:\/\/www.hoteltucblancbaqueira.com\/fr\/wp-json\/wp\/v2\/posts\/6861\/revisions"}],"wp:featuredmedia":[{"embeddable":true,"href":"https:\/\/www.hoteltucblancbaqueira.com\/fr\/wp-json\/wp\/v2\/media\/4676"}],"wp:attachment":[{"href":"https:\/\/www.hoteltucblancbaqueira.com\/fr\/wp-json\/wp\/v2\/media?parent=6861"}],"wp:term":[{"taxonomy":"category","embeddable":true,"href":"https:\/\/www.hoteltucblancbaqueira.com\/fr\/wp-json\/wp\/v2\/categories?post=6861"},{"taxonomy":"post_tag","embeddable":true,"href":"https:\/\/www.hoteltucblancbaqueira.com\/fr\/wp-json\/wp\/v2\/tags?post=6861"}],"curies":[{"name":"wp","href":"https:\/\/api.w.org\/{rel}","templated":true}]}}