{"id":7168,"date":"2026-01-16T16:25:57","date_gmt":"2026-01-16T15:25:57","guid":{"rendered":"https:\/\/www.hoteltucblancbaqueira.com\/?p=7168"},"modified":"2026-01-16T16:25:58","modified_gmt":"2026-01-16T15:25:58","slug":"lolla-aranesa-lun-des-plats-typiques-du-val-daran","status":"publish","type":"post","link":"https:\/\/www.hoteltucblancbaqueira.com\/fr\/lolla-aranesa-lun-des-plats-typiques-du-val-daran\/","title":{"rendered":"L\u2019Olla Aranesa, l\u2019un des plats typiques du Val d\u2019Aran"},"content":{"rendered":"\n<p>La <strong>cuisine aranaise<\/strong> est une cuisine de montagne, g\u00e9n\u00e9reuse et \u00e9troitement li\u00e9e au climat et \u00e0 l\u2019autosuffisance rurale du Val d\u2019Aran, au c\u0153ur des Pyr\u00e9n\u00e9es.<\/p>\n\n<p>Les plats aranais sont g\u00e9n\u00e9ralement riches et r\u00e9confortants, con\u00e7us pour affronter de longs hivers o\u00f9 dominent rago\u00fbts, pot\u00e9es, soupes et plats mijot\u00e9s lentement pendant de longues heures. Le plat le plus embl\u00e9matique est l\u2019Olla Aranesa (rago\u00fbt aranaise), \u00e9galement appel\u00e9e Olha Aranesa. <\/p>\n\n<p>\u00c0 l\u2019origine, l\u2019Olla Aranesa \u00e9tait pr\u00e9par\u00e9e par les familles d\u2019\u00e9leveurs \u00e0 partir des restes des r\u00e9coltes et des aliments conserv\u00e9s dans le garde-manger, naturellement enrichie gr\u00e2ce \u00e0 la chasse et \u00e0 l\u2019\u00e9levage caract\u00e9ristiques de la r\u00e9gion.<\/p>\n\n<p>Bien que l\u2019Olla Aranesa soit tr\u00e8s pr\u00e9sente sur les tables paysannes, sa pr\u00e9paration varie selon les foyers, chacun suivant des recettes transmises de g\u00e9n\u00e9ration en g\u00e9n\u00e9ration.<br\/>C\u2019est pourquoi il existe aujourd\u2019hui plusieurs versions de l\u2019Olha Aranesa, chacune avec ses particularit\u00e9s et sa propre \u00e9volution, tout en conservant l\u2019essence du plat. <\/p>\n\n<h2 class=\"wp-block-heading\"><strong>Quelle est la recette traditionnelle de l\u2019Olla Aranesa?<\/strong><\/h2>\n\n<ul class=\"wp-block-list\">\n<li>Faire cuire pendant 1 heure : os d\u2019\u00e9chine de porc, os de jambon, demi-pied de porc, poule et poitrine de porc.<\/li>\n\n\n\n<li>Ajouter la \u00ab pilota \u00bb, pr\u00e9par\u00e9e avec viande de b\u0153uf hach\u00e9e, viande de porc hach\u00e9e, 1 \u0153uf, mie de pain, herbes de Provence, poivre et sel, puis laisser cuire encore une heure.<\/li>\n\n\n\n<li>Incorporer les l\u00e9gumes coup\u00e9s finement : chou, oignon, poireau, pomme de terre, carotte et c\u00e9leri, et laisser cuire 30 minutes.<\/li>\n\n\n\n<li>Ajouter les haricots blancs (pr\u00e9alablement mi-cuits), le riz et les vermicelles, cuire 10 minutes, puis ajouter la saucisse noire et la saucisse \u00ab del perol \u00bb. Laisser cuire encore 10 minutes. \u00c9teindre le feu et laisser reposer avant de servir. <\/li>\n\n\n\n<li>Le temps total de pr\u00e9paration est d\u2019environ 3 heures ; ainsi, lors de votre visite dans le Val d\u2019Aran, une excellente option consiste \u00e0 la d\u00e9guster dans un restaurant de cuisine traditionnelle.<\/li>\n<\/ul>\n\n<h2 class=\"wp-block-heading\"><strong>O\u00f9 d\u00e9guster l\u2019Olla Aranesa dans le Val d\u2019Aran ?<\/strong><\/h2>\n\n<p>L\u2019Olla Aranesa est surtout servie en hiver ou pendant les mois les plus froids, souvent propos\u00e9e au <em>menu du jour<\/em> ou lors des week-ends et des saisons de tourisme de montagne. Voici quelques-uns de nos restaurants pr\u00e9f\u00e9r\u00e9s pour la d\u00e9couvrir : <\/p>\n\n<ul class=\"wp-block-list\">\n<li><strong><a href=\"https:\/\/www.tauernaranesa.com\/\">Tauerna Aranesa<\/a><\/strong>: Bar \u00e0 tapas et pinchos proposant des menus aux plats aranais typiques.<\/li>\n\n\n\n<li><strong><a href=\"https:\/\/www.blancbaqueira.com\/fr\">Blanc Baqueira<\/a><\/strong>: Situ\u00e9 au pied des pistes, au sein de l\u2019H\u00f4tel Tuc Blanc, \u00e9galement ouvert aux clients ext\u00e9rieurs.<\/li>\n\n\n\n<li><strong><a href=\"https:\/\/www.elmolidevielharestaurante.com\/\">Restaurant El Mol\u00ed<\/a><\/strong>: Cuisine locale et traditionnelle dans un cadre chaleureux.<\/li>\n\n\n\n<li><strong><a href=\"https:\/\/casaturnay.es\/\">Casa Turnay<\/a><\/strong>: Plats traditionnels revisit\u00e9s avec une touche de cuisine contemporaine.<\/li>\n\n\n\n<li><strong><a href=\"https:\/\/www.facebook.com\/profile.php?id=100063891501187&amp;sk=reviews\">Restaurant Era Torrada<\/a><\/strong>: Cuisine locale et authentique du Val d\u2019Aran.<\/li>\n<\/ul>\n\n<h3 class=\"wp-block-heading\"><strong>Vivez le Val d\u2019Aran avec les cinq sens<\/strong><\/h3>\n\n<p>Apr\u00e8s une journ\u00e9e de ski ou de montagne, s\u2019attabler autour d\u2019un plat traditionnel tel que l\u2019Olla Aranesa est la meilleure fa\u00e7on de parfaire l\u2019exp\u00e9rience et de d\u00e9couvrir l\u2019essence gastronomique du Val d\u2019Aran.<\/p>\n\n<h4 class=\"wp-block-heading\"><strong>Envie de savourer le Val d\u2019Aran ?<\/strong><\/h4>\n\n<p>Rendez votre escapade encore plus sp\u00e9ciale en r\u00e9servant dans notre <a href=\"https:\/\/hoteltucblancbaqueira.com\/fr\/\"><strong>h\u00f4tel avec spa \u00e0 Baqueira<\/strong><\/a> et profitez d\u2019une exp\u00e9rience gastronomique inoubliable.<\/p>\n\n<p><\/p>\n","protected":false},"excerpt":{"rendered":"<p>La cuisine aranaise est une cuisine de montagne, g\u00e9n\u00e9reuse et \u00e9troitement li\u00e9e au climat et \u00e0 l\u2019autosuffisance rurale du Val d\u2019Aran, au c\u0153ur des Pyr\u00e9n\u00e9es. Les plats aranais sont g\u00e9n\u00e9ralement riches et r\u00e9confortants, con\u00e7us pour affronter de longs hivers o\u00f9 dominent rago\u00fbts, pot\u00e9es, soupes et plats mijot\u00e9s lentement pendant de longues heures. Le plat le &#8230;<\/p>\n","protected":false},"author":3,"featured_media":7157,"comment_status":"closed","ping_status":"open","sticky":false,"template":"","format":"standard","meta":{"loftocean_post_format_gallery":"","loftocean_post_format_gallery_ids":"","loftocean_post_format_gallery_urls":"","loftocean_post_format_video_id":0,"loftocean_post_format_video_url":"","loftocean_post_format_video_type":"","loftocean_post_format_video":"","loftocean_post_format_audio_type":"","loftocean_post_format_audio_url":"","loftocean_post_format_audio_id":0,"loftocean_post_format_audio":"","loftocean-like-count":0,"cozystay_single_post_hide_site_header":"","cozystay_single_post_site_header_source":"","cozystay_single_post_custom_site_header":"0","cozystay_single_post_custom_sticky_site_header":"0","cozystay_single_post_hide_page_title":"","cozystay_single_post_site_footer_hide_main":"","cozystay_single_custom_site_footer_main_source":"","cozystay_single_custom_site_footer_main":"0","cozystay_single_post_site_footer_hide_above":"","cozystay_single_custom_site_footer_above_source":"","cozystay_single_custom_site_footer_above":"0","cozystay_single_post_site_footer_hide_instagram":"","cozystay_single_post_site_footer_hide_bottom":"","cozystay_single_custom_mobile_menu_source":"","cozystay_single_custom_mobile_menu":"0","cozystay_single_custom_mobile_menu_animation":"","cozystay_single_custom_mobile_menu_width":"","cozystay_single_custom_mobile_menu_custom_width":375,"cozystay_single_post_template":"","footnotes":""},"categories":[225,135,116],"tags":[174,136,368,369,370,181],"class_list":["post-7168","post","type-post","status-publish","format-standard","has-post-thumbnail","hentry","category-gastronomie","category-lhiver","category-non-categorise","tag-activites-baqueira","tag-apres-ski-baqueira-fr","tag-ragout-aranaise","tag-recette-de-ragout-aranaise","tag-restaurants-a-baqueira","tag-spa-baqueira-fr"],"yoast_head":"<!-- This site is optimized with the Yoast SEO plugin v27.4 - https:\/\/yoast.com\/product\/yoast-seo-wordpress\/ -->\n<title>L\u2019Olla Aranesa, l\u2019un des plats typiques du Val d\u2019Aran | Hotel Tuc Blanc Baqueira<\/title>\n<meta name=\"description\" content=\"D\u00e9couvrez l\u2019Olla Aranesa, le plat le plus traditionnel du Val d\u2019Aran : son origine, sa recette et les meilleures adresses pour la d\u00e9guster apr\u00e8s une journ\u00e9e de ski ou de montagne.\" \/>\n<meta name=\"robots\" content=\"index, follow, max-snippet:-1, max-image-preview:large, max-video-preview:-1\" \/>\n<link rel=\"canonical\" href=\"https:\/\/www.hoteltucblancbaqueira.com\/fr\/lolla-aranesa-lun-des-plats-typiques-du-val-daran\/\" \/>\n<meta property=\"og:locale\" content=\"fr_FR\" \/>\n<meta property=\"og:type\" content=\"article\" \/>\n<meta property=\"og:title\" content=\"L\u2019Olla Aranesa, l\u2019un des plats typiques du Val d\u2019Aran | Hotel Tuc Blanc Baqueira\" \/>\n<meta property=\"og:description\" content=\"D\u00e9couvrez l\u2019Olla Aranesa, le plat le plus traditionnel du Val d\u2019Aran : son origine, sa recette et les meilleures adresses pour la d\u00e9guster apr\u00e8s une journ\u00e9e de ski ou de montagne.\" \/>\n<meta property=\"og:url\" content=\"https:\/\/www.hoteltucblancbaqueira.com\/fr\/lolla-aranesa-lun-des-plats-typiques-du-val-daran\/\" \/>\n<meta property=\"og:site_name\" content=\"Hotel Tuc Blanc Baqueira\" \/>\n<meta property=\"article:published_time\" content=\"2026-01-16T15:25:57+00:00\" \/>\n<meta property=\"article:modified_time\" content=\"2026-01-16T15:25:58+00:00\" \/>\n<meta property=\"og:image\" content=\"https:\/\/www.hoteltucblancbaqueira.com\/wp-content\/uploads\/2026\/01\/Olla-Aranesa_Tuc-Blanc-scaled.webp\" \/>\n\t<meta property=\"og:image:width\" content=\"2560\" \/>\n\t<meta property=\"og:image:height\" content=\"1280\" \/>\n\t<meta property=\"og:image:type\" content=\"image\/webp\" \/>\n<meta name=\"author\" content=\"alojapro_mkt\" \/>\n<meta name=\"twitter:card\" content=\"summary_large_image\" \/>\n<meta name=\"twitter:label1\" content=\"\u00c9crit par\" \/>\n\t<meta name=\"twitter:data1\" content=\"alojapro_mkt\" \/>\n\t<meta name=\"twitter:label2\" content=\"Dur\u00e9e de lecture estim\u00e9e\" \/>\n\t<meta name=\"twitter:data2\" content=\"3 minutes\" \/>\n<script type=\"application\/ld+json\" class=\"yoast-schema-graph\">{\"@context\":\"https:\\\/\\\/schema.org\",\"@graph\":[{\"@type\":\"Article\",\"@id\":\"https:\\\/\\\/www.hoteltucblancbaqueira.com\\\/fr\\\/lolla-aranesa-lun-des-plats-typiques-du-val-daran\\\/#article\",\"isPartOf\":{\"@id\":\"https:\\\/\\\/www.hoteltucblancbaqueira.com\\\/fr\\\/lolla-aranesa-lun-des-plats-typiques-du-val-daran\\\/\"},\"author\":{\"name\":\"alojapro_mkt\",\"@id\":\"https:\\\/\\\/www.hoteltucblancbaqueira.com\\\/fr\\\/#\\\/schema\\\/person\\\/18a0f8b4813ee9544e861e9777b27696\"},\"headline\":\"L\u2019Olla Aranesa, l\u2019un des plats typiques du Val d\u2019Aran\",\"datePublished\":\"2026-01-16T15:25:57+00:00\",\"dateModified\":\"2026-01-16T15:25:58+00:00\",\"mainEntityOfPage\":{\"@id\":\"https:\\\/\\\/www.hoteltucblancbaqueira.com\\\/fr\\\/lolla-aranesa-lun-des-plats-typiques-du-val-daran\\\/\"},\"wordCount\":565,\"publisher\":{\"@id\":\"https:\\\/\\\/www.hoteltucblancbaqueira.com\\\/fr\\\/#organization\"},\"image\":{\"@id\":\"https:\\\/\\\/www.hoteltucblancbaqueira.com\\\/fr\\\/lolla-aranesa-lun-des-plats-typiques-du-val-daran\\\/#primaryimage\"},\"thumbnailUrl\":\"https:\\\/\\\/www.hoteltucblancbaqueira.com\\\/wp-content\\\/uploads\\\/2026\\\/01\\\/Olla-Aranesa_Tuc-Blanc-scaled.webp\",\"keywords\":[\"activit\u00e9s baqueira\",\"apres ski baqueira\",\"Rago\u00fbt aranaise\",\"recette de rago\u00fbt aranaise\",\"restaurants \u00e0 Baqueira\",\"spa baqueira\"],\"articleSection\":[\"Gastronomie\",\"L'hiver\",\"Non cat\u00e9goris\u00e9\"],\"inLanguage\":\"fr-FR\"},{\"@type\":\"WebPage\",\"@id\":\"https:\\\/\\\/www.hoteltucblancbaqueira.com\\\/fr\\\/lolla-aranesa-lun-des-plats-typiques-du-val-daran\\\/\",\"url\":\"https:\\\/\\\/www.hoteltucblancbaqueira.com\\\/fr\\\/lolla-aranesa-lun-des-plats-typiques-du-val-daran\\\/\",\"name\":\"L\u2019Olla Aranesa, l\u2019un des plats typiques du Val d\u2019Aran | Hotel Tuc Blanc Baqueira\",\"isPartOf\":{\"@id\":\"https:\\\/\\\/www.hoteltucblancbaqueira.com\\\/fr\\\/#website\"},\"primaryImageOfPage\":{\"@id\":\"https:\\\/\\\/www.hoteltucblancbaqueira.com\\\/fr\\\/lolla-aranesa-lun-des-plats-typiques-du-val-daran\\\/#primaryimage\"},\"image\":{\"@id\":\"https:\\\/\\\/www.hoteltucblancbaqueira.com\\\/fr\\\/lolla-aranesa-lun-des-plats-typiques-du-val-daran\\\/#primaryimage\"},\"thumbnailUrl\":\"https:\\\/\\\/www.hoteltucblancbaqueira.com\\\/wp-content\\\/uploads\\\/2026\\\/01\\\/Olla-Aranesa_Tuc-Blanc-scaled.webp\",\"datePublished\":\"2026-01-16T15:25:57+00:00\",\"dateModified\":\"2026-01-16T15:25:58+00:00\",\"description\":\"D\u00e9couvrez l\u2019Olla Aranesa, le plat le plus traditionnel du Val d\u2019Aran : son origine, sa recette et les meilleures adresses pour la d\u00e9guster apr\u00e8s une journ\u00e9e de ski ou de montagne.\",\"breadcrumb\":{\"@id\":\"https:\\\/\\\/www.hoteltucblancbaqueira.com\\\/fr\\\/lolla-aranesa-lun-des-plats-typiques-du-val-daran\\\/#breadcrumb\"},\"inLanguage\":\"fr-FR\",\"potentialAction\":[{\"@type\":\"ReadAction\",\"target\":[\"https:\\\/\\\/www.hoteltucblancbaqueira.com\\\/fr\\\/lolla-aranesa-lun-des-plats-typiques-du-val-daran\\\/\"]}]},{\"@type\":\"ImageObject\",\"inLanguage\":\"fr-FR\",\"@id\":\"https:\\\/\\\/www.hoteltucblancbaqueira.com\\\/fr\\\/lolla-aranesa-lun-des-plats-typiques-du-val-daran\\\/#primaryimage\",\"url\":\"https:\\\/\\\/www.hoteltucblancbaqueira.com\\\/wp-content\\\/uploads\\\/2026\\\/01\\\/Olla-Aranesa_Tuc-Blanc-scaled.webp\",\"contentUrl\":\"https:\\\/\\\/www.hoteltucblancbaqueira.com\\\/wp-content\\\/uploads\\\/2026\\\/01\\\/Olla-Aranesa_Tuc-Blanc-scaled.webp\",\"width\":2560,\"height\":1280,\"caption\":\"_d\u00f3nde comer Olla Aranesa_\"},{\"@type\":\"BreadcrumbList\",\"@id\":\"https:\\\/\\\/www.hoteltucblancbaqueira.com\\\/fr\\\/lolla-aranesa-lun-des-plats-typiques-du-val-daran\\\/#breadcrumb\",\"itemListElement\":[{\"@type\":\"ListItem\",\"position\":1,\"name\":\"Portada\",\"item\":\"https:\\\/\\\/www.hoteltucblancbaqueira.com\\\/fr\\\/home\\\/\"},{\"@type\":\"ListItem\",\"position\":2,\"name\":\"L\u2019Olla Aranesa, l\u2019un des plats typiques du Val d\u2019Aran\"}]},{\"@type\":\"WebSite\",\"@id\":\"https:\\\/\\\/www.hoteltucblancbaqueira.com\\\/fr\\\/#website\",\"url\":\"https:\\\/\\\/www.hoteltucblancbaqueira.com\\\/fr\\\/\",\"name\":\"Hotel Tuc Blanc Baqueira\",\"description\":\"Hotel en Baqueira a pie de pistas\",\"publisher\":{\"@id\":\"https:\\\/\\\/www.hoteltucblancbaqueira.com\\\/fr\\\/#organization\"},\"potentialAction\":[{\"@type\":\"SearchAction\",\"target\":{\"@type\":\"EntryPoint\",\"urlTemplate\":\"https:\\\/\\\/www.hoteltucblancbaqueira.com\\\/fr\\\/?s={search_term_string}\"},\"query-input\":{\"@type\":\"PropertyValueSpecification\",\"valueRequired\":true,\"valueName\":\"search_term_string\"}}],\"inLanguage\":\"fr-FR\"},{\"@type\":\"Organization\",\"@id\":\"https:\\\/\\\/www.hoteltucblancbaqueira.com\\\/fr\\\/#organization\",\"name\":\"Hotel Tuc Blanc Baqueira\",\"url\":\"https:\\\/\\\/www.hoteltucblancbaqueira.com\\\/fr\\\/\",\"logo\":{\"@type\":\"ImageObject\",\"inLanguage\":\"fr-FR\",\"@id\":\"https:\\\/\\\/www.hoteltucblancbaqueira.com\\\/fr\\\/#\\\/schema\\\/logo\\\/image\\\/\",\"url\":\"https:\\\/\\\/www.hoteltucblancbaqueira.com\\\/wp-content\\\/uploads\\\/2025\\\/05\\\/logo_header.svg\",\"contentUrl\":\"https:\\\/\\\/www.hoteltucblancbaqueira.com\\\/wp-content\\\/uploads\\\/2025\\\/05\\\/logo_header.svg\",\"width\":398,\"height\":101,\"caption\":\"Hotel Tuc Blanc Baqueira\"},\"image\":{\"@id\":\"https:\\\/\\\/www.hoteltucblancbaqueira.com\\\/fr\\\/#\\\/schema\\\/logo\\\/image\\\/\"}},{\"@type\":\"Person\",\"@id\":\"https:\\\/\\\/www.hoteltucblancbaqueira.com\\\/fr\\\/#\\\/schema\\\/person\\\/18a0f8b4813ee9544e861e9777b27696\",\"name\":\"alojapro_mkt\"}]}<\/script>\n<!-- \/ Yoast SEO plugin. -->","yoast_head_json":{"title":"L\u2019Olla Aranesa, l\u2019un des plats typiques du Val d\u2019Aran | Hotel Tuc Blanc Baqueira","description":"D\u00e9couvrez l\u2019Olla Aranesa, le plat le plus traditionnel du Val d\u2019Aran : son origine, sa recette et les meilleures adresses pour la d\u00e9guster apr\u00e8s une journ\u00e9e de ski ou de montagne.","robots":{"index":"index","follow":"follow","max-snippet":"max-snippet:-1","max-image-preview":"max-image-preview:large","max-video-preview":"max-video-preview:-1"},"canonical":"https:\/\/www.hoteltucblancbaqueira.com\/fr\/lolla-aranesa-lun-des-plats-typiques-du-val-daran\/","og_locale":"fr_FR","og_type":"article","og_title":"L\u2019Olla Aranesa, l\u2019un des plats typiques du Val d\u2019Aran | Hotel Tuc Blanc Baqueira","og_description":"D\u00e9couvrez l\u2019Olla Aranesa, le plat le plus traditionnel du Val d\u2019Aran : son origine, sa recette et les meilleures adresses pour la d\u00e9guster apr\u00e8s une journ\u00e9e de ski ou de montagne.","og_url":"https:\/\/www.hoteltucblancbaqueira.com\/fr\/lolla-aranesa-lun-des-plats-typiques-du-val-daran\/","og_site_name":"Hotel Tuc Blanc Baqueira","article_published_time":"2026-01-16T15:25:57+00:00","article_modified_time":"2026-01-16T15:25:58+00:00","og_image":[{"width":2560,"height":1280,"url":"https:\/\/www.hoteltucblancbaqueira.com\/wp-content\/uploads\/2026\/01\/Olla-Aranesa_Tuc-Blanc-scaled.webp","type":"image\/webp"}],"author":"alojapro_mkt","twitter_card":"summary_large_image","twitter_misc":{"\u00c9crit par":"alojapro_mkt","Dur\u00e9e de lecture estim\u00e9e":"3 minutes"},"schema":{"@context":"https:\/\/schema.org","@graph":[{"@type":"Article","@id":"https:\/\/www.hoteltucblancbaqueira.com\/fr\/lolla-aranesa-lun-des-plats-typiques-du-val-daran\/#article","isPartOf":{"@id":"https:\/\/www.hoteltucblancbaqueira.com\/fr\/lolla-aranesa-lun-des-plats-typiques-du-val-daran\/"},"author":{"name":"alojapro_mkt","@id":"https:\/\/www.hoteltucblancbaqueira.com\/fr\/#\/schema\/person\/18a0f8b4813ee9544e861e9777b27696"},"headline":"L\u2019Olla Aranesa, l\u2019un des plats typiques du Val d\u2019Aran","datePublished":"2026-01-16T15:25:57+00:00","dateModified":"2026-01-16T15:25:58+00:00","mainEntityOfPage":{"@id":"https:\/\/www.hoteltucblancbaqueira.com\/fr\/lolla-aranesa-lun-des-plats-typiques-du-val-daran\/"},"wordCount":565,"publisher":{"@id":"https:\/\/www.hoteltucblancbaqueira.com\/fr\/#organization"},"image":{"@id":"https:\/\/www.hoteltucblancbaqueira.com\/fr\/lolla-aranesa-lun-des-plats-typiques-du-val-daran\/#primaryimage"},"thumbnailUrl":"https:\/\/www.hoteltucblancbaqueira.com\/wp-content\/uploads\/2026\/01\/Olla-Aranesa_Tuc-Blanc-scaled.webp","keywords":["activit\u00e9s baqueira","apres ski baqueira","Rago\u00fbt aranaise","recette de rago\u00fbt aranaise","restaurants \u00e0 Baqueira","spa baqueira"],"articleSection":["Gastronomie","L'hiver","Non cat\u00e9goris\u00e9"],"inLanguage":"fr-FR"},{"@type":"WebPage","@id":"https:\/\/www.hoteltucblancbaqueira.com\/fr\/lolla-aranesa-lun-des-plats-typiques-du-val-daran\/","url":"https:\/\/www.hoteltucblancbaqueira.com\/fr\/lolla-aranesa-lun-des-plats-typiques-du-val-daran\/","name":"L\u2019Olla Aranesa, l\u2019un des plats typiques du Val d\u2019Aran | Hotel Tuc Blanc Baqueira","isPartOf":{"@id":"https:\/\/www.hoteltucblancbaqueira.com\/fr\/#website"},"primaryImageOfPage":{"@id":"https:\/\/www.hoteltucblancbaqueira.com\/fr\/lolla-aranesa-lun-des-plats-typiques-du-val-daran\/#primaryimage"},"image":{"@id":"https:\/\/www.hoteltucblancbaqueira.com\/fr\/lolla-aranesa-lun-des-plats-typiques-du-val-daran\/#primaryimage"},"thumbnailUrl":"https:\/\/www.hoteltucblancbaqueira.com\/wp-content\/uploads\/2026\/01\/Olla-Aranesa_Tuc-Blanc-scaled.webp","datePublished":"2026-01-16T15:25:57+00:00","dateModified":"2026-01-16T15:25:58+00:00","description":"D\u00e9couvrez l\u2019Olla Aranesa, le plat le plus traditionnel du Val d\u2019Aran : son origine, sa recette et les meilleures adresses pour la d\u00e9guster apr\u00e8s une journ\u00e9e de ski ou de montagne.","breadcrumb":{"@id":"https:\/\/www.hoteltucblancbaqueira.com\/fr\/lolla-aranesa-lun-des-plats-typiques-du-val-daran\/#breadcrumb"},"inLanguage":"fr-FR","potentialAction":[{"@type":"ReadAction","target":["https:\/\/www.hoteltucblancbaqueira.com\/fr\/lolla-aranesa-lun-des-plats-typiques-du-val-daran\/"]}]},{"@type":"ImageObject","inLanguage":"fr-FR","@id":"https:\/\/www.hoteltucblancbaqueira.com\/fr\/lolla-aranesa-lun-des-plats-typiques-du-val-daran\/#primaryimage","url":"https:\/\/www.hoteltucblancbaqueira.com\/wp-content\/uploads\/2026\/01\/Olla-Aranesa_Tuc-Blanc-scaled.webp","contentUrl":"https:\/\/www.hoteltucblancbaqueira.com\/wp-content\/uploads\/2026\/01\/Olla-Aranesa_Tuc-Blanc-scaled.webp","width":2560,"height":1280,"caption":"_d\u00f3nde comer Olla Aranesa_"},{"@type":"BreadcrumbList","@id":"https:\/\/www.hoteltucblancbaqueira.com\/fr\/lolla-aranesa-lun-des-plats-typiques-du-val-daran\/#breadcrumb","itemListElement":[{"@type":"ListItem","position":1,"name":"Portada","item":"https:\/\/www.hoteltucblancbaqueira.com\/fr\/home\/"},{"@type":"ListItem","position":2,"name":"L\u2019Olla Aranesa, l\u2019un des plats typiques du Val d\u2019Aran"}]},{"@type":"WebSite","@id":"https:\/\/www.hoteltucblancbaqueira.com\/fr\/#website","url":"https:\/\/www.hoteltucblancbaqueira.com\/fr\/","name":"Hotel Tuc Blanc Baqueira","description":"Hotel en Baqueira a pie de pistas","publisher":{"@id":"https:\/\/www.hoteltucblancbaqueira.com\/fr\/#organization"},"potentialAction":[{"@type":"SearchAction","target":{"@type":"EntryPoint","urlTemplate":"https:\/\/www.hoteltucblancbaqueira.com\/fr\/?s={search_term_string}"},"query-input":{"@type":"PropertyValueSpecification","valueRequired":true,"valueName":"search_term_string"}}],"inLanguage":"fr-FR"},{"@type":"Organization","@id":"https:\/\/www.hoteltucblancbaqueira.com\/fr\/#organization","name":"Hotel Tuc Blanc Baqueira","url":"https:\/\/www.hoteltucblancbaqueira.com\/fr\/","logo":{"@type":"ImageObject","inLanguage":"fr-FR","@id":"https:\/\/www.hoteltucblancbaqueira.com\/fr\/#\/schema\/logo\/image\/","url":"https:\/\/www.hoteltucblancbaqueira.com\/wp-content\/uploads\/2025\/05\/logo_header.svg","contentUrl":"https:\/\/www.hoteltucblancbaqueira.com\/wp-content\/uploads\/2025\/05\/logo_header.svg","width":398,"height":101,"caption":"Hotel Tuc Blanc Baqueira"},"image":{"@id":"https:\/\/www.hoteltucblancbaqueira.com\/fr\/#\/schema\/logo\/image\/"}},{"@type":"Person","@id":"https:\/\/www.hoteltucblancbaqueira.com\/fr\/#\/schema\/person\/18a0f8b4813ee9544e861e9777b27696","name":"alojapro_mkt"}]}},"loftoceanMetas":{"authorName":"alojapro_mkt","categories":[{"name":"Gastronomie","link":"https:\/\/www.hoteltucblancbaqueira.com\/fr\/category\/gastronomie\/","count":6},{"name":"L'hiver","link":"https:\/\/www.hoteltucblancbaqueira.com\/fr\/category\/lhiver\/","count":16},{"name":"Non cat\u00e9goris\u00e9","link":"https:\/\/www.hoteltucblancbaqueira.com\/fr\/category\/non-categorise\/","count":12}],"date":"16 de janvier de 2026","featuredImageSRC":"https:\/\/www.hoteltucblancbaqueira.com\/wp-content\/uploads\/2026\/01\/Olla-Aranesa_Tuc-Blanc-150x150.webp"},"_links":{"self":[{"href":"https:\/\/www.hoteltucblancbaqueira.com\/fr\/wp-json\/wp\/v2\/posts\/7168","targetHints":{"allow":["GET"]}}],"collection":[{"href":"https:\/\/www.hoteltucblancbaqueira.com\/fr\/wp-json\/wp\/v2\/posts"}],"about":[{"href":"https:\/\/www.hoteltucblancbaqueira.com\/fr\/wp-json\/wp\/v2\/types\/post"}],"author":[{"embeddable":true,"href":"https:\/\/www.hoteltucblancbaqueira.com\/fr\/wp-json\/wp\/v2\/users\/3"}],"replies":[{"embeddable":true,"href":"https:\/\/www.hoteltucblancbaqueira.com\/fr\/wp-json\/wp\/v2\/comments?post=7168"}],"version-history":[{"count":1,"href":"https:\/\/www.hoteltucblancbaqueira.com\/fr\/wp-json\/wp\/v2\/posts\/7168\/revisions"}],"predecessor-version":[{"id":7169,"href":"https:\/\/www.hoteltucblancbaqueira.com\/fr\/wp-json\/wp\/v2\/posts\/7168\/revisions\/7169"}],"wp:featuredmedia":[{"embeddable":true,"href":"https:\/\/www.hoteltucblancbaqueira.com\/fr\/wp-json\/wp\/v2\/media\/7157"}],"wp:attachment":[{"href":"https:\/\/www.hoteltucblancbaqueira.com\/fr\/wp-json\/wp\/v2\/media?parent=7168"}],"wp:term":[{"taxonomy":"category","embeddable":true,"href":"https:\/\/www.hoteltucblancbaqueira.com\/fr\/wp-json\/wp\/v2\/categories?post=7168"},{"taxonomy":"post_tag","embeddable":true,"href":"https:\/\/www.hoteltucblancbaqueira.com\/fr\/wp-json\/wp\/v2\/tags?post=7168"}],"curies":[{"name":"wp","href":"https:\/\/api.w.org\/{rel}","templated":true}]}}