{"id":7317,"date":"2026-02-25T11:25:41","date_gmt":"2026-02-25T10:25:41","guid":{"rendered":"https:\/\/www.hoteltucblancbaqueira.com\/?p=7317"},"modified":"2026-03-10T11:26:27","modified_gmt":"2026-03-10T10:26:27","slug":"week-end-en-couple-dans-la-vall-daran","status":"publish","type":"post","link":"https:\/\/www.hoteltucblancbaqueira.com\/fr\/week-end-en-couple-dans-la-vall-daran\/","title":{"rendered":"Week-end en couple dans la Vall d&rsquo;Aran"},"content":{"rendered":"\t\t<div data-elementor-type=\"wp-post\" data-elementor-id=\"7317\" class=\"elementor elementor-7317 elementor-7287\" data-elementor-post-type=\"post\">\n\t\t\t\t<div class=\"elementor-element elementor-element-66b4f09 e-flex e-con-boxed e-con e-parent\" data-id=\"66b4f09\" data-element_type=\"container\" data-e-type=\"container\">\n\t\t\t\t\t<div class=\"e-con-inner\">\n\t\t\t\t<div class=\"elementor-element elementor-element-1be905d elementor-widget elementor-widget-text-editor\" data-id=\"1be905d\" data-element_type=\"widget\" data-e-type=\"widget\" data-widget_type=\"text-editor.default\">\n\t\t\t\t\t\t\t\t\t<p>Il existe des lieux qui semblent faits sur mesure pour \u00eatre partag\u00e9s \u00e0 deux, et la Vall d&rsquo;Aran en fait partie. Entre montagnes, villages de pierre et paysages qui changent \u00e0 chaque saison, la Vall d&rsquo;Aran offre le cadre id\u00e9al pour une escapade romantique inoubliable. <\/p><p>Dans cet article, nous vous proposons des id\u00e9es au-del\u00e0 du simple fait d\u2019aller skier, avec des exp\u00e9riences uniques pour se d\u00e9connecter, surprendre son partenaire et profiter du temps pass\u00e9 ensemble.<\/p>\t\t\t\t\t\t\t\t<\/div>\n\t\t\t\t\t<\/div>\n\t\t\t\t<\/div>\n\t\t<div class=\"elementor-element elementor-element-7594252 e-flex e-con-boxed e-con e-parent\" data-id=\"7594252\" data-element_type=\"container\" data-e-type=\"container\">\n\t\t\t\t\t<div class=\"e-con-inner\">\n\t\t\t\t<div class=\"elementor-element elementor-element-910f5aa elementor-widget elementor-widget-heading\" data-id=\"910f5aa\" data-element_type=\"widget\" data-e-type=\"widget\" data-widget_type=\"heading.default\">\n\t\t\t\t\t<h2 class=\"elementor-heading-title elementor-size-default\">Exp\u00e9riences dans la neige<\/h2>\t\t\t\t<\/div>\n\t\t\t\t<div class=\"elementor-element elementor-element-6880f20 elementor-widget elementor-widget-text-editor\" data-id=\"6880f20\" data-element_type=\"widget\" data-e-type=\"widget\" data-widget_type=\"text-editor.default\">\n\t\t\t\t\t\t\t\t\t<p><strong>Motoneiges et tra\u00eeneaux \u00e0 chiens \u00e0 Baqueira-Beret<\/strong><\/p><p>\u00c0 la <a href=\"https:\/\/reservas.baqueira.es\/es\/actividades-invierno.html\">station de Baqueira-Beret<\/a>, vous pouvez vivre une exp\u00e9rience diff\u00e9rente avec une excursion en motoneige ou une<strong> promenade romantique en tra\u00eeneau<\/strong> \u00e0 chiens, \u00e0 travers des paysages enneig\u00e9s en pleine nature. C\u2019est la seule fa\u00e7on d\u2019atteindre le refuge de Montgarri, car en hiver l\u2019acc\u00e8s en voiture n\u2019est pas autoris\u00e9 en raison de la neige. <\/p><p>Si vous aimez les hauteurs, les sensations fortes et les vues spectaculaires, vous pouvez r\u00e9server un <a href=\"https:\/\/www.aranexperience.com\/es\/vuelos-panoramicos-valle-de-aran-baqueira.html\"><strong>vol en h\u00e9licopt\u00e8re<\/strong><\/a> : une exp\u00e9rience unique pour vous connecter \u00e0 la beaut\u00e9 naturelle de la vall\u00e9e depuis les airs.<\/p>\t\t\t\t\t\t\t\t<\/div>\n\t\t\t\t\t<\/div>\n\t\t\t\t<\/div>\n\t\t<div class=\"elementor-element elementor-element-9982dcb e-flex e-con-boxed e-con e-parent\" data-id=\"9982dcb\" data-element_type=\"container\" data-e-type=\"container\">\n\t\t\t\t\t<div class=\"e-con-inner\">\n\t\t\t\t<div class=\"elementor-element elementor-element-0a36919 elementor-widget elementor-widget-heading\" data-id=\"0a36919\" data-element_type=\"widget\" data-e-type=\"widget\" data-widget_type=\"heading.default\">\n\t\t\t\t\t<h2 class=\"elementor-heading-title elementor-size-default\">D\u00e9tente \u00e0 Baqueira<\/h2>\t\t\t\t<\/div>\n\t\t\t\t<div class=\"elementor-element elementor-element-656015f elementor-widget elementor-widget-text-editor\" data-id=\"656015f\" data-element_type=\"widget\" data-e-type=\"widget\" data-widget_type=\"text-editor.default\">\n\t\t\t\t\t\t\t\t\t<p>Si vous avez besoin de repos et de bien-\u00eatre, le <strong>spa de l\u2019Hotel Tuc Blanc<\/strong> est l\u2019option id\u00e9ale. Ce <a href=\"https:\/\/www.hoteltucblancbaqueira.com\/fr\/spa-baqueira\/\"><strong>spa \u00e0 Baqueira<\/strong><\/a>, situ\u00e9 au pied des pistes \u00e0 la cote 1 500, vous offre : Piscine chauff\u00e9e, Jacuzzi panoramique, Sauna, Hammam et espace de massages et de soins. <\/p><p>Le tout avec une vue imprenable sur les montagnes enneig\u00e9es de Baqueira.<\/p>\t\t\t\t\t\t\t\t<\/div>\n\t\t\t\t\t<\/div>\n\t\t\t\t<\/div>\n\t\t<div class=\"elementor-element elementor-element-0a95636 e-flex e-con-boxed e-con e-parent\" data-id=\"0a95636\" data-element_type=\"container\" data-e-type=\"container\">\n\t\t\t\t\t<div class=\"e-con-inner\">\n\t\t\t\t<div class=\"elementor-element elementor-element-67457dd elementor-widget elementor-widget-heading\" data-id=\"67457dd\" data-element_type=\"widget\" data-e-type=\"widget\" data-widget_type=\"heading.default\">\n\t\t\t\t\t<h2 class=\"elementor-heading-title elementor-size-default\">Villages pleins de charme <\/h2>\t\t\t\t<\/div>\n\t\t\t\t<div class=\"elementor-element elementor-element-ec5f40a elementor-widget elementor-widget-text-editor\" data-id=\"ec5f40a\" data-element_type=\"widget\" data-e-type=\"widget\" data-widget_type=\"text-editor.default\">\n\t\t\t\t\t\t\t\t\t<p>Promenez-vous dans les rues d\u2019Arties, de Bagergue et dans le centre historique de Vielha. Vous y trouverez des coins pleins de charme, parfaits pour profiter du paysage, prendre un verre au coin du feu ou d\u00eener dans un restaurant chaleureux. <\/p><p>Profitez de la gastronomie en couple en d\u00eenant dans un restaurant \u00e0 la lumi\u00e8re des bougies ou dans une ambiance chaleureuse. La gastronomie aranaise combine tradition et produits locaux avec des plats id\u00e9aux \u00e0 partager \u00e0 deux. Dans cet article, nous vous indiquons <strong><a href=\"https:\/\/www.hoteltucblancbaqueira.com\/fr\/meilleurs-restaurants-a-baqueira-2025\/\">nos restaurants pr\u00e9f\u00e9r\u00e9s de la Vall d&rsquo;Aran.<\/a><\/strong>  <\/p>\t\t\t\t\t\t\t\t<\/div>\n\t\t\t\t\t<\/div>\n\t\t\t\t<\/div>\n\t\t<div class=\"elementor-element elementor-element-41b821e e-flex e-con-boxed e-con e-parent\" data-id=\"41b821e\" data-element_type=\"container\" data-e-type=\"container\">\n\t\t\t\t\t<div class=\"e-con-inner\">\n\t\t\t\t<div class=\"elementor-element elementor-element-f816468 elementor-widget elementor-widget-text-editor\" data-id=\"f816468\" data-element_type=\"widget\" data-e-type=\"widget\" data-widget_type=\"text-editor.default\">\n\t\t\t\t\t\t\t\t\t<p>Que ce soit pour un anniversaire, une surprise sp\u00e9ciale ou simplement pour \u00e9chapper \u00e0 la routine, la Vall d&rsquo;Aran est la destination parfaite pour un s\u00e9jour en couple. D\u00e9tente, gastronomie et nature \u00e0 l\u2019\u00e9tat pur se combinent pour cr\u00e9er une exp\u00e9rience m\u00e9morable. <\/p><p>Dans notre <a href=\"https:\/\/hoteltucblancbaqueira.com\/fr\/\"><strong>h\u00f4tel \u00e0 Baqueira<\/strong><\/a>, nous serons ravis de vous accueillir et de vous aider \u00e0 vivre une escapade romantique sur mesure.<\/p><h4><strong>Venez-vous profiter de Baqueira en couple ?<\/strong><\/h4>\t\t\t\t\t\t\t\t<\/div>\n\t\t\t\t\t<\/div>\n\t\t\t\t<\/div>\n\t\t\t\t<\/div>\n\t\t","protected":false},"excerpt":{"rendered":"<p>Il existe des lieux qui semblent faits sur mesure pour \u00eatre partag\u00e9s \u00e0 deux, et la Vall d&rsquo;Aran en fait partie. Entre montagnes, villages de pierre et paysages qui changent \u00e0 chaque saison, la Vall d&rsquo;Aran offre le cadre id\u00e9al pour une escapade romantique inoubliable. Dans cet article, nous vous proposons des id\u00e9es au-del\u00e0 du &#8230;<\/p>\n","protected":false},"author":3,"featured_media":7312,"comment_status":"closed","ping_status":"closed","sticky":false,"template":"","format":"standard","meta":{"loftocean_post_format_gallery":"","loftocean_post_format_gallery_ids":"","loftocean_post_format_gallery_urls":"","loftocean_post_format_video_id":0,"loftocean_post_format_video_url":"","loftocean_post_format_video_type":"","loftocean_post_format_video":"","loftocean_post_format_audio_type":"","loftocean_post_format_audio_url":"","loftocean_post_format_audio_id":0,"loftocean_post_format_audio":"","loftocean-like-count":0,"cozystay_single_post_hide_site_header":"","cozystay_single_post_site_header_source":"","cozystay_single_post_custom_site_header":"0","cozystay_single_post_custom_sticky_site_header":"0","cozystay_single_post_hide_page_title":"","cozystay_single_post_site_footer_hide_main":"","cozystay_single_custom_site_footer_main_source":"","cozystay_single_custom_site_footer_main":"0","cozystay_single_post_site_footer_hide_above":"","cozystay_single_custom_site_footer_above_source":"","cozystay_single_custom_site_footer_above":"0","cozystay_single_post_site_footer_hide_instagram":"","cozystay_single_post_site_footer_hide_bottom":"","cozystay_single_custom_mobile_menu_source":"","cozystay_single_custom_mobile_menu":"0","cozystay_single_custom_mobile_menu_animation":"","cozystay_single_custom_mobile_menu_width":"","cozystay_single_custom_mobile_menu_custom_width":375,"cozystay_single_post_template":"","footnotes":""},"categories":[116],"tags":[174,89,98,49,244],"class_list":["post-7317","post","type-post","status-publish","format-standard","has-post-thumbnail","hentry","category-non-categorise","tag-activites-baqueira","tag-apres-ski-baqueira","tag-jacuzzi-vielha","tag-spa-baqueira","tag-spa-du-val-daran"],"yoast_head":"<!-- This site is optimized with the Yoast SEO plugin v27.4 - https:\/\/yoast.com\/product\/yoast-seo-wordpress\/ -->\n<title>Week-end en couple dans la Vall d&#039;Aran | Hotel Tuc Blanc Baqueira<\/title>\n<meta name=\"description\" content=\"Offrez-vous une escapade romantique dans la vall\u00e9e d&#039;Aran : s\u00e9jours pour couples, spa \u00e0 Baqueira, gastronomie locale et exp\u00e9riences uniques dans la neige.\" \/>\n<meta name=\"robots\" content=\"index, follow, max-snippet:-1, max-image-preview:large, max-video-preview:-1\" \/>\n<link rel=\"canonical\" href=\"https:\/\/www.hoteltucblancbaqueira.com\/fr\/week-end-en-couple-dans-la-vall-daran\/\" \/>\n<meta property=\"og:locale\" content=\"fr_FR\" \/>\n<meta property=\"og:type\" content=\"article\" \/>\n<meta property=\"og:title\" content=\"Week-end en couple dans la Vall d&#039;Aran | Hotel Tuc Blanc Baqueira\" \/>\n<meta property=\"og:description\" content=\"Offrez-vous une escapade romantique dans la vall\u00e9e d&#039;Aran : s\u00e9jours pour couples, spa \u00e0 Baqueira, gastronomie locale et exp\u00e9riences uniques dans la neige.\" \/>\n<meta property=\"og:url\" content=\"https:\/\/www.hoteltucblancbaqueira.com\/fr\/week-end-en-couple-dans-la-vall-daran\/\" \/>\n<meta property=\"og:site_name\" content=\"Hotel Tuc Blanc Baqueira\" \/>\n<meta property=\"article:published_time\" content=\"2026-02-25T10:25:41+00:00\" \/>\n<meta property=\"article:modified_time\" content=\"2026-03-10T10:26:27+00:00\" \/>\n<meta property=\"og:image\" content=\"https:\/\/www.hoteltucblancbaqueira.com\/wp-content\/uploads\/2026\/02\/Finde-en-pareja-scaled.webp\" \/>\n\t<meta property=\"og:image:width\" content=\"2560\" \/>\n\t<meta property=\"og:image:height\" content=\"1280\" \/>\n\t<meta property=\"og:image:type\" content=\"image\/webp\" \/>\n<meta name=\"author\" content=\"alojapro_mkt\" \/>\n<meta name=\"twitter:card\" content=\"summary_large_image\" \/>\n<meta name=\"twitter:label1\" content=\"\u00c9crit par\" \/>\n\t<meta name=\"twitter:data1\" content=\"alojapro_mkt\" \/>\n\t<meta name=\"twitter:label2\" content=\"Dur\u00e9e de lecture estim\u00e9e\" \/>\n\t<meta name=\"twitter:data2\" content=\"2 minutes\" \/>\n<script type=\"application\/ld+json\" class=\"yoast-schema-graph\">{\"@context\":\"https:\\\/\\\/schema.org\",\"@graph\":[{\"@type\":\"Article\",\"@id\":\"https:\\\/\\\/www.hoteltucblancbaqueira.com\\\/fr\\\/week-end-en-couple-dans-la-vall-daran\\\/#article\",\"isPartOf\":{\"@id\":\"https:\\\/\\\/www.hoteltucblancbaqueira.com\\\/fr\\\/week-end-en-couple-dans-la-vall-daran\\\/\"},\"author\":{\"name\":\"alojapro_mkt\",\"@id\":\"https:\\\/\\\/www.hoteltucblancbaqueira.com\\\/fr\\\/#\\\/schema\\\/person\\\/18a0f8b4813ee9544e861e9777b27696\"},\"headline\":\"Week-end en couple dans la Vall d&rsquo;Aran\",\"datePublished\":\"2026-02-25T10:25:41+00:00\",\"dateModified\":\"2026-03-10T10:26:27+00:00\",\"mainEntityOfPage\":{\"@id\":\"https:\\\/\\\/www.hoteltucblancbaqueira.com\\\/fr\\\/week-end-en-couple-dans-la-vall-daran\\\/\"},\"wordCount\":440,\"publisher\":{\"@id\":\"https:\\\/\\\/www.hoteltucblancbaqueira.com\\\/fr\\\/#organization\"},\"image\":{\"@id\":\"https:\\\/\\\/www.hoteltucblancbaqueira.com\\\/fr\\\/week-end-en-couple-dans-la-vall-daran\\\/#primaryimage\"},\"thumbnailUrl\":\"https:\\\/\\\/www.hoteltucblancbaqueira.com\\\/wp-content\\\/uploads\\\/2026\\\/02\\\/Finde-en-pareja-scaled.webp\",\"keywords\":[\"activit\u00e9s baqueira\",\"apres ski baqueira\",\"jacuzzi vielha\",\"spa baqueira\",\"Spa du Val d'Aran\"],\"articleSection\":[\"Non cat\u00e9goris\u00e9\"],\"inLanguage\":\"fr-FR\"},{\"@type\":\"WebPage\",\"@id\":\"https:\\\/\\\/www.hoteltucblancbaqueira.com\\\/fr\\\/week-end-en-couple-dans-la-vall-daran\\\/\",\"url\":\"https:\\\/\\\/www.hoteltucblancbaqueira.com\\\/fr\\\/week-end-en-couple-dans-la-vall-daran\\\/\",\"name\":\"Week-end en couple dans la Vall d'Aran | Hotel Tuc Blanc Baqueira\",\"isPartOf\":{\"@id\":\"https:\\\/\\\/www.hoteltucblancbaqueira.com\\\/fr\\\/#website\"},\"primaryImageOfPage\":{\"@id\":\"https:\\\/\\\/www.hoteltucblancbaqueira.com\\\/fr\\\/week-end-en-couple-dans-la-vall-daran\\\/#primaryimage\"},\"image\":{\"@id\":\"https:\\\/\\\/www.hoteltucblancbaqueira.com\\\/fr\\\/week-end-en-couple-dans-la-vall-daran\\\/#primaryimage\"},\"thumbnailUrl\":\"https:\\\/\\\/www.hoteltucblancbaqueira.com\\\/wp-content\\\/uploads\\\/2026\\\/02\\\/Finde-en-pareja-scaled.webp\",\"datePublished\":\"2026-02-25T10:25:41+00:00\",\"dateModified\":\"2026-03-10T10:26:27+00:00\",\"description\":\"Offrez-vous une escapade romantique dans la vall\u00e9e d'Aran : s\u00e9jours pour couples, spa \u00e0 Baqueira, gastronomie locale et exp\u00e9riences uniques dans la neige.\",\"breadcrumb\":{\"@id\":\"https:\\\/\\\/www.hoteltucblancbaqueira.com\\\/fr\\\/week-end-en-couple-dans-la-vall-daran\\\/#breadcrumb\"},\"inLanguage\":\"fr-FR\",\"potentialAction\":[{\"@type\":\"ReadAction\",\"target\":[\"https:\\\/\\\/www.hoteltucblancbaqueira.com\\\/fr\\\/week-end-en-couple-dans-la-vall-daran\\\/\"]}]},{\"@type\":\"ImageObject\",\"inLanguage\":\"fr-FR\",\"@id\":\"https:\\\/\\\/www.hoteltucblancbaqueira.com\\\/fr\\\/week-end-en-couple-dans-la-vall-daran\\\/#primaryimage\",\"url\":\"https:\\\/\\\/www.hoteltucblancbaqueira.com\\\/wp-content\\\/uploads\\\/2026\\\/02\\\/Finde-en-pareja-scaled.webp\",\"contentUrl\":\"https:\\\/\\\/www.hoteltucblancbaqueira.com\\\/wp-content\\\/uploads\\\/2026\\\/02\\\/Finde-en-pareja-scaled.webp\",\"width\":2560,\"height\":1280,\"caption\":\"Cap de setmana en parella Baqueira\"},{\"@type\":\"BreadcrumbList\",\"@id\":\"https:\\\/\\\/www.hoteltucblancbaqueira.com\\\/fr\\\/week-end-en-couple-dans-la-vall-daran\\\/#breadcrumb\",\"itemListElement\":[{\"@type\":\"ListItem\",\"position\":1,\"name\":\"Portada\",\"item\":\"https:\\\/\\\/www.hoteltucblancbaqueira.com\\\/fr\\\/home\\\/\"},{\"@type\":\"ListItem\",\"position\":2,\"name\":\"Week-end en couple dans la Vall d&#8217;Aran\"}]},{\"@type\":\"WebSite\",\"@id\":\"https:\\\/\\\/www.hoteltucblancbaqueira.com\\\/fr\\\/#website\",\"url\":\"https:\\\/\\\/www.hoteltucblancbaqueira.com\\\/fr\\\/\",\"name\":\"Hotel Tuc Blanc Baqueira\",\"description\":\"Hotel en Baqueira a pie de pistas\",\"publisher\":{\"@id\":\"https:\\\/\\\/www.hoteltucblancbaqueira.com\\\/fr\\\/#organization\"},\"potentialAction\":[{\"@type\":\"SearchAction\",\"target\":{\"@type\":\"EntryPoint\",\"urlTemplate\":\"https:\\\/\\\/www.hoteltucblancbaqueira.com\\\/fr\\\/?s={search_term_string}\"},\"query-input\":{\"@type\":\"PropertyValueSpecification\",\"valueRequired\":true,\"valueName\":\"search_term_string\"}}],\"inLanguage\":\"fr-FR\"},{\"@type\":\"Organization\",\"@id\":\"https:\\\/\\\/www.hoteltucblancbaqueira.com\\\/fr\\\/#organization\",\"name\":\"Hotel Tuc Blanc Baqueira\",\"url\":\"https:\\\/\\\/www.hoteltucblancbaqueira.com\\\/fr\\\/\",\"logo\":{\"@type\":\"ImageObject\",\"inLanguage\":\"fr-FR\",\"@id\":\"https:\\\/\\\/www.hoteltucblancbaqueira.com\\\/fr\\\/#\\\/schema\\\/logo\\\/image\\\/\",\"url\":\"https:\\\/\\\/www.hoteltucblancbaqueira.com\\\/wp-content\\\/uploads\\\/2025\\\/05\\\/logo_header.svg\",\"contentUrl\":\"https:\\\/\\\/www.hoteltucblancbaqueira.com\\\/wp-content\\\/uploads\\\/2025\\\/05\\\/logo_header.svg\",\"width\":398,\"height\":101,\"caption\":\"Hotel Tuc Blanc Baqueira\"},\"image\":{\"@id\":\"https:\\\/\\\/www.hoteltucblancbaqueira.com\\\/fr\\\/#\\\/schema\\\/logo\\\/image\\\/\"}},{\"@type\":\"Person\",\"@id\":\"https:\\\/\\\/www.hoteltucblancbaqueira.com\\\/fr\\\/#\\\/schema\\\/person\\\/18a0f8b4813ee9544e861e9777b27696\",\"name\":\"alojapro_mkt\"}]}<\/script>\n<!-- \/ Yoast SEO plugin. -->","yoast_head_json":{"title":"Week-end en couple dans la Vall d'Aran | Hotel Tuc Blanc Baqueira","description":"Offrez-vous une escapade romantique dans la vall\u00e9e d'Aran : s\u00e9jours pour couples, spa \u00e0 Baqueira, gastronomie locale et exp\u00e9riences uniques dans la neige.","robots":{"index":"index","follow":"follow","max-snippet":"max-snippet:-1","max-image-preview":"max-image-preview:large","max-video-preview":"max-video-preview:-1"},"canonical":"https:\/\/www.hoteltucblancbaqueira.com\/fr\/week-end-en-couple-dans-la-vall-daran\/","og_locale":"fr_FR","og_type":"article","og_title":"Week-end en couple dans la Vall d'Aran | Hotel Tuc Blanc Baqueira","og_description":"Offrez-vous une escapade romantique dans la vall\u00e9e d'Aran : s\u00e9jours pour couples, spa \u00e0 Baqueira, gastronomie locale et exp\u00e9riences uniques dans la neige.","og_url":"https:\/\/www.hoteltucblancbaqueira.com\/fr\/week-end-en-couple-dans-la-vall-daran\/","og_site_name":"Hotel Tuc Blanc Baqueira","article_published_time":"2026-02-25T10:25:41+00:00","article_modified_time":"2026-03-10T10:26:27+00:00","og_image":[{"width":2560,"height":1280,"url":"https:\/\/www.hoteltucblancbaqueira.com\/wp-content\/uploads\/2026\/02\/Finde-en-pareja-scaled.webp","type":"image\/webp"}],"author":"alojapro_mkt","twitter_card":"summary_large_image","twitter_misc":{"\u00c9crit par":"alojapro_mkt","Dur\u00e9e de lecture estim\u00e9e":"2 minutes"},"schema":{"@context":"https:\/\/schema.org","@graph":[{"@type":"Article","@id":"https:\/\/www.hoteltucblancbaqueira.com\/fr\/week-end-en-couple-dans-la-vall-daran\/#article","isPartOf":{"@id":"https:\/\/www.hoteltucblancbaqueira.com\/fr\/week-end-en-couple-dans-la-vall-daran\/"},"author":{"name":"alojapro_mkt","@id":"https:\/\/www.hoteltucblancbaqueira.com\/fr\/#\/schema\/person\/18a0f8b4813ee9544e861e9777b27696"},"headline":"Week-end en couple dans la Vall d&rsquo;Aran","datePublished":"2026-02-25T10:25:41+00:00","dateModified":"2026-03-10T10:26:27+00:00","mainEntityOfPage":{"@id":"https:\/\/www.hoteltucblancbaqueira.com\/fr\/week-end-en-couple-dans-la-vall-daran\/"},"wordCount":440,"publisher":{"@id":"https:\/\/www.hoteltucblancbaqueira.com\/fr\/#organization"},"image":{"@id":"https:\/\/www.hoteltucblancbaqueira.com\/fr\/week-end-en-couple-dans-la-vall-daran\/#primaryimage"},"thumbnailUrl":"https:\/\/www.hoteltucblancbaqueira.com\/wp-content\/uploads\/2026\/02\/Finde-en-pareja-scaled.webp","keywords":["activit\u00e9s baqueira","apres ski baqueira","jacuzzi vielha","spa baqueira","Spa du Val d'Aran"],"articleSection":["Non cat\u00e9goris\u00e9"],"inLanguage":"fr-FR"},{"@type":"WebPage","@id":"https:\/\/www.hoteltucblancbaqueira.com\/fr\/week-end-en-couple-dans-la-vall-daran\/","url":"https:\/\/www.hoteltucblancbaqueira.com\/fr\/week-end-en-couple-dans-la-vall-daran\/","name":"Week-end en couple dans la Vall d'Aran | Hotel Tuc Blanc Baqueira","isPartOf":{"@id":"https:\/\/www.hoteltucblancbaqueira.com\/fr\/#website"},"primaryImageOfPage":{"@id":"https:\/\/www.hoteltucblancbaqueira.com\/fr\/week-end-en-couple-dans-la-vall-daran\/#primaryimage"},"image":{"@id":"https:\/\/www.hoteltucblancbaqueira.com\/fr\/week-end-en-couple-dans-la-vall-daran\/#primaryimage"},"thumbnailUrl":"https:\/\/www.hoteltucblancbaqueira.com\/wp-content\/uploads\/2026\/02\/Finde-en-pareja-scaled.webp","datePublished":"2026-02-25T10:25:41+00:00","dateModified":"2026-03-10T10:26:27+00:00","description":"Offrez-vous une escapade romantique dans la vall\u00e9e d'Aran : s\u00e9jours pour couples, spa \u00e0 Baqueira, gastronomie locale et exp\u00e9riences uniques dans la neige.","breadcrumb":{"@id":"https:\/\/www.hoteltucblancbaqueira.com\/fr\/week-end-en-couple-dans-la-vall-daran\/#breadcrumb"},"inLanguage":"fr-FR","potentialAction":[{"@type":"ReadAction","target":["https:\/\/www.hoteltucblancbaqueira.com\/fr\/week-end-en-couple-dans-la-vall-daran\/"]}]},{"@type":"ImageObject","inLanguage":"fr-FR","@id":"https:\/\/www.hoteltucblancbaqueira.com\/fr\/week-end-en-couple-dans-la-vall-daran\/#primaryimage","url":"https:\/\/www.hoteltucblancbaqueira.com\/wp-content\/uploads\/2026\/02\/Finde-en-pareja-scaled.webp","contentUrl":"https:\/\/www.hoteltucblancbaqueira.com\/wp-content\/uploads\/2026\/02\/Finde-en-pareja-scaled.webp","width":2560,"height":1280,"caption":"Cap de setmana en parella Baqueira"},{"@type":"BreadcrumbList","@id":"https:\/\/www.hoteltucblancbaqueira.com\/fr\/week-end-en-couple-dans-la-vall-daran\/#breadcrumb","itemListElement":[{"@type":"ListItem","position":1,"name":"Portada","item":"https:\/\/www.hoteltucblancbaqueira.com\/fr\/home\/"},{"@type":"ListItem","position":2,"name":"Week-end en couple dans la Vall d&#8217;Aran"}]},{"@type":"WebSite","@id":"https:\/\/www.hoteltucblancbaqueira.com\/fr\/#website","url":"https:\/\/www.hoteltucblancbaqueira.com\/fr\/","name":"Hotel Tuc Blanc Baqueira","description":"Hotel en Baqueira a pie de pistas","publisher":{"@id":"https:\/\/www.hoteltucblancbaqueira.com\/fr\/#organization"},"potentialAction":[{"@type":"SearchAction","target":{"@type":"EntryPoint","urlTemplate":"https:\/\/www.hoteltucblancbaqueira.com\/fr\/?s={search_term_string}"},"query-input":{"@type":"PropertyValueSpecification","valueRequired":true,"valueName":"search_term_string"}}],"inLanguage":"fr-FR"},{"@type":"Organization","@id":"https:\/\/www.hoteltucblancbaqueira.com\/fr\/#organization","name":"Hotel Tuc Blanc Baqueira","url":"https:\/\/www.hoteltucblancbaqueira.com\/fr\/","logo":{"@type":"ImageObject","inLanguage":"fr-FR","@id":"https:\/\/www.hoteltucblancbaqueira.com\/fr\/#\/schema\/logo\/image\/","url":"https:\/\/www.hoteltucblancbaqueira.com\/wp-content\/uploads\/2025\/05\/logo_header.svg","contentUrl":"https:\/\/www.hoteltucblancbaqueira.com\/wp-content\/uploads\/2025\/05\/logo_header.svg","width":398,"height":101,"caption":"Hotel Tuc Blanc Baqueira"},"image":{"@id":"https:\/\/www.hoteltucblancbaqueira.com\/fr\/#\/schema\/logo\/image\/"}},{"@type":"Person","@id":"https:\/\/www.hoteltucblancbaqueira.com\/fr\/#\/schema\/person\/18a0f8b4813ee9544e861e9777b27696","name":"alojapro_mkt"}]}},"loftoceanMetas":{"authorName":"alojapro_mkt","categories":[{"name":"Non cat\u00e9goris\u00e9","link":"https:\/\/www.hoteltucblancbaqueira.com\/fr\/category\/non-categorise\/","count":12}],"date":"25 de f\u00e9vrier de 2026","featuredImageSRC":"https:\/\/www.hoteltucblancbaqueira.com\/wp-content\/uploads\/2026\/02\/Finde-en-pareja-150x150.webp"},"_links":{"self":[{"href":"https:\/\/www.hoteltucblancbaqueira.com\/fr\/wp-json\/wp\/v2\/posts\/7317","targetHints":{"allow":["GET"]}}],"collection":[{"href":"https:\/\/www.hoteltucblancbaqueira.com\/fr\/wp-json\/wp\/v2\/posts"}],"about":[{"href":"https:\/\/www.hoteltucblancbaqueira.com\/fr\/wp-json\/wp\/v2\/types\/post"}],"author":[{"embeddable":true,"href":"https:\/\/www.hoteltucblancbaqueira.com\/fr\/wp-json\/wp\/v2\/users\/3"}],"replies":[{"embeddable":true,"href":"https:\/\/www.hoteltucblancbaqueira.com\/fr\/wp-json\/wp\/v2\/comments?post=7317"}],"version-history":[{"count":1,"href":"https:\/\/www.hoteltucblancbaqueira.com\/fr\/wp-json\/wp\/v2\/posts\/7317\/revisions"}],"predecessor-version":[{"id":7318,"href":"https:\/\/www.hoteltucblancbaqueira.com\/fr\/wp-json\/wp\/v2\/posts\/7317\/revisions\/7318"}],"wp:featuredmedia":[{"embeddable":true,"href":"https:\/\/www.hoteltucblancbaqueira.com\/fr\/wp-json\/wp\/v2\/media\/7312"}],"wp:attachment":[{"href":"https:\/\/www.hoteltucblancbaqueira.com\/fr\/wp-json\/wp\/v2\/media?parent=7317"}],"wp:term":[{"taxonomy":"category","embeddable":true,"href":"https:\/\/www.hoteltucblancbaqueira.com\/fr\/wp-json\/wp\/v2\/categories?post=7317"},{"taxonomy":"post_tag","embeddable":true,"href":"https:\/\/www.hoteltucblancbaqueira.com\/fr\/wp-json\/wp\/v2\/tags?post=7317"}],"curies":[{"name":"wp","href":"https:\/\/api.w.org\/{rel}","templated":true}]}}